{"id":351248,"date":"2025-08-29T03:17:15","date_gmt":"2025-08-29T03:17:15","guid":{"rendered":"https:\/\/www.europesays.com\/fr\/351248\/"},"modified":"2025-08-29T03:17:15","modified_gmt":"2025-08-29T03:17:15","slug":"huit-lecons-de-la-guerre-de-coree-pour-lukraine","status":"publish","type":"post","link":"https:\/\/www.europesays.com\/fr\/351248\/","title":{"rendered":"Huit le\u00e7ons de la guerre de Cor\u00e9e pour l\u2019Ukraine"},"content":{"rendered":"<p>Un \u00c9tat autoritaire envahit par surprise son voisin, dont il ne reconna\u00eet pas l&rsquo;existence comme pays souverain, et qui n&rsquo;est pas prot\u00e9g\u00e9 par une alliance militaire ou une garantie de s\u00e9curit\u00e9. Une guerre longue s&rsquo;ensuit. Les Occidentaux soutiennent l&rsquo;\u00c9tat agress\u00e9. L&#8217;emploi d&rsquo;armes nucl\u00e9aires est envisag\u00e9. Ce n&rsquo;est qu&rsquo;au bout de trois ans qu&rsquo;un armistice est sign\u00e9.<\/p>\n<p>Bienvenue sur la p\u00e9ninsule cor\u00e9enne, o\u00f9 une guerre (1950-1953) particuli\u00e8rement meurtri\u00e8re mais souvent oubli\u00e9e en Europe, fut le v\u00e9ritable acte fondateur de <a class=\"Link\" href=\"https:\/\/www.lepoint.fr\/societe\/guerre-froide-les-images-dont-kennedy-ne-voulait-pas-26-05-2018-2221544_23.php\" title=\"\" data-gtm=\"click:capsule\" data-capsule=\"Lien\" target=\"_blank\" rel=\"noopener\">la guerre froide<\/a>. Quelles le\u00e7ons peut-on en tirer pour le conflit ukrainien\u00a0?<\/p>\n<p>Une proie tentante, et une guerre longue<\/p>\n<p>La premi\u00e8re le\u00e7on de la guerre de Cor\u00e9e est simple\u00a0: face \u00e0 un pouvoir irr\u00e9dentiste, un \u00c9tat voisin ne disposant pas d&rsquo;une garantie de s\u00e9curit\u00e9 solide est u&#8230;<\/p>\n<p>Toute l\u2019actualit\u00e9 \u00e0 1\u20ac le premier mois<\/p>\n<p><a href=\"https:\/\/abo.lepoint.fr\/?provenance=21EDI020098\" class=\"btn\" title=\"S&#039;abonner\" data-gtm=\"click:abo|display:abo\" data-campaign=\"paywall_maison\" target=\"_blank\" rel=\"noopener\">S&rsquo;abonner<\/a><\/p>\n<p>ou<\/p>\n","protected":false},"excerpt":{"rendered":"Un \u00c9tat autoritaire envahit par surprise son voisin, dont il ne reconna\u00eet pas l&rsquo;existence comme pays souverain, et&hellip;\n","protected":false},"author":2,"featured_media":351249,"comment_status":"","ping_status":"","sticky":false,"template":"","format":"standard","meta":{"footnotes":""},"categories":[1590],"tags":[11,13987,1777,674,12,220],"class_list":{"0":"post-351248","1":"post","2":"type-post","3":"status-publish","4":"format-standard","5":"has-post-thumbnail","7":"category-ukraine","8":"tag-actualites","9":"tag-coree-du-nord","10":"tag-eu","11":"tag-europe","12":"tag-news","13":"tag-ukraine"},"share_on_mastodon":{"url":"https:\/\/pubeurope.com\/@fr\/115109890875924273","error":""},"_links":{"self":[{"href":"https:\/\/www.europesays.com\/fr\/wp-json\/wp\/v2\/posts\/351248","targetHints":{"allow":["GET"]}}],"collection":[{"href":"https:\/\/www.europesays.com\/fr\/wp-json\/wp\/v2\/posts"}],"about":[{"href":"https:\/\/www.europesays.com\/fr\/wp-json\/wp\/v2\/types\/post"}],"author":[{"embeddable":true,"href":"https:\/\/www.europesays.com\/fr\/wp-json\/wp\/v2\/users\/2"}],"replies":[{"embeddable":true,"href":"https:\/\/www.europesays.com\/fr\/wp-json\/wp\/v2\/comments?post=351248"}],"version-history":[{"count":0,"href":"https:\/\/www.europesays.com\/fr\/wp-json\/wp\/v2\/posts\/351248\/revisions"}],"wp:featuredmedia":[{"embeddable":true,"href":"https:\/\/www.europesays.com\/fr\/wp-json\/wp\/v2\/media\/351249"}],"wp:attachment":[{"href":"https:\/\/www.europesays.com\/fr\/wp-json\/wp\/v2\/media?parent=351248"}],"wp:term":[{"taxonomy":"category","embeddable":true,"href":"https:\/\/www.europesays.com\/fr\/wp-json\/wp\/v2\/categories?post=351248"},{"taxonomy":"post_tag","embeddable":true,"href":"https:\/\/www.europesays.com\/fr\/wp-json\/wp\/v2\/tags?post=351248"}],"curies":[{"name":"wp","href":"https:\/\/api.w.org\/{rel}","templated":true}]}}