{"id":35125,"date":"2025-04-18T23:32:21","date_gmt":"2025-04-18T23:32:21","guid":{"rendered":"https:\/\/www.europesays.com\/fr\/35125\/"},"modified":"2025-04-18T23:32:21","modified_gmt":"2025-04-18T23:32:21","slug":"la-securite-sociale-de-lalimentation-sera-testee-cet-ete","status":"publish","type":"post","link":"https:\/\/www.europesays.com\/fr\/35125\/","title":{"rendered":"la S\u00e9curit\u00e9 sociale de l\u2019alimentation sera test\u00e9e cet \u00e9t\u00e9"},"content":{"rendered":"<p>\u00ab\u00a0Voici \u00e0 quoi pourrait ressembler une carte d\u2019assurance alimentation\u00a0\u00bb, sourit Morgane Dreanno, en distribuant de petits cartons verts et jaunes. Mercredi 2\u00a0avril, l\u2019antenne strasbourgeoise du collectif pour <a href=\"https:\/\/www.dna.fr\/politique\/2025\/02\/18\/150-euros-par-mois-le-depute-ecologiste-boris-tavernier-defend-une-secu-de-l-alimentation\" target=\"_blank\" rel=\"noopener\">une S\u00e9curit\u00e9 sociale de l\u2019alimentation<\/a> (SSA), a organis\u00e9 une r\u00e9union d\u2019information \u00e0 la Maison des projets de Koenigshoffen. Une vingtaine de personnes ont fait le d\u00e9placement pour d\u00e9couvrir ce nouveau dispositif qui entrera bient\u00f4t en exp\u00e9rimentation sur une partie du territoire strasbourgeois.<\/p>\n<p>Une alimentation choisie et de qualit\u00e9<\/p>\n<p>De juin \u00e0 d\u00e9cembre, une vingtaine d\u2019habitants recevront 100\u00a0euros par mois, avec l\u2019obligation de les d\u00e9penser pour acheter des denr\u00e9es alimentaires. Ils seront r\u00e9unis plusieurs fois dans le cadre d\u2019un parcours&#8230;<\/p>\n","protected":false},"excerpt":{"rendered":"\u00ab\u00a0Voici \u00e0 quoi pourrait ressembler une carte d\u2019assurance alimentation\u00a0\u00bb, sourit Morgane Dreanno, en distribuant de petits cartons verts&hellip;\n","protected":false},"author":2,"featured_media":35126,"comment_status":"","ping_status":"","sticky":false,"template":"","format":"standard","meta":{"footnotes":""},"categories":[2820],"tags":[1111,11,33,2880,1777,674,107,1011,27,775,12,2922,25,801,640,2879],"class_list":{"0":"post-35125","1":"post","2":"type-post","3":"status-publish","4":"format-standard","5":"has-post-thumbnail","7":"category-strasbourg","8":"tag-actu","9":"tag-actualites","10":"tag-economie","11":"tag-edition-strasbourg","12":"tag-eu","13":"tag-europe","14":"tag-fil-info","15":"tag-fr","16":"tag-france","17":"tag-grand-est","18":"tag-news","19":"tag-pouvoir-dachat","20":"tag-republique-francaise","21":"tag-social","22":"tag-strasbourg","23":"tag-strasbourg-ville"},"share_on_mastodon":{"url":"https:\/\/pubeurope.com\/@fr\/114361581141709456","error":""},"_links":{"self":[{"href":"https:\/\/www.europesays.com\/fr\/wp-json\/wp\/v2\/posts\/35125","targetHints":{"allow":["GET"]}}],"collection":[{"href":"https:\/\/www.europesays.com\/fr\/wp-json\/wp\/v2\/posts"}],"about":[{"href":"https:\/\/www.europesays.com\/fr\/wp-json\/wp\/v2\/types\/post"}],"author":[{"embeddable":true,"href":"https:\/\/www.europesays.com\/fr\/wp-json\/wp\/v2\/users\/2"}],"replies":[{"embeddable":true,"href":"https:\/\/www.europesays.com\/fr\/wp-json\/wp\/v2\/comments?post=35125"}],"version-history":[{"count":0,"href":"https:\/\/www.europesays.com\/fr\/wp-json\/wp\/v2\/posts\/35125\/revisions"}],"wp:featuredmedia":[{"embeddable":true,"href":"https:\/\/www.europesays.com\/fr\/wp-json\/wp\/v2\/media\/35126"}],"wp:attachment":[{"href":"https:\/\/www.europesays.com\/fr\/wp-json\/wp\/v2\/media?parent=35125"}],"wp:term":[{"taxonomy":"category","embeddable":true,"href":"https:\/\/www.europesays.com\/fr\/wp-json\/wp\/v2\/categories?post=35125"},{"taxonomy":"post_tag","embeddable":true,"href":"https:\/\/www.europesays.com\/fr\/wp-json\/wp\/v2\/tags?post=35125"}],"curies":[{"name":"wp","href":"https:\/\/api.w.org\/{rel}","templated":true}]}}