{"id":351250,"date":"2025-08-29T03:18:11","date_gmt":"2025-08-29T03:18:11","guid":{"rendered":"https:\/\/www.europesays.com\/fr\/351250\/"},"modified":"2025-08-29T03:18:11","modified_gmt":"2025-08-29T03:18:11","slug":"la-police-aux-frontieres-interpelle-deux-pompiers-en-situation-irreguliere-alors-quils-participaient-a-la-lutte-contre-un-incendie","status":"publish","type":"post","link":"https:\/\/www.europesays.com\/fr\/351250\/","title":{"rendered":"la police aux fronti\u00e8res interpelle deux pompiers en situation irr\u00e9guli\u00e8re alors qu\u2019ils participaient \u00e0 la lutte contre un incendie"},"content":{"rendered":"<p>                          <img loading=\"lazy\" decoding=\"async\" src=\"https:\/\/www.europesays.com\/fr\/wp-content\/uploads\/2025\/08\/992ff54_ftp-import-images-1-0sjqstize1pg-5354279-01-06.jpg\" alt=\"Des agents de l\u2019agence am\u00e9ricaine des douanes et de la protection des fronti\u00e8res (CBP) lors d\u2019un d\u00e9ploiement \u00e0 Los Angeles, en Californie, le 7\u00a0juillet\u00a02025.\"   width=\"664\" height=\"443\"\/>    Des agents de l\u2019agence am\u00e9ricaine des douanes et de la protection des fronti\u00e8res (CBP) lors d\u2019un d\u00e9ploiement \u00e0 Los Angeles, en Californie, le 7\u00a0juillet\u00a02025.  PATRICK T. FALLON \/ AFP                          <\/p>\n<p class=\"article__paragraph  \">La pol\u00e9mique est en train de gonfler aux Etats-Unis apr\u00e8s l\u2019arrestation par la police aux fronti\u00e8res de deux pompiers impliqu\u00e9s dans la lutte contre un vaste incendie dans le nord-ouest du pays.<\/p>\n<p class=\"article__paragraph  \">L\u2019interpellation, confirm\u00e9e jeudi 28\u00a0ao\u00fbt par l\u2019agence charg\u00e9e de la protection des fronti\u00e8res am\u00e9ricaines \u2013 U.S. Customs and Border Protection (CBP) \u2013, a eu lieu mercredi dans l\u2019Etat de Washington. Les policiers ont arr\u00eat\u00e9 \u00ab\u00a0deux personnes\u00a0\u00bb qui \u00ab\u00a0se trouvaient en situation irr\u00e9guli\u00e8re\u00a0\u00bb, lors d\u2019une intervention o\u00f9 ils ont v\u00e9rifi\u00e9 l\u2019identit\u00e9 de 44 pompiers, selon un communiqu\u00e9.<\/p>\n<p class=\"article__paragraph  \">D\u2019apr\u00e8s le <a href=\"https:\/\/www.seattletimes.com\/seattle-news\/climate-lab\/border-patrol-firefighters-arrested-at-bear-gulch-fire-illegally-entered-u-s\/\" target=\"_blank\" rel=\"noopener nofollow\" title=\"Nouvelle fen\u00eatre\">Seattle Times<\/a>, les deux pompiers arr\u00eat\u00e9s appartenaient \u00e0 des soci\u00e9t\u00e9s priv\u00e9es engag\u00e9es par les autorit\u00e9s pour aider \u00e0 combattre le Bear Gulch Fire, un feu de for\u00eat qui br\u00fble depuis d\u00e9but juillet et a ravag\u00e9 plus de 3\u00a0600 hectares sur la p\u00e9ninsule Olympique de l\u2019Etat de Washington.<\/p>\n<p>                                       Lire aussi |  Article r\u00e9serv\u00e9 \u00e0 nos abonn\u00e9s  <a href=\"https:\/\/www.lemonde.fr\/international\/article\/2025\/07\/31\/aux-etats-unis-la-campagne-d-expulsions-massive-de-migrants-tourne-a-plein-regime_6625756_3210.html\" class=\"js-article-read-also catcher--favoris__link\" data-premium=\"1\" id=\"article-title-3432464\" rel=\"nofollow noopener\" target=\"_blank\">Aux Etats-Unis, la campagne d\u2019expulsions massive de migrants tourne \u00e0 plein r\u00e9gime<\/a>    <\/p>\n<p>   Lire plus tard  <\/p>\n<p class=\"article__paragraph  \">Les policiers sont intervenus car les contrats pass\u00e9s entre le gouvernement f\u00e9d\u00e9ral et les deux entreprises concern\u00e9es \u00ab\u00a0ont \u00e9t\u00e9 r\u00e9sili\u00e9s \u00e0 la suite d\u2019une enqu\u00eate criminelle\u00a0\u00bb, a expliqu\u00e9 la CBP, sans plus de pr\u00e9cisions sur les soup\u00e7ons pesant sur ces soci\u00e9t\u00e9s. Les deux pompiers\u00a0arr\u00eat\u00e9s \u00e9taient entr\u00e9s ill\u00e9galement aux \u00c9tats-Unis, selon le communiqu\u00e9. Les 42 autres travailleurs ont \u00e9t\u00e9 escort\u00e9s en dehors de la zone.<\/p>\n<p>                    \u00ab\u00a0Pas de mots pour d\u00e9crire cette cruaut\u00e9\u00a0\u00bb                    <\/p>\n<p class=\"article__paragraph  \">\u00ab\u00a0On a risqu\u00e9 notre vie ici pour sauver la population et voil\u00e0 comment ils nous traitent\u00a0\u00bb, a regrett\u00e9 un pompier aupr\u00e8s du quotidien, sous couvert d\u2019anonymat. L\u2019op\u00e9ration \u00ab\u00a0n\u2019a pas entrav\u00e9 les op\u00e9rations de lutte contre les incendies ni la r\u00e9ponse aux incendies actifs dans la r\u00e9gion\u00a0\u00bb, a assur\u00e9, de son c\u00f4t\u00e9, l\u2019Agence de protection des fronti\u00e8res.<\/p>\n<p class=\"article__paragraph  \">L\u2019intervention a \u00e9t\u00e9 \u00e2prement critiqu\u00e9e par les d\u00e9mocrates de la r\u00e9gion, jeudi, qui y voient une preuve des exc\u00e8s de l\u2019offensive anti-immigration men\u00e9e par Donald Trump depuis son retour \u00e0 la Maison Blanche. Bob Ferguson, le gouverneur de l\u2019Etat de Washington d\u00e9mocrate, s\u2019est dit \u00ab\u00a0profond\u00e9ment pr\u00e9occup\u00e9\u00a0\u00bb sur X, et a demand\u00e9 \u00e0 ses services \u00ab\u00a0de recueillir davantage d\u2019informations sur ce qui s\u2019est pass\u00e9\u00a0\u00bb.<\/p>\n<p class=\"article__paragraph  \">\u00ab\u00a0La politique d\u2019immigration de cette administration est fondamentalement \u00e0 vomir\u00a0\u00bb, a d\u00e9nonc\u00e9 la s\u00e9natrice de l\u2019Etat de Washington, Patty Murray. \u00ab\u00a0Personne ne devrait consid\u00e9rer que cela \u00e9tait n\u00e9cessaire. Ces pompiers ont risqu\u00e9 leur vie pour nous TOUS et Trump les emprisonne.\u00a0\u00bb<\/p>\n<p class=\"article__paragraph  \">\u00ab\u00a0Il n\u2019y a pas de mots pour d\u00e9crire cette cruaut\u00e9\u00a0\u00bb, a rench\u00e9ri sa cons\u0153ur \u00e0 la Chambre des repr\u00e9sentants, Pramila Jayapal. \u00ab\u00a0C\u2019est absurde et totalement contraire aux int\u00e9r\u00eats des Etats-Unis.\u00a0\u00bb<\/p>\n<p>                                       Lire aussi |  Article r\u00e9serv\u00e9 \u00e0 nos abonn\u00e9s  <a href=\"https:\/\/www.lemonde.fr\/international\/article\/2025\/07\/09\/aux-etats-unis-le-renforcement-historique-des-moyens-de-la-police-de-l-immigration-inquiete-les-defenseurs-des-libertes_6620158_3210.html\" class=\"js-article-read-also catcher--favoris__link\" data-premium=\"1\" id=\"article-title-3430711\" rel=\"nofollow noopener\" target=\"_blank\">Les moyens colossaux et les m\u00e9thodes brutales d\u2019ICE, la police de l\u2019immigration d\u00e9ploy\u00e9e par Donald Trump<\/a>    <\/p>\n<p>   Lire plus tard  <\/p>\n<p class=\"author__detail\">  Le Monde avec AFP  <\/p>\n<p>                  <a href=\"https:\/\/www.lemonde.fr\/syndication\/\" class=\"reuse__content\" title=\"R\u00e9utiliser ce contenu\" target=\"_blank\" rel=\"nofollow noopener\">R\u00e9utiliser ce contenu<\/a>      <\/p>\n","protected":false},"excerpt":{"rendered":"Des agents de l\u2019agence am\u00e9ricaine des douanes et de la protection des fronti\u00e8res (CBP) lors d\u2019un d\u00e9ploiement \u00e0&hellip;\n","protected":false},"author":2,"featured_media":351251,"comment_status":"","ping_status":"","sticky":false,"template":"","format":"standard","meta":{"footnotes":""},"categories":[1589],"tags":[11,73,1866,12,1864,1865,1863,308],"class_list":{"0":"post-351250","1":"post","2":"type-post","3":"status-publish","4":"format-standard","5":"has-post-thumbnail","7":"category-etats-unis","8":"tag-actualites","9":"tag-etats-unis","10":"tag-etats-unis-damerique","11":"tag-news","12":"tag-united-states","13":"tag-united-states-of-america","14":"tag-us","15":"tag-usa"},"share_on_mastodon":{"url":"https:\/\/pubeurope.com\/@fr\/115109895318105313","error":""},"_links":{"self":[{"href":"https:\/\/www.europesays.com\/fr\/wp-json\/wp\/v2\/posts\/351250","targetHints":{"allow":["GET"]}}],"collection":[{"href":"https:\/\/www.europesays.com\/fr\/wp-json\/wp\/v2\/posts"}],"about":[{"href":"https:\/\/www.europesays.com\/fr\/wp-json\/wp\/v2\/types\/post"}],"author":[{"embeddable":true,"href":"https:\/\/www.europesays.com\/fr\/wp-json\/wp\/v2\/users\/2"}],"replies":[{"embeddable":true,"href":"https:\/\/www.europesays.com\/fr\/wp-json\/wp\/v2\/comments?post=351250"}],"version-history":[{"count":0,"href":"https:\/\/www.europesays.com\/fr\/wp-json\/wp\/v2\/posts\/351250\/revisions"}],"wp:featuredmedia":[{"embeddable":true,"href":"https:\/\/www.europesays.com\/fr\/wp-json\/wp\/v2\/media\/351251"}],"wp:attachment":[{"href":"https:\/\/www.europesays.com\/fr\/wp-json\/wp\/v2\/media?parent=351250"}],"wp:term":[{"taxonomy":"category","embeddable":true,"href":"https:\/\/www.europesays.com\/fr\/wp-json\/wp\/v2\/categories?post=351250"},{"taxonomy":"post_tag","embeddable":true,"href":"https:\/\/www.europesays.com\/fr\/wp-json\/wp\/v2\/tags?post=351250"}],"curies":[{"name":"wp","href":"https:\/\/api.w.org\/{rel}","templated":true}]}}