{"id":351254,"date":"2025-08-29T03:20:21","date_gmt":"2025-08-29T03:20:21","guid":{"rendered":"https:\/\/www.europesays.com\/fr\/351254\/"},"modified":"2025-08-29T03:20:21","modified_gmt":"2025-08-29T03:20:21","slug":"crozet-2025-dressage-lallemagne-decroche-sa-vingt-sixieme-medaille-dor-par-equipes-aux-championnats-deurope","status":"publish","type":"post","link":"https:\/\/www.europesays.com\/fr\/351254\/","title":{"rendered":"Crozet 2025, dressage\u00a0: l\u2019Allemagne d\u00e9croche sa vingt-sixi\u00e8me m\u00e9daille d&rsquo;or par \u00e9quipes aux championnats d\u2019Europe"},"content":{"rendered":"<p><strong>Apr\u00e8s deux jours de comp\u00e9tition sur le Grand Prix, les m\u00e9dailles europ\u00e9ennes par \u00e9quipes ont \u00e9t\u00e9 d\u00e9livr\u00e9es ce jeudi dans les installations de Jiva Hill Stables, \u00e0 Crozet. En France, ce sont les Allemands qui ont r\u00e9cup\u00e9r\u00e9 leur titre europ\u00e9en perdu il y a deux ans sur leurs terres \u00e0 Riesenbeck. La Grande-Bretagne s\u2019empare de l\u2019argent tandis que le Danemark d\u00e9croche le bronze.<\/strong><\/p>\n<p>Une chose est s\u00fbre, la comp\u00e9tition par \u00e9quipes aux championnats d\u2019Europe de dressage \u00e0 Crozet n\u2019a pas manqu\u00e9 de suspense. Avant m\u00eame le d\u00e9but des \u00e9preuves, la bataille s\u2019annon\u00e7ait tr\u00e8s s\u00e9v\u00e8re entre les Allemands, sacr\u00e9s champions olympiques par \u00e9quipes l\u2019ann\u00e9e derni\u00e8re pour la quinzi\u00e8me fois, et les Britanniques, m\u00e9daill\u00e9s de bronze \u00e0 Paris mais surtout tenants du titre europ\u00e9en. Une m\u00e9daille d\u2019or acquise il y a deux ans, \u00e0 <a href=\"https:\/\/www.chevalmag.com\/sports\/championnats-deurope-dressage-riesenbeck-les-britanniques-retrouvent-lor-la-france-sixieme\/\" target=\"_blank\" rel=\"noopener\">Riesenbeck<\/a>, sur sol allemand. D\u00e8s la premi\u00e8re journ\u00e9e de Grand Prix, seule \u00e9preuve support du classement par \u00e9quipes, les Allemands ont pris le meilleur d\u00e9part, gr\u00e2ce \u00e0 la jeune <a href=\"https:\/\/www.chevalmag.com\/sports\/crozet-2025-dressage-lallemagne-et-la-grande-bretagne-aux-avants-postes-apres-la-premiere-journee-de-grand-prix\/\" target=\"_blank\" rel=\"noopener\">Katharina Hemmer. <\/a>En selle sur Denoix PCH, celle qui vit ici ses premiers championnats en \u00e9quipe nationale, concluait \u00e0 la t\u00eate provisoire du classement individuel, suffisant pour aussi propulser son \u00e9quipe en t\u00eate du classement par \u00e9quipes, juste devant la Grande-Bretagne, men\u00e9e par Becky Moody et Jagerbomb. Tout allait donc se jouer sur la deuxi\u00e8me journ\u00e9e de Grand Prix avec l\u2019entr\u00e9e dans la comp\u00e9tition des deux derniers couples de chaque nation, et quels couples\u00a0! <\/p>\n<p>Sous quelques gouttes de pluie, le maestro Carl Hester a fait parler toute sa maitrise en selle sur son partenaire olympique Fame. Malgr\u00e9 une petite incompr\u00e9hension dans le d\u00e9part au galop depuis le passage et une attitude parfois un peu courte notamment dans les appuyers au trot, le Britannique a livr\u00e9 une v\u00e9ritable le\u00e7on d\u2019\u00e9quitation devant un public, peu nombreux, mais totalement conquis. Le score est sans appel, avec 76,087% l\u2019\u00e9preuve avait un nouveau leader tout comme le classement par \u00e9quipes. La question \u00e0 ce moment de la comp\u00e9tition \u00e9tait alors de savoir si Charlotte Fry et Glamourdale pouvaient sceller le deal\u00a0? La r\u00e9ponse de Carl Hester \u00e9tait claire\u00a0: \u00ab\u00a0oui\u00a0et elle l\u2019a d\u00e9j\u00e0 fait mais vous savez Glamourdale reste un \u00e9talon donc on ne sait jamais comment il peut se comporter. On sait que la premi\u00e8re \u00e9preuve n\u2019est pas toujours sa meilleure donc j\u2019esp\u00e8re qu\u2019elle en a d\u00e9roul\u00e9 une la veille et qu\u2019aujourd\u2019hui il consid\u00e8rera le Grand Prix comme sa deuxi\u00e8me reprise \u00bb, lan\u00e7ait-il en souriant s\u2019avouant extr\u00eamement heureux de la reprise pr\u00e9sent\u00e9e par Fame.<\/p>\n<p><img loading=\"lazy\" decoding=\"async\" width=\"1024\" height=\"683\" src=\"https:\/\/www.europesays.com\/fr\/wp-content\/uploads\/2025\/08\/25N791_2719-1024x683.jpg\" alt=\"L'Allemagne a d\u00e9croch\u00e9 sa 26i\u00e8me m\u00e9daille d'or par \u00e9quipes aux championnats d'Europe \" class=\"wp-image-79218\"  \/>L\u2019Allemagne a d\u00e9croch\u00e9 sa 26i\u00e8me m\u00e9daille d\u2019or par \u00e9quipes aux championnats d\u2019Europe \u00a9PSV<\/p>\n<p><strong>L\u2019Allemagne tient sa revanche<\/strong><\/p>\n<p>Malheureusement pour les Britanniques Glamourdale allait se montrer trop fautif ce jeudi pour assurer la m\u00e9daille d\u2019or. Pourtant bien lanc\u00e9e, la <a href=\"https:\/\/www.chevalmag.com\/sports\/%EF%BF%BCherning-2022-charlotte-fry-et-glamourdale-sur-le-toit-du-monde\/\" target=\"_blank\" rel=\"noopener\">championne du monde <\/a>en 2022 allait rencontrer quelques soucis d\u2019activit\u00e9 dans les piaffers avant que d\u00e8s le d\u00e9but du travail au galop, son \u00e9talon de 14 ans commette une faute de post\u00e9rieur sur le petit c\u00f4t\u00e9. Si la suite du travail au galop permet au couple de gagner de pr\u00e9cieux points, une tr\u00e8s grosse faute sur la premi\u00e8re pirouette scellera le destin des Anglais. \u00ab\u00a0Aujourd\u2019hui nous avons commis trop de fautes mais je sais que Glamy est de mieux en mieux \u00e0 chaque reprise donc nous avons encore des choses \u00e0 montrer ici \u00e0 Crozet\u00a0\u00bb, relativisait Lottie. En effet, quelques minutes plus t\u00f4t, Isabell Werth venait de pr\u00e9senter sa Wendy de Fontaine dans un niveau proche de celui des <a href=\"https:\/\/www.chevalmag.com\/sports\/paris-2024-dressage-jessica-von-bredow-werndl-et-tsf-dalera-bb-se-parent-dor-olympique-pour-la-deuxieme-fois\/\" target=\"_blank\" rel=\"noopener\">Jeux olympiques de Paris <\/a>l\u2019\u00e9t\u00e9 dernier. D\u00e9licate sur la ligne de changements de pieds aux temps et un peu bavarde dans le contact, la vice-championne olympique de Paris a fait preuve de nombreux points forts pour sortir de piste avec une note de 79,224%. La note de Lottie Fry et Glamy de 75,869% offrait donc la m\u00e9daille d\u2019or et le titre europ\u00e9en \u00e0 Isabell Werth, Katharina Hemmer,<a href=\"https:\/\/www.chevalmag.com\/sports\/crozet-2025-dressage-ingrid-klimke-vayron-a-besoin-de-gagner-en-confiance\/\" target=\"_blank\" rel=\"noopener\"> Ingrid Klimke<\/a> et Frederic Wandres (Bluetooth OLD) avec un score total de 229,644 points. <\/p>\n<p>\u00ab\u00a0Il va falloir que vous regardiez car je ne sais pas dire le nombre de m\u00e9dailles d\u2019or par \u00e9quipes aux championnats d\u2019Europe que j\u2019ai obtenu\u00a0\u00bb, lan\u00e7ait en riant Isabell Werth apr\u00e8s la confirmation de la victoire allemande. Et bien il s\u2019agit de la douzi\u00e8me pour la cavali\u00e8re et de la vingt-sixi\u00e8me pour la Mannschaft\u00a0! Rien que \u00e7a\u00a0! \u00ab\u00a0Wendy a \u00e9t\u00e9 fantastique, tr\u00e8s concentr\u00e9e et j\u2019ai essay\u00e9 de d\u00e9rouler une reprise sans-faute. La comp\u00e9tition \u00e9tait tr\u00e8s serr\u00e9e. Avant d\u2019arriver tout le monde disait que c\u2019\u00e9tait tr\u00e8s ouvert, que cela pourrait tourner \u00e0 l\u2019avantage d\u2019une \u00e9quipe comme de l\u2019autre. ll y a eu de la tension, du fun, rien n\u2019\u00e9tait jou\u00e9 jusqu\u2019aux derniers cavaliers de chaque nation donc cela a \u00e9t\u00e9 une mixture parfaite pour offrir du grand sport. Et au final cela a tourn\u00e9 \u00e0 notre avantage donc nous sommes tr\u00e8s contents\u00a0\u00bb.<\/p>\n<p><img loading=\"lazy\" decoding=\"async\" width=\"1024\" height=\"683\" src=\"https:\/\/www.europesays.com\/fr\/wp-content\/uploads\/2025\/08\/25N791_1288-1024x683.jpg\" alt=\"Cathrine Dufour et Mount St John Freestyle remportent le Grand Prix \u00e0 Crozet\" class=\"wp-image-79219\"  \/>Cathrine Dufour et Mount St John Freestyle remportent le Grand Prix \u00e0 Crozet\u00a9PSV<\/p>\n<p><strong>Cathrine Dufour vers un titre individuel\u00a0?<\/strong><\/p>\n<p>Depuis 2022 et les <a href=\"https:\/\/www.chevalmag.com\/sports\/herning-2022-une-medaille-dor-par-equipes-historique-pour-le-danemark-en-dressage\/\" target=\"_blank\" rel=\"noopener\">championnats du monde de Herning<\/a>, l\u2019Allemagne, la Grande-Bretagne et le Danemark s\u2019adonnent au jeu des chaises musicales, occupant tour \u00e0 tour les diff\u00e9rentes marches des podiums des championnats internationaux. En France, la m\u00e9daille d\u2019argent revient donc \u00e0 la Grande-Bretagne men\u00e9e par Carl Hester. \u00ab\u00a0C\u2019est fantastique pour le sport lorsqu\u2019il n\u2019y a pas de vainqueur connu \u00e0 l\u2019avance et cela va se poursuivre dans la comp\u00e9tition individuelle dans le Sp\u00e9cial puis la Libre\u00a0\u00bb, pr\u00e9cise celui qui pointe \u00e0 la cinqui\u00e8me place du Grand Prix. C\u2019est alors le Danemark, qui alignait pourtant une \u00e9quipe quasiment renouvel\u00e9e, qui s\u2019empare de la m\u00e9daille de bronze. Plus en forme que jamais, Mount St John Freestyle a \u00e9t\u00e9 men\u00e9e \u00e0 la perfection par sa cavali\u00e8re Cathrine Dufour, vers la victoire dans le Grand Prix. L\u00e9g\u00e8ret\u00e9, fluidit\u00e9, harmonie, le couple a survol\u00e9 les difficult\u00e9s pour \u00eatre la seule paire de l\u2019\u00e9preuve \u00e0 d\u00e9passer les 80%\u00a0: 80,823%. \u00ab\u00a0Aujourd\u2019hui je voulais vraiment pr\u00e9senter une reprise qui mettait en avant la relation que j\u2019ai avec Freestyle, toute en d\u00e9contraction et en harmonie, une \u00e9quitation positive. Elle est plus en forme que jamais, elle n\u2019avait pas la moindre goutte de sueur en sortant du Grand Prix alors qu\u2019il faisait tr\u00e8s chaud cet apr\u00e8s-midi. Le but \u00e9tait de ne pas prendre trop de risques pour assurer une m\u00e9daille pour l\u2019\u00e9quipe et c\u2019est ce que nous avons fait\u00a0\u00bb, l\u00e2chait la cavali\u00e8re apr\u00e8s sa performance. <\/p>\n<p>Apr\u00e8s le titre mondial en 2022 et la m\u00e9daille d\u2019argent aux Jeux olympiques l\u2019\u00e9t\u00e9 dernier, le Danemark parvient \u00e0 assurer sa place sur le podium europ\u00e9en alors que deux nouveaux couples int\u00e9graient le quatuor cette ann\u00e9e. \u00ab\u00a0C\u2019est une belle r\u00e9compense pour Nadja (Aaboe Sloth) et Rikke (Dupont) de pouvoir participer \u00e0 ce championnat. Nous savions que nous ne pourrions peut-\u00eatre par rivaliser avec l\u2019Allemagne et la Grande-Bretagne cette ann\u00e9e mais nous sommes tr\u00e8s fiers d\u2019\u00eatre sur la troisi\u00e8me marche du podium avec une \u00e9quipe plus verte\u00a0\u00bb, confiait-elle. Un sentiment partag\u00e9 par la chef d\u2019\u00e9quipe, Anne-Mette Binder, qui apr\u00e8s cinq ann\u00e9es pass\u00e9es \u00e0 la t\u00eate de la d\u00e9l\u00e9gation danoise, vit \u00e0 Crozet son dernier championnat. \u00ab\u00a0Je suis tr\u00e8s fi\u00e8re de cette \u00e9quipe et si ce championnat est forc\u00e9ment important nous savons aussi que c\u2019est une \u00e9tape vers les championnats du monde d\u2019Aix-la-Chapelle l\u2019ann\u00e9e prochaine qui seront eux qualificatifs pour les Jeux olympiques de Los Angeles\u00a0\u00bb, a-t-elle exprim\u00e9. Avec une quatri\u00e8me place finale, la Belgique r\u00e9alise son meilleur classement en championnats d\u2019Europe, gr\u00e2ce \u00e0 la belle quinzi\u00e8me place de Larissa Pauluis et<a href=\"https:\/\/www.chevalmag.com\/le-magazine\/flambeau-itineraire-dun-surdoue-du-dressage\/\" target=\"_blank\" rel=\"noopener\"> Flambeau <\/a>(72,329%) mais surtout port\u00e9e par la troisi\u00e8me place de Justin Verboomen et l\u2019exceptionnel Zonik Plus. Malgr\u00e9 quelques petites tensions en piste, le couple qui <a href=\"https:\/\/www.chevalmag.com\/sports\/justin-verboomen-surpasse-isabell-werth-a-aix-la-chapelle\/\" target=\"_blank\" rel=\"noopener\">s\u2019imposait \u00e0 Aix-la-Chapelle<\/a> il y a quelques semaines, n\u2019a pas flanch\u00e9 pour sortir une note de 79,084%, laissant pr\u00e9sager de tr\u00e8s belles choses dans la comp\u00e9tition individuelle qui d\u00e9bute donc vendredi.<\/p>\n<p><img loading=\"lazy\" decoding=\"async\" width=\"1024\" height=\"683\" src=\"https:\/\/www.europesays.com\/fr\/wp-content\/uploads\/2025\/08\/25N791_2005-1024x683.jpg\" alt=\"Justin Verboomen et Zonik Plus ont propuls\u00e9 la Belgique \u00e0 la quatri\u00e8me place\" class=\"wp-image-79220\"  \/>Justin Verboomen et Zonik Plus ont propuls\u00e9 la Belgique \u00e0 la quatri\u00e8me place \u00a9PSV<\/p>\n<p><strong>Dixi\u00e8me place pour la France, d\u00e9ception pour Pauline Basquin<\/strong><\/p>\n<p>Il y a deux ans, \u00e0 Riesenbeck, pour rentrer dans ce Grand Prix Sp\u00e9cial, il fallait avoir pr\u00e9sent\u00e9 un Grand Prix not\u00e9 \u00e0 71,211%. Cette ann\u00e9e, \u00e0 Crozet, c\u2019est avec une moyenne de 68,882% que le Luxembourgeois Nicolas Wagner Ehlinger occupe la trenti\u00e8me place avec Quater Back Junior FHR, synonyme de qualification. Un \u00e9cart que le pr\u00e9sident du jury du Grand Prix, Hans-Christian Matthiesen explique par les nouvelles orientations dans la notation et l\u2019attention donn\u00e9e \u00e0 plus de d\u00e9tails notamment sur la qualit\u00e9 du contact et l\u2019harmonie. Une \u00e9preuve dans laquelle nous ne retrouverons aucun couple tricolore alors qu\u2019il y a deux ans, les quatre paires se qualifiaient historiquement pour cette deuxi\u00e8me \u00e9preuve. En effet, apr\u00e8s les deux premiers passages du clan tricolore, Anne-Sophie Serre avec Jibraltar de Massa et Bertrand Liegard avec Ginger, c\u2019\u00e9tait au tour d\u2019Alexandre Ayache de d\u00e9rouler son Grand Prix pour l\u2019\u00e9quipe ce jeudi matin. En selle sur Ruling Olivia, qui vit l\u00e0 son premier grand championnat international, le cavalier a pr\u00e9sent\u00e9 une reprise pleine de promesse avec une jument en progr\u00e8s dans son contact. Pr\u00e9cis et dans le contr\u00f4le, le Fran\u00e7ais ne pourra malheureusement pas \u00e9viter deux fautes \u00e0 coefficient 2, l\u2019une dans la ligne de changements de pieds aux temps, l\u2019autre dans le zig zag d\u2019appuyers au galop. De quoi faire largement baisser la note du couple qui en finissait avec 68,152% (retrouvez sa r\u00e9action<a href=\"https:\/\/www.chevalmag.com\/sports\/crozet-2025-dressage-les-reactions-des-francais-apres-le-grand-prix\/\" target=\"_blank\" rel=\"noopener\"> ICI)<\/a>. <\/p>\n<p><img loading=\"lazy\" decoding=\"async\" width=\"1024\" height=\"683\" src=\"https:\/\/www.europesays.com\/fr\/wp-content\/uploads\/2025\/08\/P16A0890-1024x683.jpg\" alt=\"Alexandre Ayache et Ruling Olivia aux championnats d'Europe \u00e0 Crozet\" class=\"wp-image-79215\"  \/>Alexandre Ayache et Ruling Olivia aux championnats d\u2019Europe \u00e0 Crozet \u00a9PSV<\/p>\n<p>Tout reposait donc sur les \u00e9paules de Pauline Basquin et son fid\u00e8le Sertorius de Rima Z*IFCE. Finaliste aux <a href=\"https:\/\/www.chevalmag.com\/sports\/championnats-deurope-dressage-riesenbeck-pauline-basquin-et-morgan-barbancon-a-plus-de-79-dans-la-libre\/\" target=\"_blank\" rel=\"noopener\">Europ\u00e9ens de Riesenbeck<\/a> et aux J<a href=\"https:\/\/www.chevalmag.com\/sports\/paris-2024-dressage-pauline-basquin-on-a-envie-de-revenir-a-cette-piste-et-de-recommencer\/\" target=\"_blank\" rel=\"noopener\">eux olympiques de Paris,<\/a> le couple ne trouvera pas le chemin de la finale cette fois-ci. Enchainant les grosses fautes, Sertorius est l\u2019ombre de lui-m\u00eame et c\u2019est une Pauline \u00e9videmment d\u00e9\u00e7ue que nous avons retrouv\u00e9 en zone mixte (retrouvez sa r\u00e9action<a href=\"https:\/\/www.chevalmag.com\/sports\/crozet-2025-dressage-les-reactions-des-francais-apres-le-grand-prix\/\" target=\"_blank\" rel=\"noopener\"> ICI)<\/a>. Avec un score final de 68,587%, le couple pointe \u00e0 la trente-cinqui\u00e8me place, un classement bien inf\u00e9rieur aux attentes puisque Pauline visait une qualification pour la Reprise Libre en Musique de dimanche. Avec une dixi\u00e8me place finale au classement par \u00e9quipes, l\u2019\u00e9quipe de France va devoir r\u00e9viser ses gammes pour aborder le plus sereinement possible les championnats du monde d\u2019Aix-la-Chapelle l\u2019\u00e9t\u00e9 prochain, o\u00f9 elle tentera de d\u00e9crocher sa qualification olympique pour LA 2028 (retrouvez la r\u00e9action de Jean Morel <a href=\"https:\/\/www.chevalmag.com\/sports\/crozet-2025-dressage-les-reactions-des-francais-apres-le-grand-prix\/\" target=\"_blank\" rel=\"noopener\">ICI<\/a>).<\/p>\n<p><img loading=\"lazy\" decoding=\"async\" width=\"1024\" height=\"683\" src=\"https:\/\/www.europesays.com\/fr\/wp-content\/uploads\/2025\/08\/P16A1425-1024x683.jpg\" alt=\"Pauline Basquin et Sertorius de Rima Z*IFCE dans le Grand Prix \u00e0 Crozet\" class=\"wp-image-79216\"  \/>Pauline Basquin et Sertorius de Rima Z*IFCE dans le Grand Prix \u00e0 Crozet \u00a9PSV<\/p>\n<p>Les r\u00e9sultats complets <a href=\"https:\/\/results.worldsporttiming.com\/event\/284\" target=\"_blank\" rel=\"noopener\">ICI<\/a><br \/>Retrouvez les r\u00e9actions de tous les Fran\u00e7ais<a href=\"https:\/\/www.chevalmag.com\/sports\/crozet-2025-dressage-les-reactions-des-francais-apres-le-grand-prix\/\" target=\"_blank\" rel=\"noopener\"> ICI<\/a><\/p>\n<p>\t\t\t\tComp\u00e9tition \u00e9questreDressage<\/p>\n","protected":false},"excerpt":{"rendered":"Apr\u00e8s deux jours de comp\u00e9tition sur le Grand Prix, les m\u00e9dailles europ\u00e9ennes par \u00e9quipes ont \u00e9t\u00e9 d\u00e9livr\u00e9es ce&hellip;\n","protected":false},"author":2,"featured_media":351255,"comment_status":"","ping_status":"","sticky":false,"template":"","format":"standard","meta":{"footnotes":""},"categories":[1587],"tags":[11,672,1804,46573,1805,1803,25248,1777,674,1801,12,1802],"class_list":{"0":"post-351254","1":"post","2":"type-post","3":"status-publish","4":"format-standard","5":"has-post-thumbnail","7":"category-allemagne","8":"tag-actualites","9":"tag-allemagne","10":"tag-bundesrepublik-deutschland","11":"tag-competition-equestre","12":"tag-de","13":"tag-deutschland","14":"tag-dressage","15":"tag-eu","16":"tag-europe","17":"tag-germany","18":"tag-news","19":"tag-republique-federale-dallemagne"},"share_on_mastodon":{"url":"https:\/\/pubeurope.com\/@fr\/115109903004402383","error":""},"_links":{"self":[{"href":"https:\/\/www.europesays.com\/fr\/wp-json\/wp\/v2\/posts\/351254","targetHints":{"allow":["GET"]}}],"collection":[{"href":"https:\/\/www.europesays.com\/fr\/wp-json\/wp\/v2\/posts"}],"about":[{"href":"https:\/\/www.europesays.com\/fr\/wp-json\/wp\/v2\/types\/post"}],"author":[{"embeddable":true,"href":"https:\/\/www.europesays.com\/fr\/wp-json\/wp\/v2\/users\/2"}],"replies":[{"embeddable":true,"href":"https:\/\/www.europesays.com\/fr\/wp-json\/wp\/v2\/comments?post=351254"}],"version-history":[{"count":0,"href":"https:\/\/www.europesays.com\/fr\/wp-json\/wp\/v2\/posts\/351254\/revisions"}],"wp:featuredmedia":[{"embeddable":true,"href":"https:\/\/www.europesays.com\/fr\/wp-json\/wp\/v2\/media\/351255"}],"wp:attachment":[{"href":"https:\/\/www.europesays.com\/fr\/wp-json\/wp\/v2\/media?parent=351254"}],"wp:term":[{"taxonomy":"category","embeddable":true,"href":"https:\/\/www.europesays.com\/fr\/wp-json\/wp\/v2\/categories?post=351254"},{"taxonomy":"post_tag","embeddable":true,"href":"https:\/\/www.europesays.com\/fr\/wp-json\/wp\/v2\/tags?post=351254"}],"curies":[{"name":"wp","href":"https:\/\/api.w.org\/{rel}","templated":true}]}}