{"id":351258,"date":"2025-08-29T03:22:10","date_gmt":"2025-08-29T03:22:10","guid":{"rendered":"https:\/\/www.europesays.com\/fr\/351258\/"},"modified":"2025-08-29T03:22:10","modified_gmt":"2025-08-29T03:22:10","slug":"lunion-europeenne-sonnee-par-lassaut-de-donald-trump-contre-sa-regulation-numerique","status":"publish","type":"post","link":"https:\/\/www.europesays.com\/fr\/351258\/","title":{"rendered":"L\u2019Union europ\u00e9enne sonn\u00e9e par l\u2019assaut de Donald Trump contre sa r\u00e9gulation num\u00e9rique"},"content":{"rendered":"<p>                         <img loading=\"lazy\" decoding=\"async\" src=\"https:\/\/www.europesays.com\/fr\/wp-content\/uploads\/2025\/08\/b9da70e_upload-1-vrmc2to5nklu-000-323q9de.jpg\" alt=\"Margrethe Vestager, vice-pr\u00e9sidente ex\u00e9cutive de la Commission europ\u00e9enne et commissaire charg\u00e9e d\u2019une Europe adapt\u00e9e \u00e0 l\u2019\u00e8re num\u00e9rique, lors d\u2019une conf\u00e9rence de presse, au si\u00e8ge de l\u2019UE \u00e0 Bruxelles, le 23\u00a0f\u00e9vrier 2022. \"   width=\"664\" height=\"443\"\/>    Margrethe Vestager, vice-pr\u00e9sidente ex\u00e9cutive de la Commission europ\u00e9enne et commissaire charg\u00e9e d\u2019une Europe adapt\u00e9e \u00e0 l\u2019\u00e8re num\u00e9rique, lors d\u2019une conf\u00e9rence de presse, au si\u00e8ge de l\u2019UE \u00e0 Bruxelles, le 23\u00a0f\u00e9vrier 2022.  JOHN THYS \/ AFP                 <\/p>\n<p class=\"article__paragraph  \">En trouvant un accord commercial avec l\u2019administration Trump, qui inflige des droits de douane non r\u00e9ciproques de 15\u00a0% aux produits europ\u00e9ens, la Commission europ\u00e9enne pensait avoir \u00e9vit\u00e9 l\u2019escalade commerciale avec les Etats-Unis. L\u2019accord \u00e9tait \u00ab\u00a0imparfait\u00a0\u00bb, certes, mais au moins il devait apporter \u00ab\u00a0stabilit\u00e9\u00a0\u00bb et \u00ab\u00a0pr\u00e9visibilit\u00e9\u00a0\u00bb aux entreprises, r\u00e9p\u00e9tait-on \u00e0 Bruxelles. C\u2019\u00e9tait compter sans Donald Trump. Lundi 25\u00a0ao\u00fbt, quatre jours apr\u00e8s la publication de la \u00ab\u00a0d\u00e9claration conjointe\u00a0\u00bb pr\u00e9cisant les termes de l\u2019accord sur les droits de douane, le pr\u00e9sident am\u00e9ricain a fait valdinguer les vagues esp\u00e9rances europ\u00e9ennes, le temps d\u2019un message assassin sur son r\u00e9seau <a href=\"https:\/\/www.lemonde.fr\/international\/article\/2024\/03\/26\/truth-social-le-reseau-social-de-donald-trump-entre-en-bourse-au-prix-de-9-5-milliards-de-dollars_6224288_3210.html\" target=\"_blank\" rel=\"noopener\">Truth Social<\/a>.<\/p>\n<p>   Lire plus tard  <\/p>\n<p class=\"article__paragraph  \">Dans ce texte, il menace \u00e0 nouveau d\u2019imposer des \u00ab\u00a0droits de douane substantiels\u00a0\u00bb aux pays qui ne supprimeront pas leurs \u00ab\u00a0taxes num\u00e9riques et r\u00e9glementations sur les march\u00e9s num\u00e9riques (\u2026) con\u00e7ues pour nuire ou discriminer la technologie am\u00e9ricaine\u00a0\u00bb. L\u2019Union europ\u00e9enne (UE) n\u2019est pas cit\u00e9e, mais elle est vis\u00e9e. En publiant un tel message, Donald Trump donnait raison aux experts europ\u00e9ens qui d\u00e9non\u00e7aient la faiblesse d\u2019un accord commercial, b\u00e2ti sur du vent, pouvant \u00eatre souffl\u00e9 en quelques secondes.<\/p>\n<p class=\"reading-mode-only \"><strong>Il vous reste 82.21% de cet article \u00e0 lire. La suite est r\u00e9serv\u00e9e aux abonn\u00e9s.<\/strong><\/p>\n","protected":false},"excerpt":{"rendered":"Margrethe Vestager, vice-pr\u00e9sidente ex\u00e9cutive de la Commission europ\u00e9enne et commissaire charg\u00e9e d\u2019une Europe adapt\u00e9e \u00e0 l\u2019\u00e8re num\u00e9rique, lors&hellip;\n","protected":false},"author":2,"featured_media":351259,"comment_status":"","ping_status":"","sticky":false,"template":"","format":"standard","meta":{"footnotes":""},"categories":[1586],"tags":[11,1777,674,1779,1011,27,12,25,1778,364],"class_list":{"0":"post-351258","1":"post","2":"type-post","3":"status-publish","4":"format-standard","5":"has-post-thumbnail","7":"category-europe","8":"tag-actualites","9":"tag-eu","10":"tag-europe","11":"tag-european-union","12":"tag-fr","13":"tag-france","14":"tag-news","15":"tag-republique-francaise","16":"tag-ue","17":"tag-union-europeenne"},"share_on_mastodon":{"url":"https:\/\/pubeurope.com\/@fr\/115109910524649958","error":""},"_links":{"self":[{"href":"https:\/\/www.europesays.com\/fr\/wp-json\/wp\/v2\/posts\/351258","targetHints":{"allow":["GET"]}}],"collection":[{"href":"https:\/\/www.europesays.com\/fr\/wp-json\/wp\/v2\/posts"}],"about":[{"href":"https:\/\/www.europesays.com\/fr\/wp-json\/wp\/v2\/types\/post"}],"author":[{"embeddable":true,"href":"https:\/\/www.europesays.com\/fr\/wp-json\/wp\/v2\/users\/2"}],"replies":[{"embeddable":true,"href":"https:\/\/www.europesays.com\/fr\/wp-json\/wp\/v2\/comments?post=351258"}],"version-history":[{"count":0,"href":"https:\/\/www.europesays.com\/fr\/wp-json\/wp\/v2\/posts\/351258\/revisions"}],"wp:featuredmedia":[{"embeddable":true,"href":"https:\/\/www.europesays.com\/fr\/wp-json\/wp\/v2\/media\/351259"}],"wp:attachment":[{"href":"https:\/\/www.europesays.com\/fr\/wp-json\/wp\/v2\/media?parent=351258"}],"wp:term":[{"taxonomy":"category","embeddable":true,"href":"https:\/\/www.europesays.com\/fr\/wp-json\/wp\/v2\/categories?post=351258"},{"taxonomy":"post_tag","embeddable":true,"href":"https:\/\/www.europesays.com\/fr\/wp-json\/wp\/v2\/tags?post=351258"}],"curies":[{"name":"wp","href":"https:\/\/api.w.org\/{rel}","templated":true}]}}