{"id":351266,"date":"2025-08-29T03:27:10","date_gmt":"2025-08-29T03:27:10","guid":{"rendered":"https:\/\/www.europesays.com\/fr\/351266\/"},"modified":"2025-08-29T03:27:10","modified_gmt":"2025-08-29T03:27:10","slug":"equipe-nationale-du-cameroun-eliminee-au-mondial-de-volleyball-feminin-2025","status":"publish","type":"post","link":"https:\/\/www.europesays.com\/fr\/351266\/","title":{"rendered":"\u00c9quipe nationale du Cameroun \u00e9limin\u00e9e au Mondial de Volleyball f\u00e9minin 2025"},"content":{"rendered":"<p id=\"breadcrumbs\"><a href=\"https:\/\/actucameroun.com\/\" target=\"_blank\" rel=\"noopener\">Accueil<\/a> \u00bb <a href=\"https:\/\/actucameroun.com\/category\/sport\/\" target=\"_blank\" rel=\"noopener\">Sport<\/a> \u00bb Mondial de Volleyball f\u00e9minin 2025 : les Lionnes Indomptables \u00e9limin\u00e9es<\/p>\n<p>\u00c9limin\u00e9e au premier tour du Championnat du monde de volleyball f\u00e9minin en Tha\u00eflande, l\u2019\u00e9quipe nationale du Cameroun termine la phase de groupes sans avoir remport\u00e9 le moindre set.<\/p>\n<p style=\"text-align: justify;\" data-start=\"106\" data-end=\"360\">Le parcours des Lionnes du volleyball au Mondial 2025 s\u2019est achev\u00e9 ce mercredi 27 ao\u00fbt sur une nouvelle d\u00e9faite face \u00e0 l\u2019Ukraine (0-3), lors de leur troisi\u00e8me et dernier match dans le groupe H. Apr\u00e8s des revers face au Japon puis \u00e0 la Serbie, le Cameroun n\u2019a pas r\u00e9ussi \u00e0 inverser la tendance et quitte la comp\u00e9tition sans victoire ni set remport\u00e9.<\/p>\n<p style=\"text-align: justify;\" data-start=\"734\" data-end=\"1031\">Malgr\u00e9 cette \u00e9limination s\u00e8che, la F\u00e9d\u00e9ration camerounaise de volleyball (<a href=\"https:\/\/actucameroun.com\/2025\/07\/31\/fecavolley-paulo-milagres-tourne-le-dos-a-bello-bourdane-et-quitte-la-tete-des-lionnes-du-volleyball\/\" target=\"_blank\" rel=\"noopener\">Fecavolley<\/a>) a tenu \u00e0 encourager les joueuses pour leur engagement sur le terrain. Sur sa page Facebook, elle \u00e9crit : \u00ab Chaque match est une exp\u00e9rience, chaque set une le\u00e7on\u2026 et la d\u00e9termination des Lionnes ne faiblit pas \u00bb.<\/p>\n<p style=\"text-align: justify;\" data-start=\"1033\" data-end=\"1325\">Dans un groupe relev\u00e9, les Camerounaises ont tent\u00e9 de r\u00e9sister face \u00e0 des \u00e9quipes exp\u00e9riment\u00e9es du circuit mondial, mais l\u2019\u00e9cart technique et tactique s\u2019est rapidement fait sentir. Le manque d\u2019efficacit\u00e9 en attaque et les difficult\u00e9s en r\u00e9ception ont pes\u00e9 lourd dans les trois confrontations. Si le bilan sportif reste amer, cette participation permet \u00e0 l\u2019\u00e9quipe camerounaise d\u2019emmagasiner de l\u2019exp\u00e9rience \u00e0 haut niveau.<\/p>\n","protected":false},"excerpt":{"rendered":"Accueil \u00bb Sport \u00bb Mondial de Volleyball f\u00e9minin 2025 : les Lionnes Indomptables \u00e9limin\u00e9es \u00c9limin\u00e9e au premier tour&hellip;\n","protected":false},"author":2,"featured_media":351267,"comment_status":"","ping_status":"","sticky":false,"template":"","format":"standard","meta":{"footnotes":""},"categories":[1417],"tags":[23615,11804,48791,1011,27,48792,48793,60,1470,1469],"class_list":{"0":"post-351266","1":"post","2":"type-post","3":"status-publish","4":"format-standard","5":"has-post-thumbnail","7":"category-volley","8":"tag-cameroun","9":"tag-elimination","10":"tag-federation-camerounaise-de-volleyball","11":"tag-fr","12":"tag-france","13":"tag-lionnes-indomptables","14":"tag-mondial-de-volleyball-feminin","15":"tag-sports","16":"tag-volley","17":"tag-volleyball"},"share_on_mastodon":{"url":"https:\/\/pubeurope.com\/@fr\/115109930143109974","error":""},"_links":{"self":[{"href":"https:\/\/www.europesays.com\/fr\/wp-json\/wp\/v2\/posts\/351266","targetHints":{"allow":["GET"]}}],"collection":[{"href":"https:\/\/www.europesays.com\/fr\/wp-json\/wp\/v2\/posts"}],"about":[{"href":"https:\/\/www.europesays.com\/fr\/wp-json\/wp\/v2\/types\/post"}],"author":[{"embeddable":true,"href":"https:\/\/www.europesays.com\/fr\/wp-json\/wp\/v2\/users\/2"}],"replies":[{"embeddable":true,"href":"https:\/\/www.europesays.com\/fr\/wp-json\/wp\/v2\/comments?post=351266"}],"version-history":[{"count":0,"href":"https:\/\/www.europesays.com\/fr\/wp-json\/wp\/v2\/posts\/351266\/revisions"}],"wp:featuredmedia":[{"embeddable":true,"href":"https:\/\/www.europesays.com\/fr\/wp-json\/wp\/v2\/media\/351267"}],"wp:attachment":[{"href":"https:\/\/www.europesays.com\/fr\/wp-json\/wp\/v2\/media?parent=351266"}],"wp:term":[{"taxonomy":"category","embeddable":true,"href":"https:\/\/www.europesays.com\/fr\/wp-json\/wp\/v2\/categories?post=351266"},{"taxonomy":"post_tag","embeddable":true,"href":"https:\/\/www.europesays.com\/fr\/wp-json\/wp\/v2\/tags?post=351266"}],"curies":[{"name":"wp","href":"https:\/\/api.w.org\/{rel}","templated":true}]}}