{"id":351268,"date":"2025-08-29T03:28:12","date_gmt":"2025-08-29T03:28:12","guid":{"rendered":"https:\/\/www.europesays.com\/fr\/351268\/"},"modified":"2025-08-29T03:28:12","modified_gmt":"2025-08-29T03:28:12","slug":"pro-d2-les-compositions-probables-de-la-premiere-journee-de-pro-d2","status":"publish","type":"post","link":"https:\/\/www.europesays.com\/fr\/351268\/","title":{"rendered":"Pro D2 &#8211; Les compositions probables de la premi\u00e8re journ\u00e9e de Pro D2"},"content":{"rendered":"<p>\n                Le championnat de Pro D2 est de retour ce vendredi, alors le Midi Olympique reprend ses bonnes habitudes. D\u00e9couvrez en exclusivit\u00e9 les compositions probables des seize \u00e9curies avant la premi\u00e8re journ\u00e9e.\u00a0\n            <\/p>\n<p>Biarritz &#8211; B\u00e9ziers<\/p>\n<p><strong>Le XV de d\u00e9part probable de Biarritz : <\/strong>15. Jaminet\u2005; 14. Kibirige, 13. Morgan, 12. Laborde, 11. Acebes (cap.)\u2005; 10. Selponi, 9. Lesgourgues\u2005; 7. Bourdeau ou Placines, 8. du Preez, 6. H\u00e9bert\u2005; 5. Faasalele, 4. Fortuin\u2005; 3. Samaran, 2. Martinez, 1. Mur.<\/p>\n<p>Rempla\u00e7ants\u2005: 16. Sonzogni, 17. El Fakir, 18. Dyer, 19. Placines ou Taofifenua, 20. Hourcade, 21. Reti\u00e8re, 22. Even, 23. Pirlet.<\/p>\n<p><strong>Le XV de d\u00e9part probable de B\u00e9ziers :\u00a0<\/strong>15. Koevort\u2005; 14. Courtaud, 13. Plazy, 12. Recor, 11. Reau\u2005; 10. Dreuille, 9. Marques\u2005; 7. Ancely, 8. Pauta, 6. Doumenc (cap.)\u2005; 5. Eru, 4. Benoy\u2005; 3. Judge, 2. Lalev\u00e9e, 1. El Maslouhi.<\/p>\n<p>Rempla\u00e7ants\u2005: 16. Boulassel, 17. Arroyo, 18. Gayraud, 19. Abescat, 20. Anon, 21. Aubry, 22. Koen, 23. Rasamoelina.<\/p>\n<p>Soyaux-Angoul\u00eame &#8211; Provence Rugby<\/p>\n<p><strong>Le XV de d\u00e9part probable de Soyaux-Angoul\u00eame :\u00a0<\/strong>15. Dubecq ; 14. Farissier, 13. Proult, 12. Lafon, 11. Barrett ; 10. Botica (cap.), 9. Saubusse ; 7. Texier, 8. Nollet, 6. Burgaud ; 5. Beukeboom, 4. E. Morand-Bruyat ; 3. Boutemmani, 2. Me\u00eft\u00e9, 1. Zouha\u00efr.<\/p>\n<p>Rempla\u00e7ants\u2005: 16. Matu\u2019u, 17. Balakarev, 18. Lemardelet, 19. Decubber, 20. Bau, 21. Gl\u00e9nat, 22. Mey, 23. Diakit\u00e9.<\/p>\n<p><strong>Le XV de d\u00e9part probable de Provence Rugby\u00a0:\u00a0<\/strong>15. Colombet\u2005; 14. Lap\u00e8gue, 13. Lucas, 12. cGalletier, 11. Bouhedjeur\u2005; 10. Soulan, 9. Deghmache\u2005; 7. Voisin, 8. Tuisue, 6. Harrison (cap.)\u2005; 5. Rodda, 4. Zafra\u2005; 3. Hawkes, 2. Sauveterre, 1. Taofifenua.<\/p>\n<p>Rempla\u00e7ants\u2005: 16. Latterrade ou Laget, 17. Wegrzyn, 18. Youyoutte ou Van Eerten, 19. Piazzoli ou Gambini, 20. Cazenave, 21. Salles, 22. Bituniyata ou Drouet, 23. Yemsi ou Francis.<\/p>\n<p>Aurillac &#8211; Carcassonne\u00a0<\/p>\n<p><strong>Le XV de d\u00e9part probable d&rsquo;Aurillac :\u00a0<\/strong>15. Papunashvili\u2005; 14. O\u2019Donnell, 13. Pieters, 12. Manuofetoa, 11. Coertzen\u2005; 10. Strachan, 9. Delarue\u2005; 7. De Jong, 8. Tison (cap.), 6. Masterson\u2005; 5. Rolland, 4. Bloemen\u2005; 3. Kartvelishvili, 2. Loughnane\u2005; 1. Mchedlidze.<\/p>\n<p>Rempla\u00e7ants\u2005: 16. Nioradze, 17. Rodgers, 18. Jongejan, 19. Taulani, 20. A. Burduli, 21. Salvan, 22. Bastard, 23. Robertson McCoy.<\/p>\n<p><strong>Le XV de d\u00e9part probable de Carcassonne :\u00a0<\/strong>15. Gianet\u2005; 14. Railevu, 13. Naivalu, 12. Puletua, 11. Gad\u00e9a\u2005; 10. McPhilips, 9. Pichon\u2005; 7. Herjean, 8. L. Timani, 6. Graham\u2005; 5. S. Timani, 4. Manchia (cap.)\u2005; 3. Sauzaret, 2. Boubila ou Tabarot, 1. Arnold.<\/p>\n<p>Rempla\u00e7ants\u2005: 16. Tabarot ou Boubila, 17. Taofifenua, 18. Oula\u00ef, 19. Iftimiciuc, 20. Dreno ou Fadli, 21. P\u00e9rez ou Chali\u00e9s, 22. Patilla, 23. Halanukonuka.<\/p>\n<p>Mont-de-Marsan &#8211; Colomiers\u00a0<\/p>\n<p><strong>Le XV de d\u00e9part probable de Mont-de-Marsan :\u00a0<\/strong>15. Cortes\u2005; 14. Seru, 13. Mass\u00e9, 12. Ezcurra, 11. De Nardi\u2005; 10. Du Plessis, 9. Loustalot (cap)\u2005; 7. Ponpon, 8. Iashagashvili, 6. Lafforgue\u2005; 5. Chachanidze, 4. Durand\u2005; 3. Alves, 2. Begic, 1. Goginava.<\/p>\n<p>Rempla\u00e7ants\u2005: 16. Dufour, 17. Innocente, 18. Tuivaiti, 19. Tuifua, 20. Milo-Harris, 21. Dupont, 22. Wakaya, 23. Berthaud.<\/p>\n<p><strong>Le XV de d\u00e9part probable de Colomiers : <\/strong>15. Pinto\u2005; 14. Marta, 13. Salles, 12. Nu\u2019u, 11. Carmona\u2005; 10. Delpy, 9. Seguela\u2005; 7. Bazin, 8. Timu, 6. Plataret\u2005; 5. Edwards, 4. Granouillet\u2005; 3. Kite, 2. Larrieu (cap.), 1 Tartas.<\/p>\n<p>Rempla\u00e7ants\u2005: 16. El Ansari, 17. Lachaud, 18. Lavanini, 19. Parpagiola, 20. Maurel, 21. Culinat, 22. Borie, 23. Bellemand.<\/p>\n<p>Nevers &#8211; Agen<\/p>\n<p><strong>Le XV de d\u00e9part probable de Nevers :<\/strong>\u00a015. D. Jaminet\u2005; 14. Blanc, 13. Manu, 12. Paris, 11. Rocher\u2005; 10. Reynolds, 9. Bouyssou (cap.)\u2005; 7. Kazubek, 8. Fraser, 6. David\u2005; 5. Gabriel, 4. Francoz\u2005; 3. Knox, 2. Ma\u2019afu\u2005; 1. Pkhakadze.<\/p>\n<p>Rempla\u00e7ants\u2005: 16. Petriashvili, 17. Tufele, 18. Smith, 19. Noah, 20. Tarel, 21. Deleuze, 22. Belaubre, 23. Kaikatsishvili.<\/p>\n<p><strong>Le XV de d\u00e9part probable d&rsquo;Agen :\u00a0<\/strong>15. Dupichot\u2005; 14. Cazemajou Noudofinin, 13. Garrigues, 12. Ramoka, 11. Martins\u2005; 10. Willis, 9. Maunder\u2005; 7. Duputs (cap.), 8. Bonnet, 6. Lebian\u2005; 5. Demotte, 4. De Giovanni\u2005; 3. Mstoiani, 2. Jouvin, 1. Guion.<\/p>\n<p>Rempla\u00e7ants\u2005: 16. Socino, 17. Tabarot, 18. Marchois, 19. Matakaiongo, 20. Idjellidaine, 21. Jean, 22. Cummins, 23. Burin.<\/p>\n<p>Valence Romans &#8211; Dax<\/p>\n<p><strong>Le XV de d\u00e9part probable de Valence Romans :\u00a0<\/strong>15. Moura\u2005; 14. Rozi\u00e8re, 13. Guillomot, 12. Marrou, 11. Lane\u2005; 10. M\u00e9ret, 9. Rodor\u2005; 7. Spanderashvili, 8. Vachon, 6.Bruchet (cap.)\u2005; 5. Goumat\u2005; 4. McCauley\u2005; 3. Milasinovich, 2. Marco-Pena, 1. Pontanier.<\/p>\n<p>Rempla\u00e7ants\u2005: 16. Idoumi, 17. Aleo, 18. Fabr\u00e8gue, 19. Suaud, 20. Lhusero, 21. Waqaninavatu, 22. Roux, 23. Vial.<\/p>\n<p><strong>Le XV de d\u00e9part probable de Dax :\u00a0<\/strong>15. Gatelier\u2005; 14. Ben Alla, 13. Daguerre, 12. Vatubua, 11. Miranda\u2005; 10. S\u00e9guy, 9. Reteau\u2005; 7. J.-B. Barr\u00e8re (cap.), 8. Lemalu, 6. Ausset\u2005; 5. Nacika, 4. Matthews\u2005; 3. Leatigaga, 2. Hiriart-Urruty, 1. Laboille.<\/p>\n<p>Rempla\u00e7ants\u2005: 16. Laperne, 17. Lolohea, 18. Loiret, 19. Aletti, 20. Wasley, 21. Ravier, 22. Cerisier, 23. Ferreira.<\/p>\n<p>Oyonnax &#8211; Grenoble<\/p>\n<p><strong>Le XV de d\u00e9part probable de Oyonnax : <\/strong>15. Bogado\u2005; 14. Qadiri, 13. Toala, 12. Mensa ou Morlan, 11. Stark\u2005; 10. Bouraux, 9. Ruru\u2005; 7. Pacheco, 8. Miquel, 6. Lebreton (cap)\u2005; 5. Corso, 4. Battye\u2005; 3. Oz, 2. Karkadze, 1. Abraham.<\/p>\n<p>Rempla\u00e7ants\u2005: 16. Lonchamp, 17. Bordenave, 18 Lebas, 19. Cassiem, 20. Lobzhanidze, 21. Picault, 22. Matkava, 23. Tafili.<\/p>\n<p><strong>Le XV de d\u00e9part probable de Grenoble :<\/strong>\u00a015. H. Trouilloud\u2005; 14. Callandret, 13. R. Trouilloud, 12. Lestrade, 11. Rasaku\u2005; 10. Palmier, 9. Couilloud\u2005; 7. Guillaumond, 8. Martel, 6. Berruyer\u2005(cap.) ; 5. Nansen, 4. Ployet\u2005; 3. Jonker, 2. Soury, 1. Eglaine.<\/p>\n<p>Rempla\u00e7ants\u2005: 16. Ruffenach, 17. Gauthier, 18. Javakhia, 19. Madeira, 20. Escande, 21. Cl\u00e9ment, 22. Mouton, 23. Thomas.<\/p>\n<p>Brive &#8211; Vannes<\/p>\n<p><strong>Le XV de d\u00e9part de Brive : <\/strong>15. Tisseron\u2005; 14. Cros, 13. Biasotto ou Krone, 12. Bainivalu, 11. Dridi\u2005; 10. Olding (cap.), 9. Cooney\u2005; 7. Lawes, 8. Peysson, 6. Maximin ou Marais\u2005; 5. Mikautadze ou Usarraga, 4. Stassen\u2005; 3. Van der Merwe, 2. Boudou, 1. Chauvac.<\/p>\n<p>Rempla\u00e7ants\u2005: 16. Da Silva, 17. Fraissenon, 18. Usarraga ou Mikautadze, 19. Coletta, 20. Galthi\u00e9, 21. Bosch ou Shillcock, 22. Lefranc ou Zenon, 23. Abdaladze.<\/p>\n<p><strong>Le XV de d\u00e9part de Vannes :\u00a0<\/strong>15. Bouthier\u2005; 14. Stevenson, 13. Boudehent, 12. Saili, 11. Roudil ou Camou\u2005; 10. Lafage, 9. Alania\u2005; 7. Gorrissen (cap.), 8. Kalamafoni, 6. Augry\u2005; 5. Metz, 4. Desjeux ou M\u00e9zou\u2005; 3. Medrano, 2. Cherry, 1. Vunipola.<\/p>\n<p>Rempla\u00e7ants\u2005: 16. Blanchard, 17. Berguet, 18. M\u00e9zou ou Desjeux, 19. Edwards, 20. Boulier, 21. Deba\u00ebs, 22. Surano ou Roudil, 23. Tafili.<\/p>\n","protected":false},"excerpt":{"rendered":"Le championnat de Pro D2 est de retour ce vendredi, alors le Midi Olympique reprend ses bonnes habitudes.&hellip;\n","protected":false},"author":2,"featured_media":351269,"comment_status":"","ping_status":"","sticky":false,"template":"","format":"standard","meta":{"footnotes":""},"categories":[1416],"tags":[1011,27,479,1468,60],"class_list":{"0":"post-351268","1":"post","2":"type-post","3":"status-publish","4":"format-standard","5":"has-post-thumbnail","7":"category-rugby","8":"tag-fr","9":"tag-france","10":"tag-rugby","11":"tag-rugby-football","12":"tag-sports"},"share_on_mastodon":{"url":"https:\/\/pubeurope.com\/@fr\/115109934046775065","error":""},"_links":{"self":[{"href":"https:\/\/www.europesays.com\/fr\/wp-json\/wp\/v2\/posts\/351268","targetHints":{"allow":["GET"]}}],"collection":[{"href":"https:\/\/www.europesays.com\/fr\/wp-json\/wp\/v2\/posts"}],"about":[{"href":"https:\/\/www.europesays.com\/fr\/wp-json\/wp\/v2\/types\/post"}],"author":[{"embeddable":true,"href":"https:\/\/www.europesays.com\/fr\/wp-json\/wp\/v2\/users\/2"}],"replies":[{"embeddable":true,"href":"https:\/\/www.europesays.com\/fr\/wp-json\/wp\/v2\/comments?post=351268"}],"version-history":[{"count":0,"href":"https:\/\/www.europesays.com\/fr\/wp-json\/wp\/v2\/posts\/351268\/revisions"}],"wp:featuredmedia":[{"embeddable":true,"href":"https:\/\/www.europesays.com\/fr\/wp-json\/wp\/v2\/media\/351269"}],"wp:attachment":[{"href":"https:\/\/www.europesays.com\/fr\/wp-json\/wp\/v2\/media?parent=351268"}],"wp:term":[{"taxonomy":"category","embeddable":true,"href":"https:\/\/www.europesays.com\/fr\/wp-json\/wp\/v2\/categories?post=351268"},{"taxonomy":"post_tag","embeddable":true,"href":"https:\/\/www.europesays.com\/fr\/wp-json\/wp\/v2\/tags?post=351268"}],"curies":[{"name":"wp","href":"https:\/\/api.w.org\/{rel}","templated":true}]}}