{"id":351275,"date":"2025-08-29T03:33:21","date_gmt":"2025-08-29T03:33:21","guid":{"rendered":"https:\/\/www.europesays.com\/fr\/351275\/"},"modified":"2025-08-29T03:33:21","modified_gmt":"2025-08-29T03:33:21","slug":"mathieu-bosredon-et-florian-jouanny-titres-lors-des-championnats-du-monde-de-para-cyclisme-lequipe","status":"publish","type":"post","link":"https:\/\/www.europesays.com\/fr\/351275\/","title":{"rendered":"Mathieu Bosredon et Florian Jouanny titr\u00e9s lors des Championnats du monde de para-cyclisme &#8211; L&#039;\u00c9quipe"},"content":{"rendered":"<ol>\n<li><a href=\"https:\/\/news.google.com\/rss\/articles\/CBMi5gFBVV95cUxPN2d2LXNaMGxGX3BKcVhLN1h1cG15QVZ0N3d5N0czVEtRS2I2cEhPaFlCRUYzd3BZNjZSai1iV2J0ZGJUVTZENS1PMm16Nm5yYW52MzFIZ0hPY2hwNWFWSlk0VkFXdHR6QUpmUmRqTElYaWVwQWRHRmtPNl82TlhTMVpfLUgycFdGU0F1N20tREptZnVZU2V0R1pTTlpQWEZSQkNNUkw3TFFKR3RQRVV3LTlXemsxclJOOHlmd3loZjhoZmw5VEU4d2ZqSHVKeFQ4d1habmU0WFNlN2syTVRXX19MQ2pPZw?oc=5\" target=\"_blank\" rel=\"nofollow noopener\">Mathieu Bosredon et Florian Jouanny titr\u00e9s lors des Championnats du monde de para-cyclisme<\/a>&nbsp;&nbsp;L&rsquo;\u00c9quipe<\/li>\n<li><a href=\"https:\/\/news.google.com\/rss\/articles\/CBMi-wFBVV95cUxQdnZkVF8tY2stVzB1ZDRqOXR6cGt4ZllGR2J0X2hsSktPWjF1Y1dnbzNuVUE1STBXclk5TTN5LVdTZWJmdjF3TTdJLUxYTXVNVkt2NzJyNHR4TDBEMUpCOGtodGx4STZRcUxzX040YmxWOTU4djRoM0pXOWJjNl9VSFZVT3NGLU1FUFhaUEJSSk00Z3VWcFdsd1R1U3hldVc1NW80eDlTaGlhS0piTU8wVFhzREdEZEx5OFlqbGt1cmZXX05zaVZoQmhyOVBxT21TelFNMDhvMUI2RkdDSWlETFZSSVQ4SGdZNjBFYnZha3E0ajdWNC1NVHl5dw?oc=5\" target=\"_blank\" rel=\"nofollow noopener\">Para-cyclisme. \u00ab Un ras-le-bol complet \u00bb : sursollicit\u00e9 apr\u00e8s les Jeux, L\u00e9aut\u00e9 voulait souffler<\/a>&nbsp;&nbsp;Ouest-France<\/li>\n<li><a href=\"https:\/\/news.google.com\/rss\/articles\/CBMirgFBVV95cUxPSzJZZTB1VmQxcWlPWEcyamtseEhNZWNSdjFicEEzWlJFRGRtZThVTnA0dVIxUTZvOXpMNmRaZ25MTllWb0pWcTUwZnJ0UkJ2Y1daX0dzdDRFbXBLajBPNHpSQmtnUExMYXNrR3dOX1pkbVhpMzd6NDZkLWQyc21zM3FobUtXRDJ6dzQ5ZzJsOFp5OWd3RDdraVNLSC1jVnRBZlQ4ckY4OVdSMk5yaWc?oc=5\" target=\"_blank\" rel=\"nofollow noopener\">PARACYCLISME. Johan Quaile vice-champion du monde de contre-la-montre, Joseph Fritsch 4e<\/a>&nbsp;&nbsp;DNA<\/li>\n<li><a href=\"https:\/\/news.google.com\/rss\/articles\/CBMi1AFBVV95cUxNemhvaHgzVS03bTZkLTNzZm1rc3BSbXdCRXJMcHFpMW9DaG5oZVN3cW15MnhFUVFqdm1tVU1PclljQ3pONWVnamtaMGhfRHBfdEsxdlVfQ2hoc0VKeHdKc3pUUzdNNDZOakpISEdSb2tSeHdibURqR2RfOVlMdF9WQVB6Uno0a0JucU1ySEVYX3YyZzlxaktkbkQzZENoazVGbnh3ZFJzWXdTMEYzUG1fcVlyMWJPbFBTcTA4Q2MzQ0FaeDhycDk5NnFWc1VfOEFFdGhCcA?oc=5\" target=\"_blank\" rel=\"nofollow noopener\">Le Limousin Mathieu Bosredon conserve sa couronne de champion du monde<\/a>&nbsp;&nbsp;La Montagne<\/li>\n<li><a href=\"https:\/\/news.google.com\/rss\/articles\/CBMijAFBVV95cUxPOTBnVDhJYW51a3FHUjRORW01SkducC12VFRJalBKcndtLU1YRFkta3RCT1dEc29oTmFLdktfdmxPd21LSDl4bFQ2dGd0YjNnX0VLYXpoQ1Q4WlBfd2NDMnJSdHNiMVlVSjVrcDRaUk14SEQwQWFhVmZFRmlSTkRCenIwcjZoRHo1b2MxRw?oc=5\" target=\"_blank\" rel=\"nofollow noopener\">Handbike &#8211; Championnats du monde. Le bonheur de Quaile, la d\u00e9ception de Fritsch<\/a>&nbsp;&nbsp;L&rsquo;Alsace<\/li>\n<\/ol>\n","protected":false},"excerpt":{"rendered":"Mathieu Bosredon et Florian Jouanny titr\u00e9s lors des Championnats du monde de para-cyclisme&nbsp;&nbsp;L&rsquo;\u00c9quipe Para-cyclisme. \u00ab Un ras-le-bol complet&hellip;\n","protected":false},"author":2,"featured_media":351276,"comment_status":"","ping_status":"","sticky":false,"template":"","format":"standard","meta":{"footnotes":""},"categories":[1411],"tags":[1154,207,1011,27,60],"class_list":{"0":"post-351275","1":"post","2":"type-post","3":"status-publish","4":"format-standard","5":"has-post-thumbnail","7":"category-cyclisme","8":"tag-cycling","9":"tag-cyclisme","10":"tag-fr","11":"tag-france","12":"tag-sports"},"share_on_mastodon":{"url":"https:\/\/pubeurope.com\/@fr\/115109953771296627","error":""},"_links":{"self":[{"href":"https:\/\/www.europesays.com\/fr\/wp-json\/wp\/v2\/posts\/351275","targetHints":{"allow":["GET"]}}],"collection":[{"href":"https:\/\/www.europesays.com\/fr\/wp-json\/wp\/v2\/posts"}],"about":[{"href":"https:\/\/www.europesays.com\/fr\/wp-json\/wp\/v2\/types\/post"}],"author":[{"embeddable":true,"href":"https:\/\/www.europesays.com\/fr\/wp-json\/wp\/v2\/users\/2"}],"replies":[{"embeddable":true,"href":"https:\/\/www.europesays.com\/fr\/wp-json\/wp\/v2\/comments?post=351275"}],"version-history":[{"count":0,"href":"https:\/\/www.europesays.com\/fr\/wp-json\/wp\/v2\/posts\/351275\/revisions"}],"wp:featuredmedia":[{"embeddable":true,"href":"https:\/\/www.europesays.com\/fr\/wp-json\/wp\/v2\/media\/351276"}],"wp:attachment":[{"href":"https:\/\/www.europesays.com\/fr\/wp-json\/wp\/v2\/media?parent=351275"}],"wp:term":[{"taxonomy":"category","embeddable":true,"href":"https:\/\/www.europesays.com\/fr\/wp-json\/wp\/v2\/categories?post=351275"},{"taxonomy":"post_tag","embeddable":true,"href":"https:\/\/www.europesays.com\/fr\/wp-json\/wp\/v2\/tags?post=351275"}],"curies":[{"name":"wp","href":"https:\/\/api.w.org\/{rel}","templated":true}]}}