{"id":351277,"date":"2025-08-29T03:34:12","date_gmt":"2025-08-29T03:34:12","guid":{"rendered":"https:\/\/www.europesays.com\/fr\/351277\/"},"modified":"2025-08-29T03:34:12","modified_gmt":"2025-08-29T03:34:12","slug":"strasbourg-mene-a-brondby-a-la-pause","status":"publish","type":"post","link":"https:\/\/www.europesays.com\/fr\/351277\/","title":{"rendered":"Strasbourg m\u00e8ne \u00e0 Br\u00f6ndby \u00e0 la pause"},"content":{"rendered":"<p>Zapping Foot National Laure Boulleau : \u00ab J\u2019imagine une s\u00e9quence o\u00f9 Mbapp\u00e9 parle d\u2019un match des Bleues \u2026 \u00bb <\/p>\n<p>Le plus difficile a \u00e9t\u00e9 r\u00e9alis\u00e9 \u00e0 mi-parcours. Le Racing Club de Strasbourg se d\u00e9place actuellement sur la pelouse de Br\u00f6ndby dans le cadre du barrage retour de Ligue Europa Conf\u00e9rence. une rencontre qui voit le club alsacien mener sur le score de deux buts \u00e0 un \u00e0 la mi-temps gr\u00e2ce \u00e0 l\u2019in\u00e9vitable Emanuel Emegha et Isma\u00ebl Doukour\u00e9.\u00a0<\/p>\n<p>Le RCSA devant \u00e0 la pause<\/p>\n<p>Le Racing va rapidement mettre le pied sur le ballon. Pour autant, les visiteurs vont conc\u00e9der le premier coup de chaud de la partie. D\u00e8s la cinqui\u00e8me minute de jeu, F\u00e9lix Lemar\u00e9chal va emp\u00eacher les Danois d\u2019aller jusqu\u2019au bout. Quelques instants plus tard, Br\u00f6ndby va passer tout proche d\u2019ouvrir le score. Sur une longue touche, Daniel Wass est trouv\u00e9 seul dans la surface mais manque sa reprise. Vallys manque de peu de reprendre de la t\u00eate \u00e0 bout portant. Le RCSA va r\u00e9agir dans la foul\u00e9e et parvenir \u00e0 trouver le chemin des filets. Sur un ballon en profondeur, le gardien de Brondby h\u00e9site \u00e0 sortir et se fait pi\u00e9ger par Emanuel Emegha, qui pique son ballon au-dessus. Le coup parfait pour le moment pour les hommes de Liam Rosenior.\u00a0<\/p>\n<p>\u00c0 la 25\u00e8me minute de jeu, Br\u00f6ndby acc\u00e9l\u00e9rer sur le c\u00f4t\u00e9 gauche, avec un centre \u00e0 ras-de-terre difficilement repouss\u00e9 par La D\u00e9fense alsacienne. Peu apr\u00e8s la demi-heure de jeu, Yahirovic va r\u00e9clamer un penalty apr\u00e8s avoir rent\u00e9 de pousser Junior Mwanga \u00e0 la faute. Pas suffisant pour l\u2019arbitre. Le RCSA va faire le break \u00e0 cinq minutes de la mi-temps. Sur une frappe lointaine \u00e0 ras de terre, Isma\u00ebl Doukour\u00e9 parvient \u00e0 trouver la belle zone pour le break. Pas de quoi pour autant freiner Br\u00f6ndby, qui va r\u00e9duire l\u2019\u00e9cart \u00e0 la 44\u00e8me minute de jeu. Sur une longue touche, les Strasbourgeois ne parviennent pas \u00e0 se d\u00e9gager. Daniel Wass r\u00e9cup\u00e8re le cuir au second poteau et conclut de la t\u00eate \u00e0 bout portant.\u00a0<\/p>\n<p>Partagez cette info avec vos amis et vos proches en cliquant ici<br \/>Pour r\u00e9sumer<\/p>\n<p>Le plus difficile a \u00e9t\u00e9 r\u00e9alis\u00e9 \u00e0 mi-parcours. Le Racing Club de Strasbourg se d\u00e9place actuellement sur la pelouse de Br\u00f6ndby dans le cadre du barrage retour de Ligue Europa Conf\u00e9rence. une rencontre qui voit le club alsacien mener sur le score de deux buts \u00e0 un \u00e0 la mi-temps gr\u00e2ce \u00e0 l\u2019in\u00e9vitable Emanuel Emegha et Isma\u00ebl Doukour\u00e9.\u00a0<\/p>\n<p> <img decoding=\"async\" width=\"76\" height=\"76\" loading=\"lazy\" src=\"https:\/\/static.wui.fr\/images_v3\/avatar-footnational.png\" alt=\"Youcef Ghalaza-Boudra\"\/><\/p>\n","protected":false},"excerpt":{"rendered":"Zapping Foot National Laure Boulleau : \u00ab J\u2019imagine une s\u00e9quence o\u00f9 Mbapp\u00e9 parle d\u2019un match des Bleues \u2026&hellip;\n","protected":false},"author":2,"featured_media":351278,"comment_status":"","ping_status":"","sticky":false,"template":"","format":"standard","meta":{"footnotes":""},"categories":[1410],"tags":[63,1011,27,60],"class_list":{"0":"post-351277","1":"post","2":"type-post","3":"status-publish","4":"format-standard","5":"has-post-thumbnail","7":"category-football","8":"tag-football","9":"tag-fr","10":"tag-france","11":"tag-sports"},"share_on_mastodon":{"url":"https:\/\/pubeurope.com\/@fr\/115109958372573397","error":""},"_links":{"self":[{"href":"https:\/\/www.europesays.com\/fr\/wp-json\/wp\/v2\/posts\/351277","targetHints":{"allow":["GET"]}}],"collection":[{"href":"https:\/\/www.europesays.com\/fr\/wp-json\/wp\/v2\/posts"}],"about":[{"href":"https:\/\/www.europesays.com\/fr\/wp-json\/wp\/v2\/types\/post"}],"author":[{"embeddable":true,"href":"https:\/\/www.europesays.com\/fr\/wp-json\/wp\/v2\/users\/2"}],"replies":[{"embeddable":true,"href":"https:\/\/www.europesays.com\/fr\/wp-json\/wp\/v2\/comments?post=351277"}],"version-history":[{"count":0,"href":"https:\/\/www.europesays.com\/fr\/wp-json\/wp\/v2\/posts\/351277\/revisions"}],"wp:featuredmedia":[{"embeddable":true,"href":"https:\/\/www.europesays.com\/fr\/wp-json\/wp\/v2\/media\/351278"}],"wp:attachment":[{"href":"https:\/\/www.europesays.com\/fr\/wp-json\/wp\/v2\/media?parent=351277"}],"wp:term":[{"taxonomy":"category","embeddable":true,"href":"https:\/\/www.europesays.com\/fr\/wp-json\/wp\/v2\/categories?post=351277"},{"taxonomy":"post_tag","embeddable":true,"href":"https:\/\/www.europesays.com\/fr\/wp-json\/wp\/v2\/tags?post=351277"}],"curies":[{"name":"wp","href":"https:\/\/api.w.org\/{rel}","templated":true}]}}