{"id":351279,"date":"2025-08-29T03:35:10","date_gmt":"2025-08-29T03:35:10","guid":{"rendered":"https:\/\/www.europesays.com\/fr\/351279\/"},"modified":"2025-08-29T03:35:10","modified_gmt":"2025-08-29T03:35:10","slug":"un-petit-monsieur-est-ne-elie-semoun-61-ans-heureux-papa-dun-deuxieme-garcon","status":"publish","type":"post","link":"https:\/\/www.europesays.com\/fr\/351279\/","title":{"rendered":"\u00ab Un petit monsieur est n\u00e9 \u00bb : Elie Semoun, 61 ans, heureux papa d\u2019un deuxi\u00e8me gar\u00e7on"},"content":{"rendered":"<p>Carnet rose ! En cette fin d\u2019\u00e9t\u00e9, Elie Semoun voit sa vie<br \/>\nbasculer. L\u2019humoriste de 61 ans vient d\u2019\u00eatre papa pour la deuxi\u00e8me<br \/>\nfois. Pour ses fans, cela n\u2019est pas vraiment une grande surprise.<br \/>\nEn effet, il y a quelques mois, plus pr\u00e9cis\u00e9ment en avril, <a href=\"https:\/\/www.closermag.fr\/people\/elie-semoun-bientot-papa-29-ans-apres-la-naissance-de-son-fils-antoine-son-incroyable-scoop-dans-quotidien-3535489\" target=\"_blank\" rel=\"noopener\"><br \/>\nil avait fait part d\u2019une grande nouvelle<\/a> : celle de la<br \/>\ngrossesse de <a href=\"https:\/\/www.closermag.fr\/people\/elie-semoun-amoureux-lhumoriste-se-confie-sur-sa-nouvelle-compagne-3426930\" target=\"_blank\" rel=\"noopener\"><br \/>\nsa compagne, Aude.<\/a> \u201cEt entre\u2026 Je vais vous donner un scoop<br \/>\n: je vais \u00eatre papa ! Beaucoup de choses m\u2019attendent. Un vieux<br \/>\npapa. En septembre, je le serai\u201d, avait-il d\u00e9clar\u00e9.<\/p>\n<p>Un peu plus de cinq mois plus tard, son b\u00e9b\u00e9 a point\u00e9 le bout de<br \/>\nson nez. <a href=\"https:\/\/www.closermag.fr\/people\/un-petit-massacre-elie-semoun-se-confie-sur-la-mort-de-son-pere-atteint-d-alzheimer-1653432#item=1\" target=\"_blank\" rel=\"noopener\"><br \/>\nLe com\u00e9dien qui a perdu son papa<\/a> il y a presque cinq ans,<br \/>\nc\u00e9l\u00e8bre aujourd\u2019hui la vie.<\/p>\n<p>Carnet rose pour Elie Semoun<\/p>\n<p>C\u2019est via son compte Instagram qu\u2019il a annonc\u00e9 la bonne<br \/>\nnouvelle. Un jour dont il se souviendra toujours. Et il a<br \/>\nvisiblement eu envie de partager son bonheur avec ses abonn\u00e9s.<br \/>\nAlors qu\u2019il n\u2019a <a href=\"https:\/\/www.closermag.fr\/people\/a-peine-elie-semoun-fait-le-point-tres-franchement-sur-sa-vie-amoureuse-1692124#item=1\" target=\"_blank\" rel=\"noopener\"><br \/>\npas vraiment l\u2019habitude de partager des moments de sa vie<br \/>\npriv\u00e9e<\/a> sur ce r\u00e9seau social, \u00e0 \u00e9v\u00e9nement exceptionnel,<br \/>\npublication exceptionnelle : \u201c<strong>Le 28\/08\/2025 \u00e0 10 h 28<br \/>\nun petit monsieur est n\u00e9<\/strong>\u201d, \u00e9crit-il. Si on ne conna\u00eet<br \/>\npas le pr\u00e9nom de son nouveau-n\u00e9, il a donc r\u00e9v\u00e9l\u00e9 son sexe.<\/p>\n<p>Pour illustrer ses propos, il a post\u00e9 une photo en noir et<br \/>\nblanc, montrant les mains de son fils, tenant son doigt. Une image<br \/>\n\u00e9mouvante, qui a imm\u00e9diatement suscit\u00e9 de nombreuses r\u00e9actions en<br \/>\ncommentaire : \u201cToutes mes f\u00e9licitations !!!\u201d, \u00e9crit<br \/>\nChristophe Beaugrand. Ce n\u2019est pas la seule c\u00e9l\u00e9brit\u00e9 \u00e0 lui avoir<br \/>\nlaiss\u00e9 un petit mot. Anne-Sophie Girard ou encore Joy Esther lui<br \/>\nont aussi adress\u00e9 leurs f\u00e9licitations.<\/p>\n<blockquote class=\"instagram-media\" style=\"background: #ffffff;border: 0;margin: 1px;width: 100%;padding: 0;max-width: 500px;\" data-instgrm-permalink=\"https:\/\/www.instagram.com\/p\/DN5_M9QCIaZ\/\" data-instgrm-version=\"14\"\/><p>\n\u00c9lie Semoun : ses enfants ont trente<br \/>\nans d\u2019\u00e9cart<\/p>\n<p>Cette naissance intervient trente ans apr\u00e8s celle de <a href=\"https:\/\/www.closermag.fr\/people\/jetais-dans-le-deni-de-sa-naissance-chaotique-a-son-handicap-elie-semoun-parle-comme-rarement-de-son-fils-3451727\" target=\"_blank\" rel=\"noopener\"><br \/>\nson fils Antoine<\/a>, qui, contrairement \u00e0 son petit fr\u00e8re, \u00e9tait<br \/>\nn\u00e9 grand pr\u00e9matur\u00e9. Il ne pesait que 750 grammes \u00e0 la naissance !<br \/>\nIl s\u2019\u00e9tait exprim\u00e9 \u00e0 plusieurs reprises \u00e0 son sujet, expliquant<br \/>\nnotamment : \u201cMon fils est diff\u00e9rent, mais <a href=\"https:\/\/www.closermag.fr\/people\/du-mal-a-accepter-sa-difference-elie-semoun-se-livre-sur-son-fils-diagnostique-autiste-asperger-3422529\" target=\"_blank\" rel=\"noopener\"><br \/>\nj\u2019adore cette diff\u00e9rence<\/a>. On l\u2019a r\u00e9duit \u00e0 un enfant autiste<br \/>\nparce qu\u2019il souffre d\u2019un l\u00e9ger syndrome Asperger, mais cette<br \/>\ndiff\u00e9rence, c\u2019est sa richesse.\u00a0\u00bb<\/p>\n<p>Ce second b\u00e9b\u00e9, il ne l\u2019avait pas pr\u00e9vu. Invit\u00e9 des Grosses<br \/>\nT\u00eates sur RTL, le 15 avril dernier, il avait r\u00e9v\u00e9l\u00e9 : \u201cComme je<br \/>\nl\u2019ai dit, c\u2019est <strong>un accident heureux<\/strong>, ce n\u2019\u00e9tait<br \/>\npas pr\u00e9vu.\u201d \u00c0 61 ans, voil\u00e0 qu\u2019\u00c9lie Semoun va se replonger<br \/>\ndans les couches et dans les biberons. Mais l\u2019acteur a toujours<br \/>\naffich\u00e9 une grande complicit\u00e9 avec son a\u00een\u00e9, donc nul doute qu\u2019il<br \/>\nva nouer des liens tr\u00e8s forts avec son cadet.<\/p>\n<p><script async src=\"\/\/www.instagram.com\/embed.js\"><\/script><\/p>\n","protected":false},"excerpt":{"rendered":"Carnet rose ! En cette fin d\u2019\u00e9t\u00e9, Elie Semoun voit sa vie basculer. L\u2019humoriste de 61 ans vient&hellip;\n","protected":false},"author":2,"featured_media":351280,"comment_status":"","ping_status":"","sticky":false,"template":"","format":"standard","meta":{"footnotes":""},"categories":[1359],"tags":[548,58,5655,59,1011,27,973],"class_list":{"0":"post-351279","1":"post","2":"type-post","3":"status-publish","4":"format-standard","5":"has-post-thumbnail","7":"category-people","8":"tag-article-simple","9":"tag-divertissement","10":"tag-elie-semoun","11":"tag-entertainment","12":"tag-fr","13":"tag-france","14":"tag-people"},"share_on_mastodon":{"url":"https:\/\/pubeurope.com\/@fr\/115109961658159576","error":""},"_links":{"self":[{"href":"https:\/\/www.europesays.com\/fr\/wp-json\/wp\/v2\/posts\/351279","targetHints":{"allow":["GET"]}}],"collection":[{"href":"https:\/\/www.europesays.com\/fr\/wp-json\/wp\/v2\/posts"}],"about":[{"href":"https:\/\/www.europesays.com\/fr\/wp-json\/wp\/v2\/types\/post"}],"author":[{"embeddable":true,"href":"https:\/\/www.europesays.com\/fr\/wp-json\/wp\/v2\/users\/2"}],"replies":[{"embeddable":true,"href":"https:\/\/www.europesays.com\/fr\/wp-json\/wp\/v2\/comments?post=351279"}],"version-history":[{"count":0,"href":"https:\/\/www.europesays.com\/fr\/wp-json\/wp\/v2\/posts\/351279\/revisions"}],"wp:featuredmedia":[{"embeddable":true,"href":"https:\/\/www.europesays.com\/fr\/wp-json\/wp\/v2\/media\/351280"}],"wp:attachment":[{"href":"https:\/\/www.europesays.com\/fr\/wp-json\/wp\/v2\/media?parent=351279"}],"wp:term":[{"taxonomy":"category","embeddable":true,"href":"https:\/\/www.europesays.com\/fr\/wp-json\/wp\/v2\/categories?post=351279"},{"taxonomy":"post_tag","embeddable":true,"href":"https:\/\/www.europesays.com\/fr\/wp-json\/wp\/v2\/tags?post=351279"}],"curies":[{"name":"wp","href":"https:\/\/api.w.org\/{rel}","templated":true}]}}