{"id":351281,"date":"2025-08-29T03:36:16","date_gmt":"2025-08-29T03:36:16","guid":{"rendered":"https:\/\/www.europesays.com\/fr\/351281\/"},"modified":"2025-08-29T03:36:16","modified_gmt":"2025-08-29T03:36:16","slug":"sur-la-plage-camarguaise-du-grand-radeau-le-photographe-gil-lorfevre-capture-lephemere","status":"publish","type":"post","link":"https:\/\/www.europesays.com\/fr\/351281\/","title":{"rendered":"Sur la plage camarguaise du Grand Radeau, le photographe Gil Lorf\u00e8vre capture l\u2019\u00e9ph\u00e9m\u00e8re"},"content":{"rendered":"<p>\n                                                                Avec po\u00e9sie, Gil Lorf\u00e8vre photographie les bois flott\u00e9s et les paysages du Grand radeau, une plage de Camargue grignot\u00e9 par l\u2019avanc\u00e9e de la mer.\n                            <\/p>\n<p>Entre la plage du Grand Radeau aux Saintes-Maries-de-la-Mer et Gil Lorf\u00e8vre, c\u2019est une longue histoire. L\u2019ancien journaliste \u00e0 Midi Libre, passionn\u00e9 de photo, fr\u00e9quente depuis une trentaine d\u2019ann\u00e9es ce lieu secret de Camargue. Il y a une quinzaine d\u2019ann\u00e9es, il a commenc\u00e9 \u00e0 photographier les bois flott\u00e9s \u00e9chou\u00e9s dans ce paysage \u00ab\u00a0magnifique, chaotique, violent, sauvage\u00a0\u00bb. Cela donne aujourd\u2019hui naissance au livre \u00c9ph\u00e9m\u00e8re, publi\u00e9 par la maison d\u2019\u00e9dition n\u00eemoise Atelier Baie.<\/p>\n<p>Les bois flott\u00e9s comme des t\u00e9moins<\/p>\n<p>Au d\u00e9part, il a cherch\u00e9 dans ces d\u00e9combres des images, un bestiaire monstrueux. Peu \u00e0 peu, il s\u2019est aussi int\u00e9ress\u00e9 aux constructions faites sur place avec ces bois flott\u00e9s, comme des tipis abandonn\u00e9s par des Indiens de passage. Gil Lorf\u00e8vre a \u00e9t\u00e9 frapp\u00e9 par cet \u00e9ph\u00e9m\u00e8re, car au fil du temps, il a aussi vu la mer avancer inexorablement, franchir la digue\u2026 \u00ab\u00a0Ces bois flott\u00e9s sont les derniers t\u00e9moins de ces plages qui disparaissent\u00a0\u00bb, explique Gil Lorf\u00e8vre, qui apr\u00e8s <a href=\"https:\/\/www.midilibre.fr\/2021\/12\/06\/gard-les-dynasties-de-camargue-un-livre-cousu-main-pour-parler-dici-9974764.php\" target=\"_self\" rel=\"nofollow noopener\">la d\u00e9marche documentaire de son livre Dynasties de Camargue<\/a> a voulu s\u2019orienter vers la po\u00e9sie, l\u2019artistique.<\/p>\n<p>Dans un noir et blanc\u00a0qui \u00e9voque les charognes de<a href=\"https:\/\/www.midilibre.fr\/2014\/11\/15\/le-photographe-lucien-clergue-est-mort,1082072.php\" target=\"_self\" rel=\"nofollow noopener\"> Lucien Clergue<\/a> que Gil Lorf\u00e8vre a connu, les photos argentiques au moyen format et non retouch\u00e9es racontent aussi la fragilit\u00e9 de cet environnement. Gil Lorf\u00e8vre le sait\u00a0: \u00ab\u00a0Ce paysage va dispara\u00eetre. Ce qu\u2019on a connu, nos enfants ne le conna\u00eetront peut-\u00eatre pas. C\u2019est la loi du genre, mais l\u2019art de la photo, c\u2019est de pouvoir garder, fixer ces moments qui deviennent \u00e9ternels\u00a0\u00bb.<\/p>\n<p>En quelques mots, \u00e9crits \u00e0 main lev\u00e9e, Gil Lorf\u00e8vre compl\u00e8te ses images de vers qui disent aussi cette incertitude, cette nature vuln\u00e9rable, ce temps qui passe, ce \u00ab\u00a0funeste destin\u00a0\u00bb que les vagues viennent effacer.<\/p>\n<p>\u00ab\u00a0\u00c9ph\u00e9m\u00e8re\u00a0\u00bb, de Gil Lorf\u00e8vre. \u00c9ditions Atelier Baie, 88 pages. 20,90\u00a0\u20ac.<\/p>\n","protected":false},"excerpt":{"rendered":"Avec po\u00e9sie, Gil Lorf\u00e8vre photographie les bois flott\u00e9s et les paysages du Grand radeau, une plage de Camargue&hellip;\n","protected":false},"author":2,"featured_media":351282,"comment_status":"","ping_status":"","sticky":false,"template":"","format":"standard","meta":{"footnotes":""},"categories":[1358],"tags":[1348,1384,1385,1386,58,59,1011,27],"class_list":{"0":"post-351281","1":"post","2":"type-post","3":"status-publish","4":"format-standard","5":"has-post-thumbnail","7":"category-arts-et-design","8":"tag-arts","9":"tag-arts-and-design","10":"tag-arts-et-design","11":"tag-design","12":"tag-divertissement","13":"tag-entertainment","14":"tag-fr","15":"tag-france"},"share_on_mastodon":{"url":"https:\/\/pubeurope.com\/@fr\/115109965569996491","error":""},"_links":{"self":[{"href":"https:\/\/www.europesays.com\/fr\/wp-json\/wp\/v2\/posts\/351281","targetHints":{"allow":["GET"]}}],"collection":[{"href":"https:\/\/www.europesays.com\/fr\/wp-json\/wp\/v2\/posts"}],"about":[{"href":"https:\/\/www.europesays.com\/fr\/wp-json\/wp\/v2\/types\/post"}],"author":[{"embeddable":true,"href":"https:\/\/www.europesays.com\/fr\/wp-json\/wp\/v2\/users\/2"}],"replies":[{"embeddable":true,"href":"https:\/\/www.europesays.com\/fr\/wp-json\/wp\/v2\/comments?post=351281"}],"version-history":[{"count":0,"href":"https:\/\/www.europesays.com\/fr\/wp-json\/wp\/v2\/posts\/351281\/revisions"}],"wp:featuredmedia":[{"embeddable":true,"href":"https:\/\/www.europesays.com\/fr\/wp-json\/wp\/v2\/media\/351282"}],"wp:attachment":[{"href":"https:\/\/www.europesays.com\/fr\/wp-json\/wp\/v2\/media?parent=351281"}],"wp:term":[{"taxonomy":"category","embeddable":true,"href":"https:\/\/www.europesays.com\/fr\/wp-json\/wp\/v2\/categories?post=351281"},{"taxonomy":"post_tag","embeddable":true,"href":"https:\/\/www.europesays.com\/fr\/wp-json\/wp\/v2\/tags?post=351281"}],"curies":[{"name":"wp","href":"https:\/\/api.w.org\/{rel}","templated":true}]}}