{"id":351283,"date":"2025-08-29T03:37:10","date_gmt":"2025-08-29T03:37:10","guid":{"rendered":"https:\/\/www.europesays.com\/fr\/351283\/"},"modified":"2025-08-29T03:37:10","modified_gmt":"2025-08-29T03:37:10","slug":"monclar-de-quercy-salon-du-livre-de-la-preface-a-la-realite","status":"publish","type":"post","link":"https:\/\/www.europesays.com\/fr\/351283\/","title":{"rendered":"Monclar-de-Quercy. Salon du livre : de la pr\u00e9face \u00e0 la r\u00e9alit\u00e9\u2026"},"content":{"rendered":"<p>\n                                                                    l&rsquo;essentiel<br \/>\n                                                                Pour sa 22e \u00e9dition, le Salon du livre est rest\u00e9 fid\u00e8le \u00e0 la ligne d\u2019origine : apporter le meilleur de l\u2019\u00e9criture au public averti !\n                            <\/p>\n<p>Le vingt-deuxi\u00e8me Salon du livre organis\u00e9 par l\u2019association 7 \u00e0 lire vient de se tenir sur son site d\u2019origine, dans la salle polyvalente de l\u2019esplanade des Trois-Lacs de Monclar-de-Quercy. Cette \u00e9dition rev\u00eatait une forme particuli\u00e8re car reprise in extremis par Alain Jackel, nouveau pr\u00e9sident de l\u2019association 7 \u00e0 lire, apr\u00e8s le d\u00e9c\u00e8s de Robert Viader, fin juillet. Cette \u00e9dition 2024 fut d\u2019ailleurs d\u00e9di\u00e9e \u00e0 celui qui a occup\u00e9 une place pr\u00e9pond\u00e9rante au sein de cette organisation culturelle qui compte une v\u00e9ritable tradition initi\u00e9e par Robert Linas, le fondateur de ce rendez-vous d\u2019\u00e9t\u00e9 autour du livre et ses multiples vertus sans omettre la passion des collectionneurs de tous ordres et m\u00eame des bandes dessin\u00e9es, une autre forme d\u2019\u00e9criture sur fond d\u2019illustration r\u00e9sultant d\u2019un savoir-faire artistique. C\u2019est ce panel de valeurs qui s\u2019est perp\u00e9tu\u00e9 dimanche malgr\u00e9 la difficult\u00e9 d\u2019une organisation r\u00e9alis\u00e9e de mani\u00e8re spontan\u00e9e, la situation de l\u2019ann\u00e9e en \u00e9tant le principal \u00e9cueil\u2026<\/p>\n<p>C\u2019est donc sur ces deux visages que se porte d\u00e9sormais le r\u00e9sultat de ce salon qui leur a \u00e9t\u00e9 d\u00e9di\u00e9. Nous remercierons d\u2019ailleurs Marie-Claire, l\u2019\u00e9pouse de Robert Viader, qui a permis de reprendre le flambeau au pied lev\u00e9 !<\/p>\n<p><b>Jacqueline Boy\u00e9, marraine du salon.<\/b> Port\u00e9e par un talent l\u00e9gendaire, Jacqueline Boy\u00e9 a accept\u00e9 son r\u00f4le de marraine de ce 22e salon. Nous connaissons son \u0153uvre tr\u00e8s large, de la biographie de son p\u00e8re, le docteur Boy\u00e9, fondateur de la clinique jusqu\u2019\u00e0 sa grande collection, Jacqueline Boy\u00e9 a toujours d\u00e9peint sous sa plume la condition humaine. Son dernier livre : \u00ab\u00a0Et si on se disait tout ?\u00a0\u00bb fut la vedette de la pr\u00e9sentation de ce jour. D\u00e9butant son ouvrage par cette phrase : \u00ab\u00a0L\u2019invisible est un regard qui va plus loin que nos yeux de chair\u2026\u00a0\u00bb, cette histoire interpelle par son relief inspir\u00e9 du quotidien avec son actualit\u00e9 concr\u00e8te double de profondes interrogations philosophiques\u2026 C\u2019est ici que le lecteur donnera cours \u00e0 sa propre m\u00e9ditation.<\/p>\n<p>Parall\u00e8lement, Herv\u00e9 Vignes, originaire de Puycornet, pr\u00e9senta \u00ab\u00a0Ombres blanches\u00a0\u00bb, un recueil de nouvelles contemporaines. Quatorze r\u00e9cits brefs, fantastiques, po\u00e9tiques, dr\u00f4les et \u00e9mouvants selon le cas. Neuf nouvelles se situent en m\u00e9tropole dont trois en Tarn-et-Garonne ; les autres ont pour cadre l\u2019outre-mer o\u00f9 l\u2019auteur a longtemps v\u00e9cu. Bien s\u00fbr, beaucoup d\u2019autres auteurs ont marqu\u00e9 de leur talent cette rencontre d\u2019un jour, nous ne pouvons que les encourager \u00e0 perp\u00e9tuer leur \u0153uvre qui signe l\u2019authenticit\u00e9 et la noblesse de la langue de Moli\u00e8res\u2026<\/p>\n<p><b>Les collectionneurs \u00e0 la t\u00eate d\u2019un r\u00e9el patrimoine.<\/b> C\u2019est maintenant bien reconnu, les collectionneurs sont non seulement des passionn\u00e9s mais \u00e9galement de grands connaisseurs en \u0153uvres d\u2019art populaire. Bien des objets qui compl\u00e8tent leurs vitrines sont crois\u00e9s au quotidien tels les capsules de champagne, f\u00e8ves, cartes postales aux accents du pass\u00e9, sans omettre le volet numismatique. L\u2019incontournable philat\u00e9lie et les revues anciennes compl\u00e8tent ces richesses dans cette insolite corne d\u2019abondance\u2026<\/p>\n","protected":false},"excerpt":{"rendered":"l&rsquo;essentiel Pour sa 22e \u00e9dition, le Salon du livre est rest\u00e9 fid\u00e8le \u00e0 la ligne d\u2019origine : apporter&hellip;\n","protected":false},"author":2,"featured_media":351284,"comment_status":"","ping_status":"","sticky":false,"template":"","format":"standard","meta":{"footnotes":""},"categories":[1357],"tags":[1379,58,59,1011,27,1380],"class_list":{"0":"post-351283","1":"post","2":"type-post","3":"status-publish","4":"format-standard","5":"has-post-thumbnail","7":"category-livres","8":"tag-books","9":"tag-divertissement","10":"tag-entertainment","11":"tag-fr","12":"tag-france","13":"tag-livres"},"share_on_mastodon":{"url":"https:\/\/pubeurope.com\/@fr\/115109969518601714","error":""},"_links":{"self":[{"href":"https:\/\/www.europesays.com\/fr\/wp-json\/wp\/v2\/posts\/351283","targetHints":{"allow":["GET"]}}],"collection":[{"href":"https:\/\/www.europesays.com\/fr\/wp-json\/wp\/v2\/posts"}],"about":[{"href":"https:\/\/www.europesays.com\/fr\/wp-json\/wp\/v2\/types\/post"}],"author":[{"embeddable":true,"href":"https:\/\/www.europesays.com\/fr\/wp-json\/wp\/v2\/users\/2"}],"replies":[{"embeddable":true,"href":"https:\/\/www.europesays.com\/fr\/wp-json\/wp\/v2\/comments?post=351283"}],"version-history":[{"count":0,"href":"https:\/\/www.europesays.com\/fr\/wp-json\/wp\/v2\/posts\/351283\/revisions"}],"wp:featuredmedia":[{"embeddable":true,"href":"https:\/\/www.europesays.com\/fr\/wp-json\/wp\/v2\/media\/351284"}],"wp:attachment":[{"href":"https:\/\/www.europesays.com\/fr\/wp-json\/wp\/v2\/media?parent=351283"}],"wp:term":[{"taxonomy":"category","embeddable":true,"href":"https:\/\/www.europesays.com\/fr\/wp-json\/wp\/v2\/categories?post=351283"},{"taxonomy":"post_tag","embeddable":true,"href":"https:\/\/www.europesays.com\/fr\/wp-json\/wp\/v2\/tags?post=351283"}],"curies":[{"name":"wp","href":"https:\/\/api.w.org\/{rel}","templated":true}]}}