{"id":351285,"date":"2025-08-29T03:38:27","date_gmt":"2025-08-29T03:38:27","guid":{"rendered":"https:\/\/www.europesays.com\/fr\/351285\/"},"modified":"2025-08-29T03:38:27","modified_gmt":"2025-08-29T03:38:27","slug":"yann-barthes-surprise-il-debarque-chez-bruce-toussaint","status":"publish","type":"post","link":"https:\/\/www.europesays.com\/fr\/351285\/","title":{"rendered":"Yann Barth\u00e8s : surprise, il d\u00e9barque chez Bruce Toussaint"},"content":{"rendered":"<p>Il pr\u00e9pare sa rentr\u00e9e comme tout le monde. Et pour rappeler que <strong>\u00ab\u00a0Quotidien\u00a0\u00bb<\/strong> s\u2019appr\u00eate \u00e0 faire son retour, <a href=\"https:\/\/www.public.fr\/tag\/yann-barthes\" target=\"_blank\" rel=\"noopener\">Yann Barth\u00e8s<\/a> a choisi Bruce Toussaint. En effet, le pr\u00e9sentateur de la quotidienne de TMC, <strong>se rendra sur le plateau de son confr\u00e8re ce vendredi 29 ao\u00fbt 2025<\/strong> dans<a href=\"https:\/\/www.public.fr\/bruce-toussaint-de-retour-a-lanimation-de-bonjour-catastrophe-une-coupure-delectricite-en-direct-gache-la-fete\" target=\"_blank\" rel=\"noopener\"> la matinale de TF1, <strong>\u00ab\u00a0Bonjour\u00a0\u00bb<\/strong>.<\/a><\/p>\n<p>L\u2019occasion pour lui d\u2019\u00e9voquer les nouveaut\u00e9s \u00e0 venir dans<strong> \u00ab\u00a0Quotidien\u00a0\u00bb<\/strong>, si des changements vont s\u2019op\u00e9rer au niveau des chroniqueurs, et ses objectifs pour la saison 2025\/2026. Car comme <a href=\"https:\/\/www.public.fr\/tag\/cyril-hanouna\" target=\"_blank\" rel=\"noopener\">Cyril Hanouna<\/a>, Yann Barth\u00e8s reviendra ce lundi 1er septembre.\u00a0<\/p>\n<p>La \u00ab\u00a0guerre\u00a0\u00bb entre Cyril Hanouna et Yann Barth\u00e8s reprend<\/p>\n<p>\u00c0 partir de cette date, il pourra de nouveau batailler avec son rival chaque soir. En effet, depuis plusieurs ann\u00e9es, l\u2019ancien pr\u00e9sentateur du <strong>\u00ab\u00a0Petit Journal\u00a0\u00bb<\/strong> sur Canal+ et l\u2019ancien pr\u00e9sentateur de <strong>\u00ab\u00a0TPMP\u00a0\u00bb<\/strong>, se font la guerre sur leurs cha\u00eenes respectives.<\/p>\n<p>Que ce soit sur leurs r\u00e9seaux sociaux respectifs ou au cours de leur \u00e9mission, les deux animateurs rappellent chacun leurs bonnes audiences et ne manquent pas de se f\u00e9liciter lorsqu\u2019ils parviennent \u00e0 battre les scores de la quotidienne rivale.\u00a0<\/p>\n<p>Et nul doute que cette situation va se r\u00e9it\u00e9rer. Apr\u00e8s plusieurs mois d\u2019absence sur le petit \u00e9cran, <a href=\"https:\/\/vsd.fr\/tag\/cyril-hanouna\/\" target=\"_blank\" rel=\"noopener\">Cyril Hanouna<\/a> signe officiellement son retour ce lundi 1er septembre, comme Yann Barth\u00e8s, avec une toute nouvelle quotidienne sur une nouvelle cha\u00eene : <strong><a href=\"https:\/\/www.public.fr\/tag\/tout-beau-tout-9\" target=\"_blank\" rel=\"noopener\">\u00ab\u00a0Tout beau, tout n9uf\u00a0\u00bb<\/a><\/strong>, sur W9.\u00a0<\/p>\n<p>Le pr\u00e9sentateur de \u00ab\u00a0Quotidien\u00a0\u00bb a rendez-vous avec Bruce Toussaint<\/p>\n<p>Dans cette nouvelle \u00e9mission, \u00ab\u00a0Baba\u00a0\u00bb va faire appel \u00e0 des chroniqueurs embl\u00e9matiques tels que Gilles Verdez, Val\u00e9rie Bena\u00efm, Raymond Aabou, G\u00e9raldine Maillet, ou encore Isabelle Morini-Bosc. Mais aussi \u00e0 de nouvelles t\u00eates, d\u00e9j\u00e0 pr\u00e9sentes sur C8, comme Jordan de Luxe par exemple.\u00a0<\/p>\n<p>Avec sa \u00ab\u00a0nouvelle\u00a0\u00bb \u00e9quipe, Cyril Hanouna devrait proposer un programme dans la m\u00eame veine que <strong>\u00ab\u00a0TPMP\u00a0\u00bb,<\/strong> n\u00e9anmoins beaucoup plus centr\u00e9 sur l\u2019humour, comme cela \u00e9tait le cas auparavant avec l\u2019ancienne quotidienne de C8.<\/p>\n<p>Reste \u00e0 savoir si cela sera suffisant pour faire de bonnes audiences et finir devant \u00ab\u00a0Quotidien\u00a0\u00bb chaque soir. En ce qui concerne Yann Barth\u00e8s et les nouveaut\u00e9s auxquelles les t\u00e9l\u00e9spectateurs vont pouvoir s\u2019attendre \u00e0 l\u2019occasion de la rentr\u00e9e, le pr\u00e9sentateur sera l\u2019invit\u00e9 de Bruce Toussaint ce vendredi 29 ao\u00fbt 2025 pour en parler\u00a0<\/p>\n<p>\u00ab\u00a0Demain dans Bonjour, la matinale de TF1, <strong>Yann Barth\u00e8s sera l&rsquo;invit\u00e9 de Bruce Toussaint<\/strong>. &lsquo;L&rsquo;interview du petit-d\u00e9jeuner&rsquo; : d\u00e8s 9h15 en direct sur TF1&Prime;, a annonc\u00e9 le compte X de TF1.<\/p>\n<p>      Mentionn\u00e9s dans cet article<\/p>\n<p>      Sur le m\u00eame sujet<\/p>\n","protected":false},"excerpt":{"rendered":"Il pr\u00e9pare sa rentr\u00e9e comme tout le monde. Et pour rappeler que \u00ab\u00a0Quotidien\u00a0\u00bb s\u2019appr\u00eate \u00e0 faire son retour,&hellip;\n","protected":false},"author":2,"featured_media":351286,"comment_status":"","ping_status":"","sticky":false,"template":"","format":"standard","meta":{"footnotes":""},"categories":[1356],"tags":[6778,6779,1083,58,59,1011,27,1404,252,22498,22497,1364,1405],"class_list":{"0":"post-351285","1":"post","2":"type-post","3":"status-publish","4":"format-standard","5":"has-post-thumbnail","7":"category-television","8":"tag-bonjour-la-matinale-tf1","9":"tag-bruce-toussaint","10":"tag-cyril-hanouna","11":"tag-divertissement","12":"tag-entertainment","13":"tag-fr","14":"tag-france","15":"tag-quotidien","16":"tag-television","17":"tag-tout-9-tbt9","18":"tag-tout-beau","19":"tag-tv","20":"tag-yann-barthes"},"share_on_mastodon":{"url":"https:\/\/pubeurope.com\/@fr\/115109974020558062","error":""},"_links":{"self":[{"href":"https:\/\/www.europesays.com\/fr\/wp-json\/wp\/v2\/posts\/351285","targetHints":{"allow":["GET"]}}],"collection":[{"href":"https:\/\/www.europesays.com\/fr\/wp-json\/wp\/v2\/posts"}],"about":[{"href":"https:\/\/www.europesays.com\/fr\/wp-json\/wp\/v2\/types\/post"}],"author":[{"embeddable":true,"href":"https:\/\/www.europesays.com\/fr\/wp-json\/wp\/v2\/users\/2"}],"replies":[{"embeddable":true,"href":"https:\/\/www.europesays.com\/fr\/wp-json\/wp\/v2\/comments?post=351285"}],"version-history":[{"count":0,"href":"https:\/\/www.europesays.com\/fr\/wp-json\/wp\/v2\/posts\/351285\/revisions"}],"wp:featuredmedia":[{"embeddable":true,"href":"https:\/\/www.europesays.com\/fr\/wp-json\/wp\/v2\/media\/351286"}],"wp:attachment":[{"href":"https:\/\/www.europesays.com\/fr\/wp-json\/wp\/v2\/media?parent=351285"}],"wp:term":[{"taxonomy":"category","embeddable":true,"href":"https:\/\/www.europesays.com\/fr\/wp-json\/wp\/v2\/categories?post=351285"},{"taxonomy":"post_tag","embeddable":true,"href":"https:\/\/www.europesays.com\/fr\/wp-json\/wp\/v2\/tags?post=351285"}],"curies":[{"name":"wp","href":"https:\/\/api.w.org\/{rel}","templated":true}]}}