{"id":351287,"date":"2025-08-29T03:39:13","date_gmt":"2025-08-29T03:39:13","guid":{"rendered":"https:\/\/www.europesays.com\/fr\/351287\/"},"modified":"2025-08-29T03:39:13","modified_gmt":"2025-08-29T03:39:13","slug":"slipknot-rouvre-les-archives-le-groupe-devoile-une-demo-de-me-inside-enregistree-avant-son-premier-album-culte","status":"publish","type":"post","link":"https:\/\/www.europesays.com\/fr\/351287\/","title":{"rendered":"Slipknot rouvre les archives &#8211; le groupe d\u00e9voile une d\u00e9mo de Me Inside, enregistr\u00e9e avant son premier album culte"},"content":{"rendered":"<p><strong><a href=\"https:\/\/www.metalzone.fr\/slipknot\/\" rel=\"nofollow noopener\" target=\"_blank\">Slipknot<\/a> publie une version d\u00e9mo in\u00e9dite de Me Inside, \u00e0 l\u2019occasion de la r\u00e9\u00e9dition anniversaire de son premier album, attendue d\u00e9but septembre.<\/strong><\/p>\n<p>Une plong\u00e9e dans les origines de Slipknot<\/p>\n<p>Slipknot vient de d\u00e9voiler la d\u00e9mo de Me Inside, enregistr\u00e9e avant les sessions au studio Indigo Ranch avec le producteur Ross Robinson. Retravaill\u00e9e par la suite en studio, la composition avait trouv\u00e9 sa place sur la r\u00e9\u00e9dition de d\u00e9cembre 1999 du premier album \u00e9ponyme, d\u00e9sormais consid\u00e9r\u00e9 comme un classique du <a href=\"https:\/\/www.metalzone.fr\/heavy-metal\/\" rel=\"nofollow noopener\" target=\"_blank\">metal<\/a> moderne. Aujourd\u2019hui, sa mise en ligne s\u2019inscrit dans le cadre de la sortie de Slipknot (25th Anniversary Edition), pr\u00e9vue le 5 septembre 2025 via Roadrunner Records.<\/p>\n<p>Propos\u00e9e en pr\u00e9commande sous plusieurs formats, cette r\u00e9\u00e9dition comprendra l\u2019album original ainsi qu\u2019une large s\u00e9lection de contenus rares : d\u00e9mos, prises alternatives, mixes in\u00e9dits et enregistrements live issus de la premi\u00e8re tourn\u00e9e mondiale du groupe. Parmi ces archives figurent notamment des captations de Hartford (1999) et du Royaume-Uni (2000), t\u00e9moignant de l\u2019ascension fulgurante des neuf musiciens sur la sc\u00e8ne internationale.<\/p>\n<p>Un anniversaire c\u00e9l\u00e9br\u00e9 en grande pompe<\/p>\n<p>Cette \u00e9dition deluxe inclura, entre autres, un coffret de 6 vinyles limit\u00e9 \u00e0 1899 exemplaires, un double CD et des versions num\u00e9riques. Le mois dernier, une version collector de 100 vinyles remplis de liquide rouge avait \u00e9t\u00e9 mise en vente sur le site secret 742617000027.net, et s\u2019\u00e9tait \u00e9coul\u00e9e en quelques secondes. Une preuve de l\u2019engouement intact autour d\u2019un album qui, depuis sa sortie en 1999, a marqu\u00e9 toute une g\u00e9n\u00e9ration d\u2019auditeurs.<\/p>\n<p>En parall\u00e8le, Slipknot continue de cultiver son h\u00e9ritage, entre nouveaux projets et initiatives marquantes. Le groupe aurait ainsi entam\u00e9 des n\u00e9gociations pour c\u00e9der son catalogue musical, estim\u00e9 \u00e0 plus de 120 millions de dollars (environ 102 millions d\u2019euros), un sujet que nous avions d\u00e9taill\u00e9 <a href=\"https:\/\/www.metalzone.fr\/news\/219253-120-millions-dollars-slipknot-negocie-cession-catalogue\/\" target=\"_blank\" rel=\"noopener nofollow\">dans cet article<\/a>.<\/p><\/p>\n","protected":false},"excerpt":{"rendered":"Slipknot publie une version d\u00e9mo in\u00e9dite de Me Inside, \u00e0 l\u2019occasion de la r\u00e9\u00e9dition anniversaire de son premier&hellip;\n","protected":false},"author":2,"featured_media":351288,"comment_status":"","ping_status":"","sticky":false,"template":"","format":"standard","meta":{"footnotes":""},"categories":[1355],"tags":[58,59,1011,27,1361,873],"class_list":{"0":"post-351287","1":"post","2":"type-post","3":"status-publish","4":"format-standard","5":"has-post-thumbnail","7":"category-musique","8":"tag-divertissement","9":"tag-entertainment","10":"tag-fr","11":"tag-france","12":"tag-music","13":"tag-musique"},"share_on_mastodon":{"url":"https:\/\/pubeurope.com\/@fr\/115109977372410441","error":""},"_links":{"self":[{"href":"https:\/\/www.europesays.com\/fr\/wp-json\/wp\/v2\/posts\/351287","targetHints":{"allow":["GET"]}}],"collection":[{"href":"https:\/\/www.europesays.com\/fr\/wp-json\/wp\/v2\/posts"}],"about":[{"href":"https:\/\/www.europesays.com\/fr\/wp-json\/wp\/v2\/types\/post"}],"author":[{"embeddable":true,"href":"https:\/\/www.europesays.com\/fr\/wp-json\/wp\/v2\/users\/2"}],"replies":[{"embeddable":true,"href":"https:\/\/www.europesays.com\/fr\/wp-json\/wp\/v2\/comments?post=351287"}],"version-history":[{"count":0,"href":"https:\/\/www.europesays.com\/fr\/wp-json\/wp\/v2\/posts\/351287\/revisions"}],"wp:featuredmedia":[{"embeddable":true,"href":"https:\/\/www.europesays.com\/fr\/wp-json\/wp\/v2\/media\/351288"}],"wp:attachment":[{"href":"https:\/\/www.europesays.com\/fr\/wp-json\/wp\/v2\/media?parent=351287"}],"wp:term":[{"taxonomy":"category","embeddable":true,"href":"https:\/\/www.europesays.com\/fr\/wp-json\/wp\/v2\/categories?post=351287"},{"taxonomy":"post_tag","embeddable":true,"href":"https:\/\/www.europesays.com\/fr\/wp-json\/wp\/v2\/tags?post=351287"}],"curies":[{"name":"wp","href":"https:\/\/api.w.org\/{rel}","templated":true}]}}