{"id":351291,"date":"2025-08-29T03:41:11","date_gmt":"2025-08-29T03:41:11","guid":{"rendered":"https:\/\/www.europesays.com\/fr\/351291\/"},"modified":"2025-08-29T03:41:11","modified_gmt":"2025-08-29T03:41:11","slug":"%e2%8f%b3-a-un-age-bien-precis-cet-organe-vieillit-subitement-et-genere-le-vieillissement-de-tous-les-autres","status":"publish","type":"post","link":"https:\/\/www.europesays.com\/fr\/351291\/","title":{"rendered":"\u23f3 A un \u00e2ge bien pr\u00e9cis, cet organe vieillit subitement et g\u00e9n\u00e8re le vieillissement de tous les autres"},"content":{"rendered":"<p><\/p>\n<p>Notre organisme ne conna\u00eetrait pas un vieillissement uniforme, mais plut\u00f4t des pouss\u00e9es successives. Une \u00e9tude r\u00e9cente identifie une p\u00e9riode charni\u00e8re o\u00f9 ce processus semble s&#8217;emballer.<\/p>\n<p>Cette recherche, publi\u00e9e dans la revue Cell, apporte un \u00e9clairage in\u00e9dit sur la <a href=\"https:\/\/www.techno-science.net\/definition\/1647.html\" rel=\"nofollow noopener\" target=\"_blank\">dynamique<\/a> du <a href=\"https:\/\/www.techno-science.net\/glossaire-definition\/Vieillissement.html\" rel=\"nofollow noopener\" target=\"_blank\">vieillissement<\/a>. En analysant finement les prot\u00e9ines de diff\u00e9rents tissus humains, des scientifiques ont cartographi\u00e9 les variations biologiques au fil du <a href=\"https:\/\/www.techno-science.net\/glossaire-definition\/Temps.html\" rel=\"nofollow noopener\" target=\"_blank\">temps<\/a>. Leurs <a href=\"https:\/\/www.techno-science.net\/definition\/2885.html\" rel=\"nofollow noopener\" target=\"_blank\">observations<\/a> r\u00e9v\u00e8lent une <a href=\"https:\/\/www.techno-science.net\/glossaire-definition\/Acceleration.html\" rel=\"nofollow noopener\" target=\"_blank\">acc\u00e9l\u00e9ration<\/a> notable <a href=\"https:\/\/www.techno-science.net\/glossaire-definition\/Autour.html\" rel=\"nofollow noopener\" target=\"_blank\">autour<\/a> de la cinquantaine, avec des disparit\u00e9s importantes entre les organes.<\/p>\n<p>    <img decoding=\"async\" src=\"https:\/\/www.europesays.com\/fr\/wp-content\/uploads\/2025\/08\/835776e9-0a40-4863-b794-4e8484f4d550-jpg.jpg\" alt=\"\" width=\"878\" height=\"494\" layout=\"responsive\" loading=\"lazy\"\/><br \/>\nUne horloge biologique aux multiples m\u00e9canismes<\/p>\n<p>\nL&rsquo;\u00e9quipe de recherche a proc\u00e9d\u00e9 \u00e0 l&rsquo;analyse prot\u00e9omique de 516 \u00e9chantillons tissulaires. Ces pr\u00e9l\u00e8vements provenaient de 76 donneurs d&rsquo;organes \u00e2g\u00e9s de 14 \u00e0 68 ans. L&rsquo;\u00e9tude couvrait huit syst\u00e8mes physiologiques majeurs, dont les syst\u00e8mes cardiovasculaire et immunitaire.<br \/>\nLes scientifiques ont observ\u00e9 des modifications pr\u00e9coces d\u00e8s l&rsquo;\u00e2ge de 30 ans. Ces changements concernaient principalement la glande surr\u00e9nale, productrice de nombreuses hormones. Cette d\u00e9couverte corrobore l&rsquo;importance du contr\u00f4le m\u00e9tabolique dans le vieillissement.<\/p>\n<p>Une transformation plus marqu\u00e9e survenait entre 45 et 55 ans. Cette p\u00e9riode correspondait \u00e0 des fluctuations importantes des niveaux prot\u00e9iques. L&rsquo;aorte, l&rsquo;art\u00e8re principale de l&rsquo;organisme, pr\u00e9sentait les variations les plus significatives.<\/p>\n<p>Le r\u00f4le central du syst\u00e8me vasculaire<\/p>\n<p>\nL&rsquo;\u00e9tude d\u00e9montre une augmentation significative de la prot\u00e9ine GAS6 dans les parois de l&rsquo;aorte vieillissante. Cette art\u00e8re majeure devient ainsi une source importante de ce messager biologique. La prot\u00e9ine est ensuite lib\u00e9r\u00e9e dans la circulation sanguine.<\/p>\n<p>Le syst\u00e8me vasculaire assure la diffusion de ce signal \u00e0 travers tout l&rsquo;organisme. La GAS6 <a href=\"https:\/\/www.techno-science.net\/definition\/963.html\" rel=\"nofollow noopener\" target=\"_blank\">voyage<\/a> via le flux sanguin pour atteindre des organes distants. Elle fonctionne comme une mol\u00e9cule-signale de s\u00e9nescence.<\/p>\n<p>Cette prot\u00e9ine se fixe sur des r\u00e9cepteurs sp\u00e9cifiques \u00e0 la surface des cellules cibles. Son interaction d\u00e9clenche des cascades biochimiques qui activent les programmes de vieillissement cellulaire. Elle propage ainsi le d\u00e9clin fonctionnel \u00e0 des tissus initialement sains.<\/p>\n","protected":false},"excerpt":{"rendered":"Notre organisme ne conna\u00eetrait pas un vieillissement uniforme, mais plut\u00f4t des pouss\u00e9es successives. Une \u00e9tude r\u00e9cente identifie une&hellip;\n","protected":false},"author":2,"featured_media":351292,"comment_status":"","ping_status":"","sticky":false,"template":"","format":"standard","meta":{"footnotes":""},"categories":[10],"tags":[1011,27,72,71],"class_list":{"0":"post-351291","1":"post","2":"type-post","3":"status-publish","4":"format-standard","5":"has-post-thumbnail","7":"category-sante","8":"tag-fr","9":"tag-france","10":"tag-health","11":"tag-sante"},"share_on_mastodon":{"url":"https:\/\/pubeurope.com\/@fr\/115109985508660406","error":""},"_links":{"self":[{"href":"https:\/\/www.europesays.com\/fr\/wp-json\/wp\/v2\/posts\/351291","targetHints":{"allow":["GET"]}}],"collection":[{"href":"https:\/\/www.europesays.com\/fr\/wp-json\/wp\/v2\/posts"}],"about":[{"href":"https:\/\/www.europesays.com\/fr\/wp-json\/wp\/v2\/types\/post"}],"author":[{"embeddable":true,"href":"https:\/\/www.europesays.com\/fr\/wp-json\/wp\/v2\/users\/2"}],"replies":[{"embeddable":true,"href":"https:\/\/www.europesays.com\/fr\/wp-json\/wp\/v2\/comments?post=351291"}],"version-history":[{"count":0,"href":"https:\/\/www.europesays.com\/fr\/wp-json\/wp\/v2\/posts\/351291\/revisions"}],"wp:featuredmedia":[{"embeddable":true,"href":"https:\/\/www.europesays.com\/fr\/wp-json\/wp\/v2\/media\/351292"}],"wp:attachment":[{"href":"https:\/\/www.europesays.com\/fr\/wp-json\/wp\/v2\/media?parent=351291"}],"wp:term":[{"taxonomy":"category","embeddable":true,"href":"https:\/\/www.europesays.com\/fr\/wp-json\/wp\/v2\/categories?post=351291"},{"taxonomy":"post_tag","embeddable":true,"href":"https:\/\/www.europesays.com\/fr\/wp-json\/wp\/v2\/tags?post=351291"}],"curies":[{"name":"wp","href":"https:\/\/api.w.org\/{rel}","templated":true}]}}