{"id":351299,"date":"2025-08-29T03:45:13","date_gmt":"2025-08-29T03:45:13","guid":{"rendered":"https:\/\/www.europesays.com\/fr\/351299\/"},"modified":"2025-08-29T03:45:13","modified_gmt":"2025-08-29T03:45:13","slug":"tourisme-entre-arbitrages-budgetaires-et-meteo-une-saison-estivale-contrastee-en-france-actualites","status":"publish","type":"post","link":"https:\/\/www.europesays.com\/fr\/351299\/","title":{"rendered":"Tourisme : entre arbitrages budg\u00e9taires et m\u00e9t\u00e9o, une saison estivale contrast\u00e9e en France : Actualit\u00e9s"},"content":{"rendered":"<p class=\"lead \">Entre budget serr\u00e9 et m\u00e9t\u00e9o capricieuse, la saison touristique a \u00e9t\u00e9 contrast\u00e9e cet \u00e9t\u00e9 en France, avec des s\u00e9jours plus courts et moins de d\u00e9penses de loisirs, mais les grands p\u00f4les touristiques comme Paris et la C\u00f4te d&rsquo;Azur tirent leur \u00e9pingle du jeu.<\/p>\n<p class=\"lead \">Le Grand Paris a attir\u00e9 6,4 millions de touristes internationaux en juillet-ao\u00fbt, selon les donn\u00e9es de l&rsquo;office du tourisme publi\u00e9es jeudi, un niveau comparable \u00e0 celui de 2023.<\/p>\n<p class=\"lead \">\u00ab\u00a0C&rsquo;est plut\u00f4t positif, sans \u00eatre la panac\u00e9e\u00a0\u00bb, commente aupr\u00e8s de l&rsquo;AFP Corinne Menegaux, directrice g\u00e9n\u00e9rale de l&rsquo;Office de tourisme de Paris, rappelant que l&rsquo;\u00e9t\u00e9 n&rsquo;est traditionnellement pas la meilleure saison pour la capitale.<\/p>\n<p class=\"lead \">En Provence-Alpes-C\u00f4te d&rsquo;Azur, les h\u00f4tels voient leurs taux d&rsquo;occupation progresser cet \u00e9t\u00e9, et la fr\u00e9quentation des locations saisonni\u00e8res a progress\u00e9 (+2%) comme celle de l&rsquo;h\u00f4tellerie de plein air (camping&#8230; +3%), selon le Comit\u00e9 R\u00e9gional de Tourisme Provence-Alpes-C\u00f4te d&rsquo;Azur.<\/p>\n<p class=\"lead \">Le pr\u00e9sident de cet organisme, Fran\u00e7ois de Canson, d\u00e9plore toutefois une \u00ab\u00a0moindre fr\u00e9quentation des client\u00e8les europ\u00e9ennes majeures (Allemagne, Pays-Bas et Italie)\u00a0\u00bb et \u00ab\u00a0un contexte \u00e9conomique, g\u00e9opolitique mais aussi climatique qui p\u00e8se sur les r\u00e9sultats de fr\u00e9quentation et surtout sur la consommation\u00a0\u00bb.<\/p>\n<p class=\"lead \">Il note aussi \u00ab\u00a0une demande plus forte sur la flexibilit\u00e9 des dates et des dur\u00e9es de s\u00e9jours, des demandes de s\u00e9jours plus courts\u00a0\u00bb ainsi que des \u00ab\u00a0arbitrages sur la restauration et sur les activit\u00e9s\u00a0\u00bb.<\/p>\n<p class=\"lead \">\u00ab\u00a0A 7,5 euros la glace, c&rsquo;est un peu le coup de bambou. Mais elles sont bonnes et pour la qualit\u00e9, je veux bien payer\u00a0\u00bb, explique \u00e0 l&rsquo;AFP Christian Dauphin, assis sur un banc face \u00e0 la plage de Palavas-les-Flots, station baln\u00e9aire populaire de l&rsquo;H\u00e9rault, \u00e0 deux pas de Montpellier.<\/p>\n<p class=\"lead \">\u00ab\u00a0On a fait un compromis : on a pris un h\u00f4tel \u00e0 cinq ou six kilom\u00e8tres d&rsquo;ici, \u00e0 c\u00f4t\u00e9 de l&rsquo;a\u00e9roport. Je ne pense pas qu&rsquo;on pourrait se payer une semaine ici\u00a0\u00bb, ajoute cet ouvrier de 47 ans, venu d&rsquo;Auvergne avec son fils adolescent.<\/p>\n<p class=\"lead \">\u00ab\u00a0La saison a \u00e9t\u00e9 assez bizarre, en dents de scie\u00a0\u00bb, rel\u00e8ve Esteban Gonzalez, 21 ans, \u00ab\u00a0responsable salle\u00a0\u00bb du Bain de Soleil, une plage priv\u00e9e \u00e0 Palavas-les-flots o\u00f9 \u00ab\u00a0\u00e7a a d\u00e9marr\u00e9 tr\u00e8s doucement en juillet\u00a0\u00bb avant un regain d&rsquo;activit\u00e9 en ao\u00fbt.<\/p>\n<p class=\"lead \">&#8211; Arbitrages &#8211;<\/p>\n<p class=\"lead \">Des arbitrages budg\u00e9taires dont les restaurateurs ont fait les frais : selon les estimations de la f\u00e9d\u00e9ration professionnelle Umih, la fr\u00e9quentation a recul\u00e9 cet \u00e9t\u00e9 de \u00ab\u00a025 \u00e0 30%\u00a0\u00bb.<\/p>\n<p class=\"lead \">Selon son pr\u00e9sident, le chef Thierry Marx, 25 restaurants ferment chaque jour, avec des charges de plus en plus lourdes et donc r\u00e9percut\u00e9es sur les prix de vente, et \u00ab\u00a0des prix sur la carte un peu \u00e9lev\u00e9s\u00a0\u00bb, faisant que \u00ab\u00a0les \u00e9trangers se sont d\u00e9tourn\u00e9s un peu de la France\u00a0\u00bb, indiquait-il sur TF1 la semaine derni\u00e8re.<\/p>\n<p class=\"lead \">Pour Vangu\u00e9lis Panayotis, du cabinet sp\u00e9cialis\u00e9 en tourisme MKG Consulting, interrog\u00e9 sur BFMTV, \u00ab\u00a0les vacanciers ont arbitr\u00e9 et sont peut-\u00eatre all\u00e9s sur des destinations moins ch\u00e8res et moins classiques. Certaines destinations qui ne profitaient pas vraiment de l&rsquo;\u00e9t\u00e9 auparavant, en profitent davantage aujourd&rsquo;hui comme le milieu rural et la montagne\u00a0\u00bb.<\/p>\n<p class=\"lead \">Une analyse qui rejoint le bilan estival du groupe Pierre &amp; Vacances (r\u00e9sidences de tourisme), avec des taux d&rsquo;occupation en hausse \u00e0 la montagne et \u00e0 la campagne, et une dur\u00e9e moyenne des s\u00e9jours en l\u00e9g\u00e8re baisse.<\/p>\n<p class=\"lead \">Ces destinations \u00ab\u00a0alternatives\u00a0\u00bb sont aussi pl\u00e9biscit\u00e9es en raison de la m\u00e9t\u00e9o et notamment des \u00e9pisodes de canicules, avec des vacanciers en qu\u00eate de fra\u00eecheur.<\/p>\n<p class=\"lead \">Sur Airbnb, Paris reste la destination la plus r\u00e9serv\u00e9e en France, mais le directeur g\u00e9n\u00e9ral France, Cl\u00e9ment Eulry, note \u00ab\u00a0un fort int\u00e9r\u00eat pour les s\u00e9jours en pleine nature\u00a0\u00bb de la part des Allemands, voyageurs internationaux qui ont le plus r\u00e9serv\u00e9 sur la plateforme, et ont pl\u00e9biscit\u00e9 montagne, c\u00f4te m\u00e9diterran\u00e9enne et Bretagne.<\/p>\n<p class=\"lead \">\u00ab\u00a0Avec l&rsquo;\u00e9t\u00e9 indien et le maintien de temp\u00e9ratures cl\u00e9mentes, la saison des voyages ne s&rsquo;arr\u00eate pas en ao\u00fbt: septembre s&rsquo;impose de plus en plus comme un moment privil\u00e9gi\u00e9 pour partir, en profitant de tarifs attractifs et d&rsquo;une affluence plus l\u00e9g\u00e8re\u00a0\u00bb, abonde Vanessa Heydorff, directrice g\u00e9n\u00e9rale du site Booking.com en France.<\/p>\n<p class=\"small font-weight-bold text-gray3 \"> publi\u00e9 le 28 ao\u00fbt \u00e0 19h25, AFP<\/p>\n<p>                             Partager<\/p>\n","protected":false},"excerpt":{"rendered":"Entre budget serr\u00e9 et m\u00e9t\u00e9o capricieuse, la saison touristique a \u00e9t\u00e9 contrast\u00e9e cet \u00e9t\u00e9 en France, avec des&hellip;\n","protected":false},"author":2,"featured_media":351300,"comment_status":"","ping_status":"","sticky":false,"template":"","format":"standard","meta":{"footnotes":""},"categories":[6],"tags":[35,130,33,34,313,1011,27,42734,2141,2021,602,6418],"class_list":{"0":"post-351299","1":"post","2":"type-post","3":"status-publish","4":"format-standard","5":"has-post-thumbnail","7":"category-economie","8":"tag-business","9":"tag-consommation","10":"tag-economie","11":"tag-economy","12":"tag-entreprises","13":"tag-fr","14":"tag-france","15":"tag-htellerie","16":"tag-prix","17":"tag-restauration","18":"tag-tourisme","19":"tag-voyagistes"},"share_on_mastodon":{"url":"https:\/\/pubeurope.com\/@fr\/115110001041218181","error":""},"_links":{"self":[{"href":"https:\/\/www.europesays.com\/fr\/wp-json\/wp\/v2\/posts\/351299","targetHints":{"allow":["GET"]}}],"collection":[{"href":"https:\/\/www.europesays.com\/fr\/wp-json\/wp\/v2\/posts"}],"about":[{"href":"https:\/\/www.europesays.com\/fr\/wp-json\/wp\/v2\/types\/post"}],"author":[{"embeddable":true,"href":"https:\/\/www.europesays.com\/fr\/wp-json\/wp\/v2\/users\/2"}],"replies":[{"embeddable":true,"href":"https:\/\/www.europesays.com\/fr\/wp-json\/wp\/v2\/comments?post=351299"}],"version-history":[{"count":0,"href":"https:\/\/www.europesays.com\/fr\/wp-json\/wp\/v2\/posts\/351299\/revisions"}],"wp:featuredmedia":[{"embeddable":true,"href":"https:\/\/www.europesays.com\/fr\/wp-json\/wp\/v2\/media\/351300"}],"wp:attachment":[{"href":"https:\/\/www.europesays.com\/fr\/wp-json\/wp\/v2\/media?parent=351299"}],"wp:term":[{"taxonomy":"category","embeddable":true,"href":"https:\/\/www.europesays.com\/fr\/wp-json\/wp\/v2\/categories?post=351299"},{"taxonomy":"post_tag","embeddable":true,"href":"https:\/\/www.europesays.com\/fr\/wp-json\/wp\/v2\/tags?post=351299"}],"curies":[{"name":"wp","href":"https:\/\/api.w.org\/{rel}","templated":true}]}}