{"id":351301,"date":"2025-08-29T03:46:13","date_gmt":"2025-08-29T03:46:13","guid":{"rendered":"https:\/\/www.europesays.com\/fr\/351301\/"},"modified":"2025-08-29T03:46:13","modified_gmt":"2025-08-29T03:46:13","slug":"videos-un-avion-de-chasse-f-16-secrase-lors-des-preparatifs-dun-show-aerien-en-pologne-le-pilote-meurt-sud-ouest","status":"publish","type":"post","link":"https:\/\/www.europesays.com\/fr\/351301\/","title":{"rendered":"Vid\u00e9os. Un avion de chasse F-16 s\u2019\u00e9crase lors des pr\u00e9paratifs d\u2019un show a\u00e9rien en Pologne, le pilote meurt &#8211; Sud Ouest"},"content":{"rendered":"<ol>\n<li><a href=\"https:\/\/news.google.com\/rss\/articles\/CBMi7gFBVV95cUxOUUtqeUxlVURDVlBUd2dJVDJYdy0tVy1UZV8xaG9sOEVIa0g0MTgxa3ExQm1lSVZ0ZWFsRGR5S3JQN2tEY05qQlZHdDZuVmZWRFlsNmIxcndYUVVHMy02cWlaSGxCcEh5Qng3TW41VFE4ejVtaU5XRVd1NFZrbzByNi1MMkJ1NkZyS1l6MXBtb21LTTRpbFlrV3czNm5QdS1udE00SEdlbjM2dFlOcV9OYjVscno4NWJjUDZ6dWZ1MnBQVmtvaUFKbXI5Q19LdlRabGxVRGJNSUUxMUt0TkdiRWdHZDVQY1o3RUdaMjd3?oc=5\" target=\"_blank\" rel=\"nofollow noopener\">Vid\u00e9os. Un avion de chasse F-16 s\u2019\u00e9crase lors des pr\u00e9paratifs d\u2019un show a\u00e9rien en Pologne, le pilote meurt<\/a>&nbsp;&nbsp;Sud Ouest<\/li>\n<li><a href=\"https:\/\/news.google.com\/rss\/articles\/CBMi2gFBVV95cUxOeEVFSjZjZzRzN3hnOVhNVkdVU2ZmVm5DYkR0d25KTnVpM1M1TkhoUDdBN3g5N1Blem5VWDZFVGw5MWNVak5PT1F0UWRYT1VRZE1RUzlKOW9FckFnb051RFBMT2RIWFNyY29QMlY4TEx5MktzREZBRHNmdzVjYkdsaGV3SXlZRkhCbUhlMUd0UG5kc0NGTkNkZlpITnNLTGRHMHBZRHNyZ1l3TkxNWW5qYnZ6cERhZmdKQkN2LUNGNkZtN211SXdEdlNYdjZkeExvUlk1Z2JDYllMdw?oc=5\" target=\"_blank\" rel=\"nofollow noopener\">Pologne : un avion de chasse F-16 s\u2019\u00e9crase lors des pr\u00e9paratifs d\u2019un show a\u00e9rien, le pilote d\u00e9c\u00e9d\u00e9<\/a>&nbsp;&nbsp;Le Figaro<\/li>\n<li><a href=\"https:\/\/news.google.com\/rss\/articles\/CBMiygFBVV95cUxOeHBwTy1EejdvMXZWM3hHQ2p0NXNUdWpMNDYtbnEtVEVkajA0VjNXUENuT3ZBSUtEaUl1QzhlM0I1ekplR0pQYzRqMVBfRldsWFhleHg2UThRVGxiX2ZJOVVwX3hTUW1WVmJLZkc4N25FVjZDeXNMSGx1VHYtcG5fSW83QnlyQ0ZGcXpvOEVrWjJhSGo1aVkyVXdHTUtsWGNGMW9UMzNwa2Y4OHR4QTFWNmoxdXNjdnNkS2dyUjAxc1c1X1ppcXRkdFhn?oc=5\" target=\"_blank\" rel=\"nofollow noopener\">Terribles images ce jeudi : un F-16 s\u2019\u00e9crase lors des pr\u00e9paratifs d\u2019un show a\u00e9rien, le pilote est d\u00e9c\u00e9d\u00e9<\/a>&nbsp;&nbsp;Sudinfo<\/li>\n<li><a href=\"https:\/\/news.google.com\/rss\/articles\/CBMi8AFBVV95cUxNbGF1ejRpZVV0UnNIeGRBZVJaUFFad0R0bjdPYmh3N0ZHYWFFdGJwNGZhS3ZHR3l1TzlydkNwNGdyUlN1Y2NHWjA1UTN3cjltcEFEeVMyN0pPdEl2VTdpaUNVZkM3Y3Rtd3JQQTFQaU12ZHNSNjdPWjlUaVFlV3RHOXpfUHl5TEVmMjdfeWNlWkZjZGhKWklibGg4U1dMWlBsTHFCMEZEeVI2cG9lWFloOWU2ZHJNZUxvNER2MUdfM3d1Um5XMFlsNXcwdkVCS0F1QVpZZFZqVlJXVTZkanE5anRSN2I5eDlwYllrWXhjdEw?oc=5\" target=\"_blank\" rel=\"nofollow noopener\">Un avion de chasse de l\u2019arm\u00e9e polonaise s\u2019\u00e9crase dans une boule de feu, son pilote meurt<\/a>&nbsp;&nbsp;Le HuffPost<\/li>\n<li><a href=\"https:\/\/news.google.com\/rss\/articles\/CBMiwAFBVV95cUxNQy1ETlhMZGdTUXJGa2ZfN2tFNjdfOXk4dFV1OVNNR3FuOUFubHREc0pjWXhWNVhrYU1fTWVRVnVsbUdtYm9EYVFNMlpSWXVSZ1V3T2F0dEhzRHRPTF9hOWxXRFgzSzdkc2NXSF9iemE2YmpDdTAtdnl0NEpwQUtoaVNORVNDSlZ3cV9DcnlxenprZ1R1ZUd2bTNrMmxTTHhHaTNHYm1EVzJKRy12ejRxVVQ1N2lyWEF5YTY5UFpqbEk?oc=5\" target=\"_blank\" rel=\"nofollow noopener\">Pologne : un pilote de F-16 se tue lors des pr\u00e9paratifs pour un spectacle a\u00e9rien<\/a>&nbsp;&nbsp;Euronews.com<\/li>\n<\/ol>\n","protected":false},"excerpt":{"rendered":"Vid\u00e9os. Un avion de chasse F-16 s\u2019\u00e9crase lors des pr\u00e9paratifs d\u2019un show a\u00e9rien en Pologne, le pilote meurt&nbsp;&nbsp;Sud&hellip;\n","protected":false},"author":2,"featured_media":351302,"comment_status":"","ping_status":"","sticky":false,"template":"","format":"standard","meta":{"footnotes":""},"categories":[5],"tags":[11,1011,27,14,12,28],"class_list":{"0":"post-351301","1":"post","2":"type-post","3":"status-publish","4":"format-standard","5":"has-post-thumbnail","7":"category-international","8":"tag-actualites","9":"tag-fr","10":"tag-france","11":"tag-international","12":"tag-news","13":"tag-world"},"share_on_mastodon":{"url":"https:\/\/pubeurope.com\/@fr\/115110004893496259","error":""},"_links":{"self":[{"href":"https:\/\/www.europesays.com\/fr\/wp-json\/wp\/v2\/posts\/351301","targetHints":{"allow":["GET"]}}],"collection":[{"href":"https:\/\/www.europesays.com\/fr\/wp-json\/wp\/v2\/posts"}],"about":[{"href":"https:\/\/www.europesays.com\/fr\/wp-json\/wp\/v2\/types\/post"}],"author":[{"embeddable":true,"href":"https:\/\/www.europesays.com\/fr\/wp-json\/wp\/v2\/users\/2"}],"replies":[{"embeddable":true,"href":"https:\/\/www.europesays.com\/fr\/wp-json\/wp\/v2\/comments?post=351301"}],"version-history":[{"count":0,"href":"https:\/\/www.europesays.com\/fr\/wp-json\/wp\/v2\/posts\/351301\/revisions"}],"wp:featuredmedia":[{"embeddable":true,"href":"https:\/\/www.europesays.com\/fr\/wp-json\/wp\/v2\/media\/351302"}],"wp:attachment":[{"href":"https:\/\/www.europesays.com\/fr\/wp-json\/wp\/v2\/media?parent=351301"}],"wp:term":[{"taxonomy":"category","embeddable":true,"href":"https:\/\/www.europesays.com\/fr\/wp-json\/wp\/v2\/categories?post=351301"},{"taxonomy":"post_tag","embeddable":true,"href":"https:\/\/www.europesays.com\/fr\/wp-json\/wp\/v2\/tags?post=351301"}],"curies":[{"name":"wp","href":"https:\/\/api.w.org\/{rel}","templated":true}]}}