{"id":351303,"date":"2025-08-29T03:47:13","date_gmt":"2025-08-29T03:47:13","guid":{"rendered":"https:\/\/www.europesays.com\/fr\/351303\/"},"modified":"2025-08-29T03:47:13","modified_gmt":"2025-08-29T03:47:13","slug":"pourquoi-la-gauche-sera-contrainte-a-lunion-en-cas-de-dissolution","status":"publish","type":"post","link":"https:\/\/www.europesays.com\/fr\/351303\/","title":{"rendered":"Pourquoi la gauche sera contrainte \u00e0 l\u2019union en cas de dissolution"},"content":{"rendered":"<p><strong>D\u00c9CRYPTAGE<\/strong> &#8211; Sans un accord, la gauche risque de perdre de nombreux si\u00e8ges. Malgr\u00e9 ses divisions, elle devrait renouer avec sa strat\u00e9gie unitaire.<\/p>\n<p class=\"fig-paragraph\">Pendant longtemps, la gauche n\u2019a pas voulu l\u2019imaginer, l\u2019envisager. La menace d\u2019une\u00a0<a href=\"http:\/\/www.lefigaro.fr\/politique\/en-cas-de-dissolution-le-chemin-etroit-qui-permettrait-a-marine-le-pen-d-etre-candidate-malgre-son-ineligibilite-20250827\" data-fig-type=\"Article\" data-gtm-custom-categorie=\"navigation\" data-gtm-custom-action=\"crossclick\" data-gtm-custom-label=\"Contextuel\" data-gtm-event=\"customEventSPE\" data-fig-domain=\"LEFIGARO\" target=\"_blank\" rel=\"noopener\">nouvelle dissolution<\/a>\u00a0semblait jusque-l\u00e0 lointaine et nombreux misaient sur un maintien de\u00a0<a href=\"http:\/\/www.lefigaro.fr\/politique\/vote-de-confiance-francois-bayrou-veut-retourner-les-oppositions-mais-sa-chute-est-deja-dans-toutes-les-tetes-20250826\" data-fig-type=\"Article\" data-gtm-custom-categorie=\"navigation\" data-gtm-custom-action=\"crossclick\" data-gtm-custom-label=\"Contextuel\" data-gtm-event=\"customEventSPE\" data-fig-domain=\"LEFIGARO\" target=\"_blank\" rel=\"noopener\">Fran\u00e7ois Bayrou<\/a>\u00a0\u00e0 Matignon jusqu\u2019en 2027. Les quatre partis de gauche s\u2019\u00e9taient bon gr\u00e9 mal gr\u00e9 accommod\u00e9s de ce premier ministre qui avait au moins le m\u00e9rite d\u2019offrir une forme de stabilit\u00e9 jusqu\u2019\u00e0 la pr\u00e9sidentielle. Personne \u00e0 gauche ne s\u2019attendait \u00e0 ce qu\u2019il pr\u00e9cipite \u00e0 ce point son d\u00e9part en proposant un vote de confiance \u00e0 l\u2019Assembl\u00e9e, vou\u00e9 \u00e0 l\u2019\u00e9chec, le lundi 8\u00a0septembre.<\/p>\n<p class=\"fig-paragraph\">\u00ab\u00a0Il y a une forme de sid\u00e9ration\u00a0\u00bb, reconna\u00eet un d\u00e9put\u00e9 PS. Chez les socialistes, certains r\u00e9fl\u00e9chissent aux combinaisons possibles pour inciter Emmanuel Macron \u00e0 d\u00e9signer un premier ministre issu de la gauche. Mais, en r\u00e9alit\u00e9, personne ne croit r\u00e9ellement \u00e0 un revirement du pr\u00e9sident, qui avait d\u00e9j\u00e0 refus\u00e9 de se tourner vers la coalition du Nouveau Front populaire, bien qu\u2019elle soit arriv\u00e9e en t\u00eate des \u00e9lections l\u00e9gislatives de 2024. Et\u2026<\/p>\n<p class=\"fig-premium-paywall__infos\">\n        Cet article est r\u00e9serv\u00e9 aux abonn\u00e9s.        Il vous reste 85% \u00e0 d\u00e9couvrir.\n    <\/p>\n<p>                <img  data- alt=\"Le Figaro\" class=\"fig-img--complete fig-img\"\/><\/p>\n<p class=\"fig-premium-paywall__title\">Vente Flash<\/p>\n<p class=\"fig-premium-paywall__subtitle\">4,99\u20ac par mois pendant 12 mois. Sans engagement<\/p>\n<p class=\"fig-premium-paywall__connect\">\n                D\u00e9j\u00e0 abonn\u00e9\u00a0?                <a class=\"fig-premium-paywall__connect-link\" href=\"https:\/\/connect.lefigaro.fr\/login?client=horizon_web&amp;type=main&amp;redirect_uri=https%3A%2F%2Fwww.lefigaro.fr%2Fpolitique%2Fpourquoi-la-gauche-sera-contrainte-a-l-union-en-cas-de-dissolution-20250828\" data-js-gtm=\"{&quot;customCategorie&quot;: &quot;conversion&quot;, &quot;customAction&quot;: &quot;before_Landing_Connexion_paywall_auto&quot;, &quot;customLabel&quot;: &quot;bGVmaWdhcm8uZnJfXzFmMDgzZjA0LTk0NzEtNjNjOC1hMDdmLTQzNmNmMGJkZDJlMF9fQXJ0aWNsZQ==_Pourquoi la gauche sera contrainte \u00e0 l\u2019union en cas de dissolution_446&quot;, &quot;customIDSPE&quot;: &quot;bGVmaWdhcm8uZnJfXzFmMDgzZjA0LTk0NzEtNjNjOC1hMDdmLTQzNmNmMGJkZDJlMF9fQXJ0aWNsZQ==&quot;, &quot;event&quot;: &quot;customEventSPE&quot;}\" target=\"_blank\" rel=\"noopener\"><br \/>\n                    Connectez-vous<br \/>\n                <\/a>\n            <\/p>\n","protected":false},"excerpt":{"rendered":"D\u00c9CRYPTAGE &#8211; Sans un accord, la gauche risque de perdre de nombreux si\u00e8ges. Malgr\u00e9 ses divisions, elle devrait&hellip;\n","protected":false},"author":2,"featured_media":351304,"comment_status":"","ping_status":"","sticky":false,"template":"","format":"standard","meta":{"footnotes":""},"categories":[4],"tags":[11,1011,27,3081,12,4393,3541,25],"class_list":{"0":"post-351303","1":"post","2":"type-post","3":"status-publish","4":"format-standard","5":"has-post-thumbnail","7":"category-france","8":"tag-actualites","9":"tag-fr","10":"tag-france","11":"tag-jean-luc-melenchon","12":"tag-news","13":"tag-olivier-faure","14":"tag-parti-socialiste","15":"tag-republique-francaise"},"share_on_mastodon":{"url":"https:\/\/pubeurope.com\/@fr\/115110008820340776","error":""},"_links":{"self":[{"href":"https:\/\/www.europesays.com\/fr\/wp-json\/wp\/v2\/posts\/351303","targetHints":{"allow":["GET"]}}],"collection":[{"href":"https:\/\/www.europesays.com\/fr\/wp-json\/wp\/v2\/posts"}],"about":[{"href":"https:\/\/www.europesays.com\/fr\/wp-json\/wp\/v2\/types\/post"}],"author":[{"embeddable":true,"href":"https:\/\/www.europesays.com\/fr\/wp-json\/wp\/v2\/users\/2"}],"replies":[{"embeddable":true,"href":"https:\/\/www.europesays.com\/fr\/wp-json\/wp\/v2\/comments?post=351303"}],"version-history":[{"count":0,"href":"https:\/\/www.europesays.com\/fr\/wp-json\/wp\/v2\/posts\/351303\/revisions"}],"wp:featuredmedia":[{"embeddable":true,"href":"https:\/\/www.europesays.com\/fr\/wp-json\/wp\/v2\/media\/351304"}],"wp:attachment":[{"href":"https:\/\/www.europesays.com\/fr\/wp-json\/wp\/v2\/media?parent=351303"}],"wp:term":[{"taxonomy":"category","embeddable":true,"href":"https:\/\/www.europesays.com\/fr\/wp-json\/wp\/v2\/categories?post=351303"},{"taxonomy":"post_tag","embeddable":true,"href":"https:\/\/www.europesays.com\/fr\/wp-json\/wp\/v2\/tags?post=351303"}],"curies":[{"name":"wp","href":"https:\/\/api.w.org\/{rel}","templated":true}]}}