{"id":351305,"date":"2025-08-29T03:48:17","date_gmt":"2025-08-29T03:48:17","guid":{"rendered":"https:\/\/www.europesays.com\/fr\/351305\/"},"modified":"2025-08-29T03:48:17","modified_gmt":"2025-08-29T03:48:17","slug":"la-porte-de-mon-bureau-est-ouverte-pour-adrien-rabiot-comme-les-autres-assure-pablo-longoria","status":"publish","type":"post","link":"https:\/\/www.europesays.com\/fr\/351305\/","title":{"rendered":"\u00ab\u00a0La porte de mon bureau est ouverte, pour Adrien Rabiot comme les autres\u00a0\u00bb, assure Pablo Longoria"},"content":{"rendered":"<p>L&rsquo;OM conna\u00eet ses futurs adversaires en Ligue des champions, et les pens\u00e9es des supporters sont d\u00e9j\u00e0 tourn\u00e9s <a href=\"https:\/\/www.laprovence.com\/article\/om\/28214017463535\/direct-laprovence-direct-ligue-des-champions-quels-adversaires-pour-l-om-suivez-le-tirage-au-sort-de-la-phase-de-ligue\" target=\"_blank\" rel=\"nofollow noopener\">vers les affrontements face au Real Madrid, Liverpool, l&rsquo;Ajax Amsterdam ou Newcastle<\/a>. Mais le quotidien olympien s&rsquo;est rapidement r\u00e9invit\u00e9, notamment le suspense sur le cas d&rsquo;Adrien Rabiot, \u00e9cart\u00e9 de l&rsquo;effectif depuis la bagarre avec Jonathan Rowe dans les vestiaires \u00e0 Rennes, apr\u00e8s la d\u00e9faite lors de la premi\u00e8re journ\u00e9e de Ligue 1.<\/p>\n<p>En marge du tirage au sort, Pablo Longoria, le pr\u00e9sident de l&rsquo;OM, s&rsquo;est exprim\u00e9 au micro de\u00a0Canal+ sur le cas d&rsquo;Adrien Rabiot. \u00ab\u00a0C&rsquo;est la question d&rsquo;actualit\u00e9. On doit \u00eatre tr\u00e8s clair. La porte de mon bureau est toujours ouverte, pour Adrien Rabiot comme pour tous les autres joueurs, a assur\u00e9 l&rsquo;Espagnol. On peut discuter tranquillement. La chose la plus importante, c&rsquo;est de se parler comme des adultes et d&rsquo;avoir une discussion sinc\u00e8re. Je le r\u00e9p\u00e8te, ma porte est ouverte pour tous les joueurs sous contrat avec l&rsquo;Olympique de Marseille, Adrien Rabiot comme les autres.\u00a0\u00bb<\/p>\n<p>Impossible, donc, de savoir de quoi sera fait l&rsquo;avenir de l&rsquo;international fran\u00e7ais. La suite au prochain \u00e9pisode&#8230;<\/p>\n","protected":false},"excerpt":{"rendered":"L&rsquo;OM conna\u00eet ses futurs adversaires en Ligue des champions, et les pens\u00e9es des supporters sont d\u00e9j\u00e0 tourn\u00e9s vers&hellip;\n","protected":false},"author":2,"featured_media":351306,"comment_status":"","ping_status":"","sticky":false,"template":"","format":"standard","meta":{"footnotes":""},"categories":[2],"tags":[17,11,12544,932,1011,27,4743,11078,12,149,12884,5396],"class_list":{"0":"post-351305","1":"post","2":"type-post","3":"status-publish","4":"format-standard","5":"has-post-thumbnail","7":"category-actualites","8":"tag-17","9":"tag-actualites","10":"tag-bureau","11":"tag-est","12":"tag-fr","13":"tag-france","14":"tag-la","15":"tag-mon","16":"tag-news","17":"tag-om","18":"tag-ouverte","19":"tag-porte"},"share_on_mastodon":{"url":"https:\/\/pubeurope.com\/@fr\/115110012768394288","error":""},"_links":{"self":[{"href":"https:\/\/www.europesays.com\/fr\/wp-json\/wp\/v2\/posts\/351305","targetHints":{"allow":["GET"]}}],"collection":[{"href":"https:\/\/www.europesays.com\/fr\/wp-json\/wp\/v2\/posts"}],"about":[{"href":"https:\/\/www.europesays.com\/fr\/wp-json\/wp\/v2\/types\/post"}],"author":[{"embeddable":true,"href":"https:\/\/www.europesays.com\/fr\/wp-json\/wp\/v2\/users\/2"}],"replies":[{"embeddable":true,"href":"https:\/\/www.europesays.com\/fr\/wp-json\/wp\/v2\/comments?post=351305"}],"version-history":[{"count":0,"href":"https:\/\/www.europesays.com\/fr\/wp-json\/wp\/v2\/posts\/351305\/revisions"}],"wp:featuredmedia":[{"embeddable":true,"href":"https:\/\/www.europesays.com\/fr\/wp-json\/wp\/v2\/media\/351306"}],"wp:attachment":[{"href":"https:\/\/www.europesays.com\/fr\/wp-json\/wp\/v2\/media?parent=351305"}],"wp:term":[{"taxonomy":"category","embeddable":true,"href":"https:\/\/www.europesays.com\/fr\/wp-json\/wp\/v2\/categories?post=351305"},{"taxonomy":"post_tag","embeddable":true,"href":"https:\/\/www.europesays.com\/fr\/wp-json\/wp\/v2\/tags?post=351305"}],"curies":[{"name":"wp","href":"https:\/\/api.w.org\/{rel}","templated":true}]}}