{"id":351307,"date":"2025-08-29T03:49:11","date_gmt":"2025-08-29T03:49:11","guid":{"rendered":"https:\/\/www.europesays.com\/fr\/351307\/"},"modified":"2025-08-29T03:49:11","modified_gmt":"2025-08-29T03:49:11","slug":"la-ville-de-saint-etienne-veut-guider-ses-seniors","status":"publish","type":"post","link":"https:\/\/www.europesays.com\/fr\/351307\/","title":{"rendered":"La ville de Saint-Etienne veut guider ses s\u00e9niors"},"content":{"rendered":"\n<p>C&rsquo;est un document de 52 pages, disponible depuis quelques jours dans les mairies de proximit\u00e9 de Saint-Etienne et sur le site internet de la ville.<\/p>\n<p>52 pages pour aider les seniors<\/p>\n<p>A l&rsquo;int\u00e9rieur, des conseils par th\u00e9matique (faire une activit\u00e9, se d\u00e9placer, maintenir le lien social, prendre soin de soin) sp\u00e9cialement cibl\u00e9 pour les st\u00e9phanois de plus de 60 ans. Saint-Etienne porte une attention particuli\u00e8re \u00e0 ses a\u00een\u00e9s et a m\u00eame obtenu le label niveau \u00ab platine \u00bb de la d\u00e9marche \u00ab Villes francophones amies des a\u00een\u00e9s \u00bb, port\u00e9e par l\u2019Organisation mondiale de la sant\u00e9 (OMS). Pour le maire, Ga\u00ebl Perdriau : \u00ab\u00a0face aux d\u00e9fis du vieillissement de la population, notre engagement est clair : favoriser le bien-vieillir, pr\u00e9venir l\u2019isolement et garantir \u00e0 chacun un accompagnement de qualit\u00e9, respectueux des parcous de vie et des aspirations individuelles.\u00a0\u00bb<\/p>\n<p>Pass senior<\/p>\n<p>Comme l&rsquo;an dernier, la ville de Saint-Etienne va proposer le pass seniors aux habitants de plus de 62 ans. Moyennant l&rsquo;achat du pass entre 15 et 50 euros, selon les revenus, les d\u00e9tenteurs peuvent aller voir un spectacle au Z\u00e9nith, un spectacle \u00e0 l&rsquo;Op\u00e9ra, un \u00e0 la Com\u00e9die de Saint-Etienne, deux pour la Com\u00e8te et ils peuvent \u00e9galement participer \u00e0 une activit\u00e9 sportive. Cette ann\u00e9e, les inscriptions pour le recevoir sont le 2 septembre 2025. Ils suffit de s&rsquo;inscrire sur internet ou en appelant la mairie ce jour-l\u00e0.<\/p>\n","protected":false},"excerpt":{"rendered":"C&rsquo;est un document de 52 pages, disponible depuis quelques jours dans les mairies de proximit\u00e9 de Saint-Etienne et&hellip;\n","protected":false},"author":2,"featured_media":351308,"comment_status":"","ping_status":"","sticky":false,"template":"","format":"standard","meta":{"footnotes":""},"categories":[9653],"tags":[1111,11,18462,2430,12216,1777,674,1011,27,12,25,4001,3552,572,32558],"class_list":{"0":"post-351307","1":"post","2":"type-post","3":"status-publish","4":"format-standard","5":"has-post-thumbnail","7":"category-saint-etienne","8":"tag-actu","9":"tag-actualites","10":"tag-aines","11":"tag-auvergne-rhone-alpes","12":"tag-ehpad","13":"tag-eu","14":"tag-europe","15":"tag-fr","16":"tag-france","17":"tag-news","18":"tag-republique-francaise","19":"tag-saint-etienne","20":"tag-seniors","21":"tag-vieillesse","22":"tag-vieillir"},"share_on_mastodon":{"url":"https:\/\/pubeurope.com\/@fr\/115110016700355847","error":""},"_links":{"self":[{"href":"https:\/\/www.europesays.com\/fr\/wp-json\/wp\/v2\/posts\/351307","targetHints":{"allow":["GET"]}}],"collection":[{"href":"https:\/\/www.europesays.com\/fr\/wp-json\/wp\/v2\/posts"}],"about":[{"href":"https:\/\/www.europesays.com\/fr\/wp-json\/wp\/v2\/types\/post"}],"author":[{"embeddable":true,"href":"https:\/\/www.europesays.com\/fr\/wp-json\/wp\/v2\/users\/2"}],"replies":[{"embeddable":true,"href":"https:\/\/www.europesays.com\/fr\/wp-json\/wp\/v2\/comments?post=351307"}],"version-history":[{"count":0,"href":"https:\/\/www.europesays.com\/fr\/wp-json\/wp\/v2\/posts\/351307\/revisions"}],"wp:featuredmedia":[{"embeddable":true,"href":"https:\/\/www.europesays.com\/fr\/wp-json\/wp\/v2\/media\/351308"}],"wp:attachment":[{"href":"https:\/\/www.europesays.com\/fr\/wp-json\/wp\/v2\/media?parent=351307"}],"wp:term":[{"taxonomy":"category","embeddable":true,"href":"https:\/\/www.europesays.com\/fr\/wp-json\/wp\/v2\/categories?post=351307"},{"taxonomy":"post_tag","embeddable":true,"href":"https:\/\/www.europesays.com\/fr\/wp-json\/wp\/v2\/tags?post=351307"}],"curies":[{"name":"wp","href":"https:\/\/api.w.org\/{rel}","templated":true}]}}