{"id":351315,"date":"2025-08-29T03:53:10","date_gmt":"2025-08-29T03:53:10","guid":{"rendered":"https:\/\/www.europesays.com\/fr\/351315\/"},"modified":"2025-08-29T03:53:10","modified_gmt":"2025-08-29T03:53:10","slug":"avant-la-rentree-des-ateliers-pour-grandir-dans-le-respect-et-legalite-a-toulon","status":"publish","type":"post","link":"https:\/\/www.europesays.com\/fr\/351315\/","title":{"rendered":"Avant la rentr\u00e9e, des ateliers pour \u00ab\u00a0grandir dans le respect et l\u2019\u00e9galit\u00e9\u00a0\u00bb \u00e0 Toulon"},"content":{"rendered":"<p>\u00ab\u00a0Je dois dire oui pour faire plaisir\u00a0\u00bb, \u00e9nonce Julie Rassat devant neuf enfants \u00e2g\u00e9s d\u2019environ 11 ans. \u00c0 leur tour, ils doivent dire s\u2019ils sont d\u2019accord ou non avec cette phrase. Petite h\u00e9sitation. La plupart se d\u00e9cident pour le \u00ab\u00a0non\u00a0\u00bb. Une jeune fille choisit le \u00ab\u00a0oui\u00a0\u00bb.<\/p>\n<p>Ce jeudi matin, comme depuis le d\u00e9but de la semaine, le coll\u00e8ge Peiresc \u00e0 Toulon fait \u00ab\u00a0\u00e9cole ouverte\u00a0\u00bb. Un dispositif d\u00e9di\u00e9 aux \u00e9tablissements en r\u00e9seau d\u2019\u00e9ducation prioritaire (REP) afin de \u00ab\u00a0renforcer les apprentissages et contribuer \u00e0 l\u2019\u00e9panouissement des enfants\u00a0\u00bb, qui y participent sur la base du volontariat. R\u00e9visions de maths et de fran\u00e7ais ou initiation au num\u00e9rique, dont l\u2019utilisation de Pronote, sont au programme de ces quelques jours de d\u00e9couverte du coll\u00e8ge pour des \u00e9l\u00e8ves qui feront la semaine prochaine leur entr\u00e9e officielle en sixi\u00e8me.<\/p>\n<p>St\u00e9r\u00e9otypes et consentement<\/p>\n<p>Et pour la troisi\u00e8me ann\u00e9e cons\u00e9cutive, le Planning familial varois intervient sur le volet pr\u00e9vention. \u00c0 la demande de la direction du coll\u00e8ge, Julie Rassat, Fran\u00e7oise Denis, pr\u00e9sidente du Planning familial, et \u00c9dith Bouchet, r\u00e9f\u00e9rente du p\u00f4le \u00ab\u00a0\u00e9ducation\u00a0\u00bb de la structure, abordent l\u2019\u00e9galit\u00e9 filles\/gar\u00e7ons, les st\u00e9r\u00e9otypes de genre, le respect dans les relations, la notion de consentement, et plus g\u00e9n\u00e9ralement la gestion des \u00e9motions.<\/p>\n<p>\u00ab\u00a0On se rend compte qu\u2019il y a encore beaucoup de probl\u00e9matiques sur ces sujets\u00a0\u00bb, explique Vanessa Delon, conseill\u00e8re principale d\u2019\u00e9ducation avec sa coll\u00e8gue Lise Vieville. Elles d\u00e9crivent: \u00ab\u00a0On le voit dans la cour o\u00f9 les filles sont en p\u00e9riph\u00e9rie, les gar\u00e7ons au centre ou encore lorsqu\u2019il faut se mettre en rang: ils ne se m\u00e9langent pas.\u00a0\u00bb La pr\u00e9vention est d\u2019autant plus n\u00e9cessaire qu\u2019entr\u00e9e au coll\u00e8ge rime avec premier t\u00e9l\u00e9phone portable. Et donc r\u00e9seaux sociaux. \u00ab\u00a0\u00c7a nous rattrape: c\u2019est une lutte perp\u00e9tuelle!\u00a0\u00bb<\/p>\n<p>\u00ab\u00a0Pr\u00e9venir les violences de demain\u00a0\u00bb<\/p>\n<p>\u00ab\u00a0Notre objectif, souligne \u00c9dith Bouchet, est d\u2019aider les \u00e9l\u00e8ves \u00e0 trouver des outils pour grandir dans le respect et l\u2019\u00e9galit\u00e9. Nous croyons que parler t\u00f4t de ces sujets dans un cadre bienveillant permet aux jeunes de mieux vivre ensemble afin de pr\u00e9venir les violences de demain.\u00a0\u00bb La r\u00e9f\u00e9rente pr\u00e9cise d\u2019ailleurs que le Planning familial propose des ateliers de pr\u00e9vention tout au long de l\u2019ann\u00e9e dans les \u00e9tablissements, primaires ou secondaires, du Var.<\/p>\n<p>Le format participatif semble ravir les enfants, dont certains ne craignent pas de livrer leur propre ressenti, d\u2019\u00e9voquer leurs exp\u00e9riences. Leur int\u00e9r\u00eat est manifeste: \u00ab\u00a0Je n\u2019aurais pas cru dire \u00e7a un jour, mais je n\u2019ai jamais autant appris\u00a0\u00bb, lance l\u2019un des gar\u00e7ons, un brin flagorneur. Un autre futur coll\u00e9gien se souvient du mot \u00ab\u00a0st\u00e9r\u00e9otype\u00a0\u00bb, appris deux jours plus t\u00f4t. \u00ab\u00a0Les \u00e9motions, compl\u00e8te encore un \u00e9l\u00e8ve, je connaissais d\u00e9j\u00e0 car on en avait parl\u00e9 \u00e0 l\u2019\u00e9cole, mais sur le genre, c\u2019\u00e9tait nouveau et je suis tr\u00e8s content d\u2019avoir appris \u00e7a.\u00a0\u00bb<\/p>\n","protected":false},"excerpt":{"rendered":"\u00ab\u00a0Je dois dire oui pour faire plaisir\u00a0\u00bb, \u00e9nonce Julie Rassat devant neuf enfants \u00e2g\u00e9s d\u2019environ 11 ans. \u00c0&hellip;\n","protected":false},"author":2,"featured_media":351316,"comment_status":"","ping_status":"","sticky":false,"template":"","format":"standard","meta":{"footnotes":""},"categories":[9619],"tags":[1111,11,1057,1777,674,332,1011,27,12,882,25,2310],"class_list":{"0":"post-351315","1":"post","2":"type-post","3":"status-publish","4":"format-standard","5":"has-post-thumbnail","7":"category-toulon","8":"tag-actu","9":"tag-actualites","10":"tag-education","11":"tag-eu","12":"tag-europe","13":"tag-faits-de-societe","14":"tag-fr","15":"tag-france","16":"tag-news","17":"tag-provence-alpes-cote-dazur","18":"tag-republique-francaise","19":"tag-toulon"},"share_on_mastodon":{"url":"https:\/\/pubeurope.com\/@fr\/115110032524801627","error":""},"_links":{"self":[{"href":"https:\/\/www.europesays.com\/fr\/wp-json\/wp\/v2\/posts\/351315","targetHints":{"allow":["GET"]}}],"collection":[{"href":"https:\/\/www.europesays.com\/fr\/wp-json\/wp\/v2\/posts"}],"about":[{"href":"https:\/\/www.europesays.com\/fr\/wp-json\/wp\/v2\/types\/post"}],"author":[{"embeddable":true,"href":"https:\/\/www.europesays.com\/fr\/wp-json\/wp\/v2\/users\/2"}],"replies":[{"embeddable":true,"href":"https:\/\/www.europesays.com\/fr\/wp-json\/wp\/v2\/comments?post=351315"}],"version-history":[{"count":0,"href":"https:\/\/www.europesays.com\/fr\/wp-json\/wp\/v2\/posts\/351315\/revisions"}],"wp:featuredmedia":[{"embeddable":true,"href":"https:\/\/www.europesays.com\/fr\/wp-json\/wp\/v2\/media\/351316"}],"wp:attachment":[{"href":"https:\/\/www.europesays.com\/fr\/wp-json\/wp\/v2\/media?parent=351315"}],"wp:term":[{"taxonomy":"category","embeddable":true,"href":"https:\/\/www.europesays.com\/fr\/wp-json\/wp\/v2\/categories?post=351315"},{"taxonomy":"post_tag","embeddable":true,"href":"https:\/\/www.europesays.com\/fr\/wp-json\/wp\/v2\/tags?post=351315"}],"curies":[{"name":"wp","href":"https:\/\/api.w.org\/{rel}","templated":true}]}}