{"id":351321,"date":"2025-08-29T03:56:20","date_gmt":"2025-08-29T03:56:20","guid":{"rendered":"https:\/\/www.europesays.com\/fr\/351321\/"},"modified":"2025-08-29T03:56:20","modified_gmt":"2025-08-29T03:56:20","slug":"le-bidonville-jasse-de-maurin-ferme-ce-jeudi","status":"publish","type":"post","link":"https:\/\/www.europesays.com\/fr\/351321\/","title":{"rendered":"le bidonville \u00ab\u00a0Jasse de Maurin\u00a0\u00bb ferm\u00e9 ce jeudi"},"content":{"rendered":"<p>\nLe bidonville situ\u00e9 avenue de Maurin \u00e0 Montpellier a \u00e9t\u00e9 ferm\u00e9 ce jeudi 28 ao\u00fbt.<\/p>\n<p>\n\u00a9 Photo d\u2019illustration.<\/p>\n<p>La fermeture du <strong>bidonville dit \u00ab\u00a0Jasse de Maurin\u00a0\u00bb<\/strong>, ferm\u00e9 ce 28 ao\u00fbt, s\u2019inscrit dans le cadre d\u2019une convention sign\u00e9e le 5 mai 2025 entre la Ville de <a href=\"https:\/\/infoccitanie.fr\/tag\/montpellier\/\" target=\"_blank\" rel=\"noopener\"><strong>Montpellier<\/strong><\/a>, l\u2019Etat ainsi que la Fondation pour le Logement des D\u00e9favoris\u00e9s. Cette convention a pour but de mettre \u00e0 l\u2019abri les <strong>163 m\u00e9nages<\/strong>, soit<strong> 511 personnes<\/strong>, qui vivent dans les 13 bidonvilles r\u00e9partis au sein de la <a href=\"https:\/\/www.montpellier3m.fr\/\" target=\"_blank\" rel=\"nofollow noopener\"><strong>M\u00e9tropole de Montpellier<\/strong><\/a>, \u00e0 \u00e9ch\u00e9ance des 10 prochaines ann\u00e9es.<\/p>\n<p>Les <strong>91 personnes<\/strong> pr\u00e9sentes dans le bidonville ont quitt\u00e9 les lieux. Elles se sont vues proposer des solutions de relogement et d\u2019accompagnement, notamment au sein de l\u2019ancienne auberge de jeunesse municipale situ\u00e9e rue des \u00c9coles La\u00efques, dans laquelle 10 m\u00e9nages, soit 27 personnes ont \u00e9t\u00e9 accueillies ce jour. Quant aux autres m\u00e9nages ils ont \u00e9t\u00e9 h\u00e9berg\u00e9s par l\u2019Etat, par le conseil d\u00e9partemental ou par le biais d\u2019autres solutions. En 2022, la fermeture du bidonville de Celleneuve a permis de reloger 165 personnes, soit 55 m\u00e9nages.<\/p>\n<p><a data-no-instant=\"1\" href=\"https:\/\/www.lio-occitanie.fr\/titres-et-tarifs\/\" rel=\"noopener\" class=\"a2t-link\" aria-label=\"2915-lio-sncf-2025\" target=\"_blank\"><img decoding=\"async\" src=\"https:\/\/www.europesays.com\/fr\/wp-content\/uploads\/2025\/08\/2915-lio-sncf-2025.png\" alt=\"\"  \/><\/a><\/p>\n","protected":false},"excerpt":{"rendered":"Le bidonville situ\u00e9 avenue de Maurin \u00e0 Montpellier a \u00e9t\u00e9 ferm\u00e9 ce jeudi 28 ao\u00fbt. \u00a9 Photo d\u2019illustration.&hellip;\n","protected":false},"author":2,"featured_media":351322,"comment_status":"","ping_status":"","sticky":false,"template":"","format":"standard","meta":{"footnotes":""},"categories":[9599],"tags":[1111,11,1777,674,1011,27,2208,12,2680,25],"class_list":{"0":"post-351321","1":"post","2":"type-post","3":"status-publish","4":"format-standard","5":"has-post-thumbnail","7":"category-montpellier","8":"tag-actu","9":"tag-actualites","10":"tag-eu","11":"tag-europe","12":"tag-fr","13":"tag-france","14":"tag-montpellier","15":"tag-news","16":"tag-occitanie","17":"tag-republique-francaise"},"share_on_mastodon":{"url":"https:\/\/pubeurope.com\/@fr\/115110044203059851","error":""},"_links":{"self":[{"href":"https:\/\/www.europesays.com\/fr\/wp-json\/wp\/v2\/posts\/351321","targetHints":{"allow":["GET"]}}],"collection":[{"href":"https:\/\/www.europesays.com\/fr\/wp-json\/wp\/v2\/posts"}],"about":[{"href":"https:\/\/www.europesays.com\/fr\/wp-json\/wp\/v2\/types\/post"}],"author":[{"embeddable":true,"href":"https:\/\/www.europesays.com\/fr\/wp-json\/wp\/v2\/users\/2"}],"replies":[{"embeddable":true,"href":"https:\/\/www.europesays.com\/fr\/wp-json\/wp\/v2\/comments?post=351321"}],"version-history":[{"count":0,"href":"https:\/\/www.europesays.com\/fr\/wp-json\/wp\/v2\/posts\/351321\/revisions"}],"wp:featuredmedia":[{"embeddable":true,"href":"https:\/\/www.europesays.com\/fr\/wp-json\/wp\/v2\/media\/351322"}],"wp:attachment":[{"href":"https:\/\/www.europesays.com\/fr\/wp-json\/wp\/v2\/media?parent=351321"}],"wp:term":[{"taxonomy":"category","embeddable":true,"href":"https:\/\/www.europesays.com\/fr\/wp-json\/wp\/v2\/categories?post=351321"},{"taxonomy":"post_tag","embeddable":true,"href":"https:\/\/www.europesays.com\/fr\/wp-json\/wp\/v2\/tags?post=351321"}],"curies":[{"name":"wp","href":"https:\/\/api.w.org\/{rel}","templated":true}]}}