{"id":351325,"date":"2025-08-29T04:00:11","date_gmt":"2025-08-29T04:00:11","guid":{"rendered":"https:\/\/www.europesays.com\/fr\/351325\/"},"modified":"2025-08-29T04:00:11","modified_gmt":"2025-08-29T04:00:11","slug":"horneland-en-panique-avant-grenoble","status":"publish","type":"post","link":"https:\/\/www.europesays.com\/fr\/351325\/","title":{"rendered":"Horneland en panique avant Grenoble"},"content":{"rendered":"<p>Afficher l\u2019index Masquer l\u2019index <\/p>\n<p>L\u2019<strong>ASSE<\/strong> a retrouv\u00e9 le sourire avec deux victoires cons\u00e9cutives, mais la blessure d\u2019<strong>Ebenezer Annan <\/strong>complique s\u00e9rieusement les plans d\u2019<strong>Eirik Horneland<\/strong>. \u00c0 l\u2019heure d\u2019affronter <strong>Grenoble<\/strong>, le coach norv\u00e9gien doit bricoler pour combler un vide criant sur le flanc gauche.<\/p>\n<p>ASSE : Un casse-t\u00eate sur le c\u00f4t\u00e9 gauche\t<\/p>\n<p>Face \u00e0 Rodez puis \u00e0 Boulogne-sur-Mer, les Verts ont montr\u00e9 une solidit\u00e9 retrouv\u00e9e. Mais le sort s\u2019est acharn\u00e9 : Annan, d\u00e9j\u00e0 pr\u00e9cieux dans son r\u00f4le, manquera plusieurs semaines, tout comme Denis Appiah. R\u00e9sultat : Horneland se retrouve avec une \u00e9quation d\u00e9fensive \u00e0 r\u00e9soudre, sans solution \u00e9vidente.<\/p>\n<p><strong>Lire aussi : <a href=\"https:\/\/www.foot-sur7.fr\/692207-asse-lequipe-des-verts-diminuee-face-a-grenoble-foot\" target=\"_blank\" rel=\"noopener\">ASSE : L\u2019\u00e9quipe des Verts diminu\u00e9e face \u00e0 Grenoble Foot<\/a><\/strong><\/p>\n<p>Le secteur d\u00e9fensif, d\u00e9j\u00e0 remodel\u00e9, doit trouver un nouvel \u00e9quilibre. La perspective d\u2019un Grenoble en confiance rend la mission encore plus p\u00e9rilleuse, et le moindre faux pas pourrait stopper la dynamique st\u00e9phanoise.<\/p>\n<p>Quatre options, aucune certitude pour Horneland<\/p>\n<p>Le premier choix pourrait \u00eatre Lassana Traor\u00e9. \u00c0 18 ans, le jeune lat\u00e9ral a montr\u00e9 de belles promesses en pr\u00e9paration, mais son inexp\u00e9rience p\u00e8se lourd. M\u00eame constat pour Maedine Makhloufi, brillant le week-end dernier avec un tripl\u00e9, mais absent des entra\u00eenements pros cette semaine.<\/p>\n<p><a class=\"related-article simple\" href=\"https:\/\/www.foot-sur7.fr\/692335-om-psg-la-sortie-piquante-de-longoria-sur-le-ballon-dor\" target=\"_blank\" rel=\"noopener\">\u00c0 voirOM \u2013 PSG : La sortie piquante de Longoria sur le Ballon d\u2019Or<\/a><\/p>\n<p><strong>Lire aussi : <a href=\"https:\/\/www.foot-sur7.fr\/692086-asse-une-grosse-tuile-et-deja-lurgence-a-saint-etienne\" target=\"_blank\" rel=\"noopener\">ASSE : Une grosse tuile et d\u00e9j\u00e0 l\u2019urgence \u00e0 Saint-\u00c9tienne<\/a><\/strong><\/p>\n<p>Autres alternatives : Maxime Bernauer, d\u00e9fenseur central habitu\u00e9 au couloir droit mais d\u00e9j\u00e0 aper\u00e7u \u00e0 gauche sous le maillot du Paris FC, et Ben Old, l\u2019international n\u00e9o-z\u00e9landais. Plus offensif que d\u00e9fensif, le \u00ab Kiwi \u00bb a d\u00e9j\u00e0 d\u00e9pann\u00e9 face \u00e0 Boulogne. Horneland devra trancher. R\u00e9alisme ou audace : voil\u00e0 le dilemme avant Grenoble.<\/p>\n","protected":false},"excerpt":{"rendered":"Afficher l\u2019index Masquer l\u2019index L\u2019ASSE a retrouv\u00e9 le sourire avec deux victoires cons\u00e9cutives, mais la blessure d\u2019Ebenezer Annan&hellip;\n","protected":false},"author":2,"featured_media":292551,"comment_status":"","ping_status":"","sticky":false,"template":"","format":"standard","meta":{"footnotes":""},"categories":[9566],"tags":[1111,11,2430,1777,674,1011,27,2731,12,25],"class_list":{"0":"post-351325","1":"post","2":"type-post","3":"status-publish","4":"format-standard","5":"has-post-thumbnail","7":"category-grenoble","8":"tag-actu","9":"tag-actualites","10":"tag-auvergne-rhone-alpes","11":"tag-eu","12":"tag-europe","13":"tag-fr","14":"tag-france","15":"tag-grenoble","16":"tag-news","17":"tag-republique-francaise"},"share_on_mastodon":{"url":"https:\/\/pubeurope.com\/@fr\/115110059896619361","error":""},"_links":{"self":[{"href":"https:\/\/www.europesays.com\/fr\/wp-json\/wp\/v2\/posts\/351325","targetHints":{"allow":["GET"]}}],"collection":[{"href":"https:\/\/www.europesays.com\/fr\/wp-json\/wp\/v2\/posts"}],"about":[{"href":"https:\/\/www.europesays.com\/fr\/wp-json\/wp\/v2\/types\/post"}],"author":[{"embeddable":true,"href":"https:\/\/www.europesays.com\/fr\/wp-json\/wp\/v2\/users\/2"}],"replies":[{"embeddable":true,"href":"https:\/\/www.europesays.com\/fr\/wp-json\/wp\/v2\/comments?post=351325"}],"version-history":[{"count":0,"href":"https:\/\/www.europesays.com\/fr\/wp-json\/wp\/v2\/posts\/351325\/revisions"}],"wp:featuredmedia":[{"embeddable":true,"href":"https:\/\/www.europesays.com\/fr\/wp-json\/wp\/v2\/media\/292551"}],"wp:attachment":[{"href":"https:\/\/www.europesays.com\/fr\/wp-json\/wp\/v2\/media?parent=351325"}],"wp:term":[{"taxonomy":"category","embeddable":true,"href":"https:\/\/www.europesays.com\/fr\/wp-json\/wp\/v2\/categories?post=351325"},{"taxonomy":"post_tag","embeddable":true,"href":"https:\/\/www.europesays.com\/fr\/wp-json\/wp\/v2\/tags?post=351325"}],"curies":[{"name":"wp","href":"https:\/\/api.w.org\/{rel}","templated":true}]}}