{"id":351326,"date":"2025-08-29T04:02:10","date_gmt":"2025-08-29T04:02:10","guid":{"rendered":"https:\/\/www.europesays.com\/fr\/351326\/"},"modified":"2025-08-29T04:02:10","modified_gmt":"2025-08-29T04:02:10","slug":"a-rennes-des-ecoliers-racontent-leurs-journees-pour-la-convention-citoyenne-des-temps-de-lenfant-liberation","status":"publish","type":"post","link":"https:\/\/www.europesays.com\/fr\/351326\/","title":{"rendered":"\u00e0 Rennes, des \u00e9coliers racontent leurs journ\u00e9es pour la Convention citoyenne des temps de l\u2019enfant \u2013 Lib\u00e9ration"},"content":{"rendered":"<p class=\"sc-ksZaOG ehjQrN text-element\">Une dizaine d\u2019enfants l\u00e8vent la main, assis autour de deux tables rapproch\u00e9es dans la salle polyvalente d\u2019un centre de loisirs de Rennes (Ille-et-Vilaine). Ils profitent de la fin de leurs grandes vacances mais quand on leur demande leur moment pr\u00e9f\u00e9r\u00e9 de la journ\u00e9e, ils pensent aussit\u00f4t\u2026 \u00e0 l\u2019\u00e9cole. \u00abMoi, c\u2019est quand on fait du breton\u00bb, lance Karima (1), casquette rouge viss\u00e9e sur la t\u00eate. \u00abQuand on travaille en histoire\u00bb, ajoute Lydia, lunettes et queue-de-cheval. D\u2019une voix fluette, Aurore et L\u00e9onie affirment pr\u00e9f\u00e9rer le soir, apr\u00e8s l\u2019\u00e9cole : l\u2019une aime dessiner mais manque de temps pour le faire, l\u2019autre adore jouer avec ses deux chats et aux jeux de soci\u00e9t\u00e9.<\/p>\n","protected":false},"excerpt":{"rendered":"Une dizaine d\u2019enfants l\u00e8vent la main, assis autour de deux tables rapproch\u00e9es dans la salle polyvalente d\u2019un centre&hellip;\n","protected":false},"author":2,"featured_media":351327,"comment_status":"","ping_status":"","sticky":false,"template":"","format":"standard","meta":{"footnotes":""},"categories":[2821],"tags":[1111,11,829,1122,1777,674,1011,27,12,584,25],"class_list":{"0":"post-351326","1":"post","2":"type-post","3":"status-publish","4":"format-standard","5":"has-post-thumbnail","7":"category-rennes","8":"tag-actu","9":"tag-actualites","10":"tag-bretagne","11":"tag-ecole","12":"tag-eu","13":"tag-europe","14":"tag-fr","15":"tag-france","16":"tag-news","17":"tag-rennes","18":"tag-republique-francaise"},"share_on_mastodon":{"url":"https:\/\/pubeurope.com\/@fr\/115110067957423615","error":""},"_links":{"self":[{"href":"https:\/\/www.europesays.com\/fr\/wp-json\/wp\/v2\/posts\/351326","targetHints":{"allow":["GET"]}}],"collection":[{"href":"https:\/\/www.europesays.com\/fr\/wp-json\/wp\/v2\/posts"}],"about":[{"href":"https:\/\/www.europesays.com\/fr\/wp-json\/wp\/v2\/types\/post"}],"author":[{"embeddable":true,"href":"https:\/\/www.europesays.com\/fr\/wp-json\/wp\/v2\/users\/2"}],"replies":[{"embeddable":true,"href":"https:\/\/www.europesays.com\/fr\/wp-json\/wp\/v2\/comments?post=351326"}],"version-history":[{"count":0,"href":"https:\/\/www.europesays.com\/fr\/wp-json\/wp\/v2\/posts\/351326\/revisions"}],"wp:featuredmedia":[{"embeddable":true,"href":"https:\/\/www.europesays.com\/fr\/wp-json\/wp\/v2\/media\/351327"}],"wp:attachment":[{"href":"https:\/\/www.europesays.com\/fr\/wp-json\/wp\/v2\/media?parent=351326"}],"wp:term":[{"taxonomy":"category","embeddable":true,"href":"https:\/\/www.europesays.com\/fr\/wp-json\/wp\/v2\/categories?post=351326"},{"taxonomy":"post_tag","embeddable":true,"href":"https:\/\/www.europesays.com\/fr\/wp-json\/wp\/v2\/tags?post=351326"}],"curies":[{"name":"wp","href":"https:\/\/api.w.org\/{rel}","templated":true}]}}