{"id":35133,"date":"2025-04-18T23:37:10","date_gmt":"2025-04-18T23:37:10","guid":{"rendered":"https:\/\/www.europesays.com\/fr\/35133\/"},"modified":"2025-04-18T23:37:10","modified_gmt":"2025-04-18T23:37:10","slug":"le-chu-de-bordeaux-recrute-plus-de-200-personnes-et-ouvre-les-portes-de-ses-hopitaux","status":"publish","type":"post","link":"https:\/\/www.europesays.com\/fr\/35133\/","title":{"rendered":"le CHU de Bordeaux recrute plus de 200 personnes et ouvre les portes de ses h\u00f4pitaux"},"content":{"rendered":"<p>            Par<br \/>\n        <strong><br \/>\n            <a href=\"https:\/\/actu.fr\/auteur\/aurelien-cardot\" title=\"Consulter tous les articles de Aurelien Cardot\" target=\"_blank\" rel=\"noopener\">Aurelien Cardot<\/a><br \/>\n        <\/strong><\/p>\n<p>        Publi\u00e9 le<\/p>\n<p>            17 avr. 2025 \u00e0 13h26        <\/p>\n<p>\u00c0 la recherche d\u2019un nouvel emploi ? Le <a href=\"https:\/\/actu.fr\/tag\/chu-de-bordeaux\" target=\"_blank\" rel=\"noopener\">CHU de Bordeaux<\/a>\u00a0propose plus de <strong>200 offres<\/strong> sur ses diff\u00e9rents sites.<\/p>\n<p class=\" wall-content\">Pour mieux faire conna\u00eetre ses m\u00e9tiers et ses \u00e9quipes, le centre hospitalier\u00a0organise plusieurs <strong>journ\u00e9es portes ouvertes<\/strong> au mois de mai 2025.<\/p>\n<p>Les rendez-vous \u00e0 retenir<\/p>\n<p class=\" wall-content\">Au programme : un accueil personnalis\u00e9, des \u00e9changes avec les professionnels de sant\u00e9 et des visites guid\u00e9es des services en compagnie des \u00e9quipes en poste. <strong>Trois dates sont pr\u00e9vues<\/strong> :<\/p>\n<ul class=\" wall-content\">\n<li>Le mardi 13 mai, de 10h \u00e0 16h, \u00e0 l\u2019h\u00f4pital Haut-L\u00e9v\u00eaque (avenue de Magellan, Pessac). Le rendez-vous est donn\u00e9 dans le self du personnel du b\u00e2timent Magellan.<\/li>\n<li>Le mardi 20 mai, de 10h \u00e0 15h, \u00e0 l\u2019h\u00f4pital Saint-Andr\u00e9 (1 rue Jean Burguet, Bordeaux). L\u2019accueil a lieu dans la salle \u00ab\u00a0bulle Saint-Andr\u00e9\u00a0\u00bb au premier \u00e9tage du b\u00e2timent historique.<\/li>\n<li>Le vendredi 23 mai, de 9h \u00e0 14h, \u00e0 l\u2019h\u00f4pital Pellegrin (Place Am\u00e9lie Raba L\u00e9on, Bordeaux). Rendez-vous en salles de direction du b\u00e2timent Tripode.<\/li>\n<\/ul>\n<p class=\" wall-content\">En <a href=\"https:\/\/www.chu-bordeaux.fr\/Emplois-recrutement\/\" target=\"_blank\" rel=\"noopener\">pleine p\u00e9riode de recrutement<\/a>, <strong>le premier employeur de Nouvelle-Aquitaine<\/strong> esp\u00e8re attirer de nouveaux profils pour renforcer ses \u00e9quipes.<\/p>\n<p>Vid\u00e9os : en ce moment sur Actu<\/p>\n<p class=\" wall-content\">Suivez toute l\u2019actualit\u00e9 de vos villes et m\u00e9dias favoris en vous inscrivant \u00e0 <a href=\"https:\/\/moncompte.actu.fr\" title=\"D\u00e9couvez Mon Actu\" rel=\"nofollow noopener\" data-trk=\"{&quot;cta&quot;:{&quot;action&quot;:&quot;https:\\\/\\\/moncompte.actu.fr&quot;,&quot;category&quot;:&quot;mon compte&quot;,&quot;from&quot;:&quot;article footer&quot;,&quot;name&quot;:&quot;Mon actu&quot;,&quot;type&quot;:&quot;cta&quot;}}\" target=\"_blank\">Mon Actu<\/a>.<\/p>\n","protected":false},"excerpt":{"rendered":"Par Aurelien Cardot Publi\u00e9 le 17 avr. 2025 \u00e0 13h26 \u00c0 la recherche d\u2019un nouvel emploi ? Le&hellip;\n","protected":false},"author":2,"featured_media":35134,"comment_status":"","ping_status":"","sticky":false,"template":"","format":"standard","meta":{"footnotes":""},"categories":[2817],"tags":[1111,11,1997,11421,341,1777,674,1011,27,12,2219,25,104],"class_list":{"0":"post-35133","1":"post","2":"type-post","3":"status-publish","4":"format-standard","5":"has-post-thumbnail","7":"category-bordeaux","8":"tag-actu","9":"tag-actualites","10":"tag-bordeaux","11":"tag-chu-de-bordeaux","12":"tag-emploi","13":"tag-eu","14":"tag-europe","15":"tag-fr","16":"tag-france","17":"tag-news","18":"tag-nouvelle-aquitaine","19":"tag-republique-francaise","20":"tag-societe"},"share_on_mastodon":{"url":"https:\/\/pubeurope.com\/@fr\/114361600863304532","error":""},"_links":{"self":[{"href":"https:\/\/www.europesays.com\/fr\/wp-json\/wp\/v2\/posts\/35133","targetHints":{"allow":["GET"]}}],"collection":[{"href":"https:\/\/www.europesays.com\/fr\/wp-json\/wp\/v2\/posts"}],"about":[{"href":"https:\/\/www.europesays.com\/fr\/wp-json\/wp\/v2\/types\/post"}],"author":[{"embeddable":true,"href":"https:\/\/www.europesays.com\/fr\/wp-json\/wp\/v2\/users\/2"}],"replies":[{"embeddable":true,"href":"https:\/\/www.europesays.com\/fr\/wp-json\/wp\/v2\/comments?post=35133"}],"version-history":[{"count":0,"href":"https:\/\/www.europesays.com\/fr\/wp-json\/wp\/v2\/posts\/35133\/revisions"}],"wp:featuredmedia":[{"embeddable":true,"href":"https:\/\/www.europesays.com\/fr\/wp-json\/wp\/v2\/media\/35134"}],"wp:attachment":[{"href":"https:\/\/www.europesays.com\/fr\/wp-json\/wp\/v2\/media?parent=35133"}],"wp:term":[{"taxonomy":"category","embeddable":true,"href":"https:\/\/www.europesays.com\/fr\/wp-json\/wp\/v2\/categories?post=35133"},{"taxonomy":"post_tag","embeddable":true,"href":"https:\/\/www.europesays.com\/fr\/wp-json\/wp\/v2\/tags?post=35133"}],"curies":[{"name":"wp","href":"https:\/\/api.w.org\/{rel}","templated":true}]}}