{"id":351330,"date":"2025-08-29T04:04:10","date_gmt":"2025-08-29T04:04:10","guid":{"rendered":"https:\/\/www.europesays.com\/fr\/351330\/"},"modified":"2025-08-29T04:04:10","modified_gmt":"2025-08-29T04:04:10","slug":"quel-tirage-au-sort-pour-strasbourg","status":"publish","type":"post","link":"https:\/\/www.europesays.com\/fr\/351330\/","title":{"rendered":"quel tirage au sort pour Strasbourg ?"},"content":{"rendered":"<p>Vainqueur de Brondby (3-2 apr\u00e8s le 0-0 de l\u2019aller), le Racing Club de <a href=\"https:\/\/www.footmercato.net\/club\/rc-strasbourg-alsace\/\" target=\"_blank\" rel=\"noopener\">Strasbourg<\/a> s\u2019est qualifi\u00e9 pour la phase de ligue de la Ligue Europa Conference. Le club alsacien tentera donc de devenir la premi\u00e8re \u00e9quipe fran\u00e7aise \u00e0 gagner la comp\u00e9tition et faire mieux que ses pr\u00e9d\u00e9cesseurs Nice (1\/4 de finale), Lille (1\/4 de finale) et Lens (barrages).<\/p>\n<p>            La suite apr\u00e8s cette publicit\u00e9<\/p>\n<p>Strasbourg aura six matches de poules \u00e0 jouer et affrontera au moins une \u00e9quipe de chaque chapeau. Ainsi, le pire tirage pourrait \u00eatre compos\u00e9 de la Fiorentina, de Crystal Palace, Mayence, l\u2019AEK Ath\u00e8nes, Samsunspor et le BK H\u00e4cken tandis que le Slovan Bratislava, les Shamrock Rovers, Celje, Drita, Breidablik et Hamrun Spartans pr\u00e9senteraient un programme plus abordable. <\/p>\n<p>        Les 36 qualifi\u00e9s<\/p>\n<p><strong>Chapeau 1 :<\/strong> Fiorentina (Italie), AZ Alkmaar (Pays-Bas), Shakhtar Donetsk (Ukraine), Slovan Bratislava (Slovaquie), Rapid Vienne (Autriche) et Legia Varsovie (Pologne)<\/p>\n<p>            La suite apr\u00e8s cette publicit\u00e9<\/p>\n<p><strong>Chapeau 2 :<\/strong> Sparta Prague (Tch\u00e9quie), Dynamo Kiev (Ukraine), Crystal Palace (Angleterre), Lech Poznan (Pologne), Rayo Vallecano (Espagne) et Shamrock Rovers (Irlande)<\/p>\n<p><strong>Chapeau 3 :<\/strong> Omonia Nicosie (Chypre), Mayence (Allemagne), <strong>Racing Club de Strasbourg (France)<\/strong>, Jagiellonia Bialystok (Pologne), Celje (Slov\u00e9nie) et Rijeka (Croatie) <\/p>\n<p>            La suite apr\u00e8s cette publicit\u00e9<\/p>\n<p><strong>Chapeau 4 :<\/strong> Zrinjski Mostar (Bosnie-Herz\u00e9govine), Lincoln Red Imps (Gibraltar), KuPS (Finlande), AEK Ath\u00e8nes (Gr\u00e8ce), Aberdeen (\u00c9cosse) et Drita (Kosovo)<\/p>\n<p><strong>Chapeau 5 :<\/strong> Breidablik (Islande), Sigma Olomouc (Tch\u00e9quie), Samsunspor (Turquie), Rakow Czestochowa (Pologne), AEK Larnaca (Chypre) et Shkendija (Mac\u00e9doine du Nord)<\/p>\n<p>            La suite apr\u00e8s cette publicit\u00e9<\/p>\n<p><strong>Chapeau 6 :<\/strong> BK H\u00e4cken (Su\u00e8de), Lausanne-Sport (Suisse), Universitea Craiova (Roumanie), Hamrun Spartans (Malte), Noah FC (Arm\u00e9nie) et Shelbourne (Irlande)<\/p>\n<p>\n    Pub. le 28\/08\/2025 23:40<br \/>\n            &#8211; MAJ le 29\/08\/2025 03:22\n    <\/p>\n","protected":false},"excerpt":{"rendered":"Vainqueur de Brondby (3-2 apr\u00e8s le 0-0 de l\u2019aller), le Racing Club de Strasbourg s\u2019est qualifi\u00e9 pour la&hellip;\n","protected":false},"author":2,"featured_media":344170,"comment_status":"","ping_status":"","sticky":false,"template":"","format":"standard","meta":{"footnotes":""},"categories":[2820],"tags":[1111,11,1777,674,1011,27,775,12,25,640],"class_list":{"0":"post-351330","1":"post","2":"type-post","3":"status-publish","4":"format-standard","5":"has-post-thumbnail","7":"category-strasbourg","8":"tag-actu","9":"tag-actualites","10":"tag-eu","11":"tag-europe","12":"tag-fr","13":"tag-france","14":"tag-grand-est","15":"tag-news","16":"tag-republique-francaise","17":"tag-strasbourg"},"share_on_mastodon":{"url":"https:\/\/pubeurope.com\/@fr\/115110075653614409","error":""},"_links":{"self":[{"href":"https:\/\/www.europesays.com\/fr\/wp-json\/wp\/v2\/posts\/351330","targetHints":{"allow":["GET"]}}],"collection":[{"href":"https:\/\/www.europesays.com\/fr\/wp-json\/wp\/v2\/posts"}],"about":[{"href":"https:\/\/www.europesays.com\/fr\/wp-json\/wp\/v2\/types\/post"}],"author":[{"embeddable":true,"href":"https:\/\/www.europesays.com\/fr\/wp-json\/wp\/v2\/users\/2"}],"replies":[{"embeddable":true,"href":"https:\/\/www.europesays.com\/fr\/wp-json\/wp\/v2\/comments?post=351330"}],"version-history":[{"count":0,"href":"https:\/\/www.europesays.com\/fr\/wp-json\/wp\/v2\/posts\/351330\/revisions"}],"wp:featuredmedia":[{"embeddable":true,"href":"https:\/\/www.europesays.com\/fr\/wp-json\/wp\/v2\/media\/344170"}],"wp:attachment":[{"href":"https:\/\/www.europesays.com\/fr\/wp-json\/wp\/v2\/media?parent=351330"}],"wp:term":[{"taxonomy":"category","embeddable":true,"href":"https:\/\/www.europesays.com\/fr\/wp-json\/wp\/v2\/categories?post=351330"},{"taxonomy":"post_tag","embeddable":true,"href":"https:\/\/www.europesays.com\/fr\/wp-json\/wp\/v2\/tags?post=351330"}],"curies":[{"name":"wp","href":"https:\/\/api.w.org\/{rel}","templated":true}]}}