{"id":351331,"date":"2025-08-29T04:05:13","date_gmt":"2025-08-29T04:05:13","guid":{"rendered":"https:\/\/www.europesays.com\/fr\/351331\/"},"modified":"2025-08-29T04:05:13","modified_gmt":"2025-08-29T04:05:13","slug":"passeiste-atterrant-quont-pense-les-patrons-azureens-du-discours-de-francois-bayrou-a-la-ref-2025","status":"publish","type":"post","link":"https:\/\/www.europesays.com\/fr\/351331\/","title":{"rendered":"Pass\u00e9iste, atterrant&#8230; Qu&rsquo;ont pens\u00e9 les patrons azur\u00e9ens du discours de Fran\u00e7ois Bayrou \u00e0 la REF 2025 ?"},"content":{"rendered":"<p>\t\t\t\t\t\t\t\tQuatre r\u00e9actions \u00e0 chaud, celles de Franck Cannata, Pierre Ippolito, Betty Seroussi et Jean-Pascal Decroix.  Entre incompr\u00e9hension et agacement, une chose est s\u00fbre, Fran\u00e7ois Bayrou n&rsquo;aura pas r\u00e9ussi \u00e0 consolider la coh\u00e9sion entre mondes politique et \u00e9conomique, bien au contraire. A une exception pr\u00e8s.\t\t\t\t\t\t\t<\/p>\n<p>\u00a0<\/p>\n<p>\u00a0<\/p>\n<p>\u00a0&gt;<strong> Franck Cannata,<br \/>&#13;<br \/>\npr\u00e9sident de l\u2019UPE 06,<br \/>&#13;<br \/>\ngroupe Transcan<\/strong><\/p>\n<p>\u00a0<\/p>\n<p>\u00ab\u00a0Une suite de constats connus et reconnus\u00a0\u00bb<\/p>\n<p>\u00a0<\/p>\n<p><img decoding=\"async\" alt=\"\" src=\"https:\/\/www.europesays.com\/fr\/wp-content\/uploads\/2025\/08\/20250828222620-capture-d\u2019e\u0301cran-2025-08-28-a\u0300-22-16-01.jpg\" style=\"width: 100px; height: 146px; margin: 5px; float: left;\"\/>\u00ab Le discours de Fran\u00e7ois Bayrou ? Des constats, g\u00e9n\u00e9raux. Sur nos entreprises et\u00a0nos fili\u00e8res d\u2019excellence, que nous connaissons bien. Et beaucoup , beaucoup trop de&#8230; litt\u00e9rature.\u00a0Mais c\u00f4t\u00e9 r\u00e9duction de la dette notamment, aucune solution envisag\u00e9e \u00e0 court, moyen ou long terme. Tout au long de son discours, le Premier ministre a compar\u00e9 \u00ab\u00a0l\u2019ancien\u00a0\u00bb et le \u00ab\u00a0nouveau\u00a0\u00bb monde, comme si le \u00ab\u00a0nouveau\u00a0\u00bb monde \u00e9tait devant nous\u2026Les \u00e9volutions, les innovations, les grands virages sont pris depuis plusieurs ann\u00e9es, et ce qui nous a \u00e9t\u00e9 vendu dans ce discours, ce sont des constats d\u2019un pass\u00e9 r\u00e9volu depuis longtemps. C\u2019est inqui\u00e9tant, tr\u00e8s inqui\u00e9tant.\u00a0\u00bb Les 211 Mds\u20ac d\u2019aide aux entreprises, bri\u00e8vement \u00e9voqu\u00e9s par Fran\u00e7ois Bayrou\u00a0? \u00ab\u00a0Cela ressemble plut\u00f4t \u00e0 un effet d\u2019annonce, un de plus, dont on ne comprend pas bien le sens\u2026\u00a0\u00bb Autre observation, ce Premier ministre l\u00e0 a tout l&rsquo;air d&rsquo;avoir act\u00e9 un vote de confiance, le 8 septembre, en forme de d\u00e9faite. \u00ab\u00a0Pour nous, \u00e7a n&rsquo;est pas forc\u00e9ment la bonne solution pour la stabilit\u00e9 de la France et de ses activit\u00e9s, pour autant tout est semble-t-il dig\u00e9r\u00e9.. Il faudra pourtant retrouver de la stabilit\u00e9 si nous voulons que nos entreprises perdurent et se d\u00e9veloppent.\u00a0\u00bb<\/p>\n<p>\u00a0<\/p>\n<p>\u00a0<\/p>\n<p>&gt; Pierre Ippolito<br \/>&#13;<br \/>\nPast-pr\u00e9sident de l&rsquo;UPE 06<br \/>&#13;<br \/>\nGroupe Ippolito<\/p>\n<p>\u00a0<\/p>\n<p>\u00ab\u00a0Atterr\u00e9 par tant de m\u00e9diocrit\u00e9\u00a0\u00bb<\/p>\n<p>\u00a0<\/p>\n<p>\u00ab\u00a0Un homme de l\u2019ancien<img decoding=\"async\" alt=\"\" src=\"https:\/\/www.europesays.com\/fr\/wp-content\/uploads\/2025\/08\/20250828222606-capture-d\u2019e\u0301cran-2025-08-28-a\u0300-22-17-23.jpg\" style=\"width: 100px; height: 151px; margin: 5px; float: left;\"\/> monde qui nous explique comment en sortir et aller vers un nouveau monde dont il ne conna\u00eet visiblement rien\u2026 Du langage d\u2019\u00e9narque, qui n\u2018est plus compatible ni avec nos besoins ni avec la mise en place d&rsquo;une dynamique n\u00e9cessaire\u00a0pour r\u00e9former notre pays.\u00a0\u00bb. Ce que le past-pr\u00e9sident de l\u2019UPE 06 aurait aim\u00e9 entendre\u00a0? \u00ab\u00a0Du dynamisme, de l\u2019espoir, et surtout des choix, forts, assum\u00e9s, sans se cacher derri\u00e8re un consensus qu&rsquo;on n&rsquo;atteindra jamais. Un Premier ministre, pour moi, est l\u00e0 pour assumer, pour convaincre, et surtout arriver avec des propositions. Il nous a aussi parl\u00e9 des aides aux entreprises&#8230; De la pure d\u00e9magogie, on n&rsquo;aide pas les entreprises, parfois on peut nous all\u00e9ger en termes de taxes, mais \u00e0 la fin, il reste encore \u00e9norm\u00e9ment de contributions positives.\u00a0\u00bb Des phrases vides ou sans r\u00e9el sens, trop techniques ou hors sujet, \u00ab\u00a0des citations latines pour nous montrer le chemin du nouveau monde, je veux bien admettre qu&rsquo;il faut comprendre le pass\u00e9 pour construire l&rsquo;avenir, mais moi, entrepreneur, j&rsquo;ai besoin d&rsquo;un Premier ministre, pas d&rsquo;un prof d&rsquo;histoire&#8230;\u00a0\u00bb<\/p>\n<p>\u00a0<\/p>\n<p>\u00a0<\/p>\n<p>&gt; Betty Seroussi<br \/>&#13;<br \/>\ncopr\u00e9sidente de la French Tech C\u00f4te d&rsquo;Azur<br \/>&#13;<br \/>\nTravel Planet<\/p>\n<p>\u00a0<\/p>\n<p>\u00ab\u00a0Se d\u00e9brouiller tout seuls, comme d&rsquo;habitude\u00a0\u00bb<br \/>&#13;<br \/>\n\u00a0<\/p>\n<p>\u00a0<\/p>\n<p>\u00ab\u00a0J&rsquo;ai pass\u00e9 <img decoding=\"async\" alt=\"\" src=\"https:\/\/www.europesays.com\/fr\/wp-content\/uploads\/2025\/08\/20250828222555-capture-d\u2019e\u0301cran-2025-08-28-a\u0300-22-18-31.jpg\" style=\"height: 129px; width: 100px; margin: 5px; float: left;\"\/>un bon moment, j&rsquo;ai fait un peu d&rsquo;histoire, un peu d&rsquo;arch\u00e9ologie, j&rsquo;ai appris beaucoup de choses sur la politique internationale, mais in fine, sur l&rsquo;avenir, pas grand chose&#8230;\u00a0\u00bb Sourire en coin, Betty Seroussi s&rsquo;interroge. Pas de quoi rassurer des chefs d&rsquo;entreprise qui jouent les \u00e9quilibristes et jonglent entre les crises. \u00ab\u00a0A vrai dire, avant le discours, je ne m&rsquo;attendais pas forc\u00e9ment \u00e0 quelque chose, mais l\u00e0, \u00e0 part nous faire peur avec du creux et des contradictions&#8230; Nous ferons ce que nous savons d\u00e9j\u00e0 faire : se d\u00e9brouiller tout seuls.\u00a0\u00bb Une chose est s\u00fbre, \u00e7a sent le sapin pour l&rsquo;actuel gouvernement, \u00ab\u00a0et cette instabilit\u00e9 permanente nous inqui\u00e8te, \u00e0 l&rsquo;heure o\u00f9 les autres pays europ\u00e9ens, plus agiles et plus stables, creusent l&rsquo;\u00e9cart. On va changer de gouvernement, c&rsquo;est certain. Ensuite ? Les f\u00eates de No\u00ebl, c&rsquo;est tout aussi certain, puis les Municipales, puis les Pr\u00e9sidentielles&#8230; Et nous ? On va ramer, comme d&rsquo;habitude. Avec la d\u00e9sagr\u00e9able sensation d&rsquo;\u00eatre pris pour les dindons de la farce.\u00a0\u00bb<\/p>\n<p>\u00a0<\/p>\n<p>\u00a0<\/p>\n<p>&gt; Jean-Pascal Decroix<br \/>&#13;<br \/>\nUPE 06<br \/>&#13;<br \/>\nDX Groupe (STME)<\/p>\n<p>\u00a0<\/p>\n<p>\u00ab\u00a0Les politiques passent, les entreprises restent\u00a0\u00bb<\/p>\n<p>\u00a0<\/p>\n<p>Pour faire perdre son optimisme \u00e0 Jean-Pascal Decroix, il faut taper fort, et longtemps. \u00ab\u00a0Il faudrait que nos politiques comprennent que nous n&rsquo;avons pas besoin de constats, mais d&rsquo;actions et d&rsquo;outils pour agir.\u00a0\u00bb Tout de suite, le moral reprend le dessus : \u00ab\u00a0nous, entrepreneurs, devons rester confiants, il y a encore des choses \u00e0 faire, il faut rentrer chez nous avec l&rsquo;envie de motiver nos \u00e9quipes, qui sont aussi perdues que nous au vu de l&rsquo;absence de\u00a0cap. C&rsquo;est \u00e0 nous, dirigeants, d&rsquo;avoir une vision positive, de nous montrer rassurants, \u00e0 l&rsquo;heure o\u00f9 pourtant nous connaissons des difficult\u00e9s. C&rsquo;est maintenant qu&rsquo;il faut \u00eatre soud\u00e9s. On y arrive, d&rsquo;ailleurs les politiques s&rsquo;en aper\u00e7oivent et commencent \u00e0 dire qu&rsquo;ils ont besoin de nous, notamment pour faire passer des messages aux citoyens que sont nos collaborateurs. A nous de montrer aux politiques qu&rsquo;il faut faire entrer les entrepreneurs dans le jeu. Ce que je vais dire est sans doute un peu brutal, mais la r\u00e9alit\u00e9, c&rsquo;est que les politiques passent, et que les entreprises restent.\u00a0\u00bb Son analyse du discours se veut plus cl\u00e9mente, sans pour autant pardonner quelques faiblesses. Le grassois mise sur une pouss\u00e9e de stress positif, sportif oblige :\u00a0\u00ab\u00a0on le voit, c&rsquo;est \u00e0 nous de chercher des solutions, collectivement. Et de faire passer nos messages d&rsquo;abord \u00e0 nos \u00e9lus de territoires. La souverainet\u00e9 se contruira au niveau local dans un premier temps, j&rsquo;en suis persuad\u00e9. Et oui, le Medef peut et doit peser.\u00a0\u00bb Plus qu&rsquo;un discours de Fran\u00e7ois Bayrou.<\/p>\n<p>\u00a0<\/p>\n<p>\u00a0<\/p>\n","protected":false},"excerpt":{"rendered":"Quatre r\u00e9actions \u00e0 chaud, celles de Franck Cannata, Pierre Ippolito, Betty Seroussi et Jean-Pascal Decroix. Entre incompr\u00e9hension et&hellip;\n","protected":false},"author":2,"featured_media":351332,"comment_status":"","ping_status":"","sticky":false,"template":"","format":"standard","meta":{"footnotes":""},"categories":[2819],"tags":[1111,11,1777,674,1011,27,12,2401,882,25],"class_list":{"0":"post-351331","1":"post","2":"type-post","3":"status-publish","4":"format-standard","5":"has-post-thumbnail","7":"category-nice","8":"tag-actu","9":"tag-actualites","10":"tag-eu","11":"tag-europe","12":"tag-fr","13":"tag-france","14":"tag-news","15":"tag-nice","16":"tag-provence-alpes-cote-dazur","17":"tag-republique-francaise"},"share_on_mastodon":{"url":"https:\/\/pubeurope.com\/@fr\/115110079646953380","error":""},"_links":{"self":[{"href":"https:\/\/www.europesays.com\/fr\/wp-json\/wp\/v2\/posts\/351331","targetHints":{"allow":["GET"]}}],"collection":[{"href":"https:\/\/www.europesays.com\/fr\/wp-json\/wp\/v2\/posts"}],"about":[{"href":"https:\/\/www.europesays.com\/fr\/wp-json\/wp\/v2\/types\/post"}],"author":[{"embeddable":true,"href":"https:\/\/www.europesays.com\/fr\/wp-json\/wp\/v2\/users\/2"}],"replies":[{"embeddable":true,"href":"https:\/\/www.europesays.com\/fr\/wp-json\/wp\/v2\/comments?post=351331"}],"version-history":[{"count":0,"href":"https:\/\/www.europesays.com\/fr\/wp-json\/wp\/v2\/posts\/351331\/revisions"}],"wp:featuredmedia":[{"embeddable":true,"href":"https:\/\/www.europesays.com\/fr\/wp-json\/wp\/v2\/media\/351332"}],"wp:attachment":[{"href":"https:\/\/www.europesays.com\/fr\/wp-json\/wp\/v2\/media?parent=351331"}],"wp:term":[{"taxonomy":"category","embeddable":true,"href":"https:\/\/www.europesays.com\/fr\/wp-json\/wp\/v2\/categories?post=351331"},{"taxonomy":"post_tag","embeddable":true,"href":"https:\/\/www.europesays.com\/fr\/wp-json\/wp\/v2\/tags?post=351331"}],"curies":[{"name":"wp","href":"https:\/\/api.w.org\/{rel}","templated":true}]}}