{"id":351333,"date":"2025-08-29T04:06:13","date_gmt":"2025-08-29T04:06:13","guid":{"rendered":"https:\/\/www.europesays.com\/fr\/351333\/"},"modified":"2025-08-29T04:06:13","modified_gmt":"2025-08-29T04:06:13","slug":"nice-vigilance-jaune-orages-et-pluie-inondation-sur-les-alpes-maritimes-jeudi-28-aout","status":"publish","type":"post","link":"https:\/\/www.europesays.com\/fr\/351333\/","title":{"rendered":"NICE : Vigilance JAUNE \u00ab orages \u00bb et \u00ab pluie &#8211; inondation \u00bb sur les Alpes-Maritimes, jeudi 28 ao\u00fbt"},"content":{"rendered":"<p><strong>Vigilance jaune \u00ab orages \u00bb et \u00ab pluie \u2013 inondation \u00bb sur le d\u00e9partement des Alpes-Maritimes, <\/strong><strong>jeudi 28 ao\u00fbt 2025;<\/strong><\/p>\n<p><strong>Fermeture des parcs, jardins &amp; du sentier du littoral<\/strong><\/p>\n<p><strong>Ce jeudi 28 ao\u00fbt 2025, notre d\u00e9partement est plac\u00e9 par M\u00e9t\u00e9o-France en vigilance jaune \u201corages\u201d et \u201cpluie-inondation\u201d.<\/strong> Ce ph\u00e9nom\u00e8ne m\u00e9t\u00e9orologique devrait d\u00e9buter \u00e0 partir de 3 heures du matin et s\u2019achever dans la journ\u00e9e. Lors de son passage, des chutes de gr\u00eale ainsi que des rafales de l\u2019ordre de 60 \u00e0 80 km\/h sont notamment attendues.<\/p>\n<p><strong>Afin d\u2019assurer la s\u00e9curit\u00e9 de toutes et de tous, Christian Estrosi, Maire de Nice, Pr\u00e9sident de la M\u00e9tropole Nice C\u00f4te d\u2019Azur et Pr\u00e9sident d\u00e9l\u00e9gu\u00e9 de la R\u00e9gion Provence-Alpes-C\u00f4te d\u2019Azur, a d\u00e9cid\u00e9 de maintenir ferm\u00e9s :<\/strong><\/p>\n<ul>\n<li><strong>L\u2019ensemble des parcs et jardins de la ville,<\/strong><\/li>\n<li><strong>Le sentier du littoral.<\/strong><\/li>\n<\/ul>\n<p>Les services de la Ville de Nice et de la M\u00e9tropole Nice C\u00f4te d\u2019Azur sont pleinement mobilis\u00e9s pour faire face \u00e0 toute \u00e9ventualit\u00e9 sur l\u2019ensemble du territoire.<\/p>\n<p><strong>Rappel des conseils de comportement pour la population :<\/strong><\/p>\n<p><strong>* Je m\u2019\u00e9loigne des arbres et des cours d\u2019eau ;<\/strong><\/p>\n<p><strong>* Je m\u2019abrite dans un b\u00e2timent en dur ;<\/strong><\/p>\n<p><strong>* Je me tiens inform\u00e9 et j\u2019\u00e9vite de me d\u00e9placer ;<\/strong><\/p>\n<p><strong>* Je ne prends pas ma voiture et je ne descends pas dans les sous-sols\u00a0;<\/strong><\/p>\n<p><strong>* Je prot\u00e8ge les biens expos\u00e9s au vent ou qui peuvent \u00eatre inond\u00e9s.\u00a0<\/strong><\/p>\n","protected":false},"excerpt":{"rendered":"Vigilance jaune \u00ab orages \u00bb et \u00ab pluie \u2013 inondation \u00bb sur le d\u00e9partement des Alpes-Maritimes, jeudi 28&hellip;\n","protected":false},"author":2,"featured_media":112206,"comment_status":"","ping_status":"","sticky":false,"template":"","format":"standard","meta":{"footnotes":""},"categories":[2819],"tags":[1111,11,1777,674,1011,27,12,2401,882,25],"class_list":{"0":"post-351333","1":"post","2":"type-post","3":"status-publish","4":"format-standard","5":"has-post-thumbnail","7":"category-nice","8":"tag-actu","9":"tag-actualites","10":"tag-eu","11":"tag-europe","12":"tag-fr","13":"tag-france","14":"tag-news","15":"tag-nice","16":"tag-provence-alpes-cote-dazur","17":"tag-republique-francaise"},"share_on_mastodon":{"url":"https:\/\/pubeurope.com\/@fr\/115110083805496065","error":""},"_links":{"self":[{"href":"https:\/\/www.europesays.com\/fr\/wp-json\/wp\/v2\/posts\/351333","targetHints":{"allow":["GET"]}}],"collection":[{"href":"https:\/\/www.europesays.com\/fr\/wp-json\/wp\/v2\/posts"}],"about":[{"href":"https:\/\/www.europesays.com\/fr\/wp-json\/wp\/v2\/types\/post"}],"author":[{"embeddable":true,"href":"https:\/\/www.europesays.com\/fr\/wp-json\/wp\/v2\/users\/2"}],"replies":[{"embeddable":true,"href":"https:\/\/www.europesays.com\/fr\/wp-json\/wp\/v2\/comments?post=351333"}],"version-history":[{"count":0,"href":"https:\/\/www.europesays.com\/fr\/wp-json\/wp\/v2\/posts\/351333\/revisions"}],"wp:featuredmedia":[{"embeddable":true,"href":"https:\/\/www.europesays.com\/fr\/wp-json\/wp\/v2\/media\/112206"}],"wp:attachment":[{"href":"https:\/\/www.europesays.com\/fr\/wp-json\/wp\/v2\/media?parent=351333"}],"wp:term":[{"taxonomy":"category","embeddable":true,"href":"https:\/\/www.europesays.com\/fr\/wp-json\/wp\/v2\/categories?post=351333"},{"taxonomy":"post_tag","embeddable":true,"href":"https:\/\/www.europesays.com\/fr\/wp-json\/wp\/v2\/tags?post=351333"}],"curies":[{"name":"wp","href":"https:\/\/api.w.org\/{rel}","templated":true}]}}