{"id":351336,"date":"2025-08-29T04:08:29","date_gmt":"2025-08-29T04:08:29","guid":{"rendered":"https:\/\/www.europesays.com\/fr\/351336\/"},"modified":"2025-08-29T04:08:29","modified_gmt":"2025-08-29T04:08:29","slug":"cest-non-pour-diego-carlos-un-ailier-de-l1-relance","status":"publish","type":"post","link":"https:\/\/www.europesays.com\/fr\/351336\/","title":{"rendered":"c\u2019est non pour Diego Carlos, un ailier de L1 relanc\u00e9 ?\u00a0"},"content":{"rendered":"<p><strong>Le <a href=\"https:\/\/www.butfootballclub.fr\/615709-fc-nantes-mercato-coup-de-theatre-pour-mohamed-un-nouvel-attaquant-vers-nantes\/\" rel=\"noopener\" target=\"_blank\">FC Nantes<\/a> doit revoir ses plans pour renforcer sa d\u00e9fense centrale. Le retour de Diego Carlos, n\u2019est pas d\u2019actualit\u00e9. En revanche, les Canaris continuent de scruter le march\u00e9 pour renforcer son attaque\u00a0: la piste Michal est toujours d\u2019actualit\u00e9.<\/strong><\/p>\n<p>\ud83d\udfe5<strong> Rumeur<\/strong><\/p>\n<p>Le mercato est loin d\u2019\u00eatre termin\u00e9 au <a href=\"https:\/\/www.butfootballclub.fr\/615815-fc-nantes-grande-nouvelle-pour-louis-leroux\/\" rel=\"noopener\" target=\"_blank\">FC Nantes<\/a>\u00a0: en d\u00e9fense, au milieu et en attaque, les chantiers restent ouverts. Selon Ouest-France, un retour de Diego Carlos \u00e0 la Joneli\u00e8re n\u2019est \u00e0 ce titre \u00ab pas dans les cordes financi\u00e8rement \u00bb, souligne le journaliste David Phelippeau. Le d\u00e9fenseur br\u00e9silien, pass\u00e9 par le FC Nantes entre 2016 et 2020 avant de rejoindre S\u00e9ville, ne fera donc pas son retour en Loire-Atlantique cet \u00e9t\u00e9.\u00a0<\/p>\n<p>En parall\u00e8le, le <a href=\"https:\/\/www.butfootballclub.fr\/615807-fc-nantes-mercato-un-milieu-de-bundesliga-dans-le-viseur\/\" rel=\"noopener\" target=\"_blank\">FC Nantes<\/a> cherche toujours \u00e0 renforcer son secteur offensif, notamment sur les ailes. Dans ce contexte, la piste menant au Mon\u00e9gasque Michal reste active. Le jeune joueur continue de susciter l\u2019int\u00e9r\u00eat des dirigeants nantais, m\u00eame si le Stade Brestois s\u2019est lui aussi positionn\u00e9 sur ce dossier. L\u2019objectif du FCN est clair : obtenir un renfort capable d\u2019apporter vitesse et percussion sur les c\u00f4t\u00e9s pour dynamiser l\u2019attaque et soulager son effectif actuel.<\/p>\n<p>Avec la fin du mercato qui approche \u00e0 grands pas, chaque d\u00e9cision devient cruciale. Le FC Nantes doit jongler entre contraintes financi\u00e8res et besoins sportifs pour parvenir \u00e0 ses objectifs.\u00a0<\/p>\n<p>\u00ab\u00a0Le coup d\u2019\u0153il de But FC\u00a0\u00bb<\/p>\n<p>\u00ab\u00a0Vu les incertitudes autour des cas Mohamed et Abline, le FC Nantes serait bien inspir\u00e9 de se montrer r\u00e9actif pour conclure un dossier offensif avant la cl\u00f4ture officielle du march\u00e9 estival.\u00a0\u00bb<\/p>\n","protected":false},"excerpt":{"rendered":"Le FC Nantes doit revoir ses plans pour renforcer sa d\u00e9fense centrale. Le retour de Diego Carlos, n\u2019est&hellip;\n","protected":false},"author":2,"featured_media":351337,"comment_status":"","ping_status":"","sticky":false,"template":"","format":"standard","meta":{"footnotes":""},"categories":[2818],"tags":[1111,11,448,1777,674,63,1011,27,66,3388,766,12,2636,25,10662],"class_list":{"0":"post-351336","1":"post","2":"type-post","3":"status-publish","4":"format-standard","5":"has-post-thumbnail","7":"category-nantes","8":"tag-actu","9":"tag-actualites","10":"tag-champions-league","11":"tag-eu","12":"tag-europe","13":"tag-football","14":"tag-fr","15":"tag-france","16":"tag-ligue-1","17":"tag-matchs","18":"tag-nantes","19":"tag-news","20":"tag-pays-de-la-loire","21":"tag-republique-francaise","22":"tag-transferts"},"share_on_mastodon":{"url":"https:\/\/pubeurope.com\/@fr\/115110091354366283","error":""},"_links":{"self":[{"href":"https:\/\/www.europesays.com\/fr\/wp-json\/wp\/v2\/posts\/351336","targetHints":{"allow":["GET"]}}],"collection":[{"href":"https:\/\/www.europesays.com\/fr\/wp-json\/wp\/v2\/posts"}],"about":[{"href":"https:\/\/www.europesays.com\/fr\/wp-json\/wp\/v2\/types\/post"}],"author":[{"embeddable":true,"href":"https:\/\/www.europesays.com\/fr\/wp-json\/wp\/v2\/users\/2"}],"replies":[{"embeddable":true,"href":"https:\/\/www.europesays.com\/fr\/wp-json\/wp\/v2\/comments?post=351336"}],"version-history":[{"count":0,"href":"https:\/\/www.europesays.com\/fr\/wp-json\/wp\/v2\/posts\/351336\/revisions"}],"wp:featuredmedia":[{"embeddable":true,"href":"https:\/\/www.europesays.com\/fr\/wp-json\/wp\/v2\/media\/351337"}],"wp:attachment":[{"href":"https:\/\/www.europesays.com\/fr\/wp-json\/wp\/v2\/media?parent=351336"}],"wp:term":[{"taxonomy":"category","embeddable":true,"href":"https:\/\/www.europesays.com\/fr\/wp-json\/wp\/v2\/categories?post=351336"},{"taxonomy":"post_tag","embeddable":true,"href":"https:\/\/www.europesays.com\/fr\/wp-json\/wp\/v2\/tags?post=351336"}],"curies":[{"name":"wp","href":"https:\/\/api.w.org\/{rel}","templated":true}]}}