{"id":351340,"date":"2025-08-29T04:10:19","date_gmt":"2025-08-29T04:10:19","guid":{"rendered":"https:\/\/www.europesays.com\/fr\/351340\/"},"modified":"2025-08-29T04:10:19","modified_gmt":"2025-08-29T04:10:19","slug":"les-corps-de-deux-adolescentes-agees-de-15-et-16-ans-retrouves-sous-un-train-pres-de-bordeaux","status":"publish","type":"post","link":"https:\/\/www.europesays.com\/fr\/351340\/","title":{"rendered":"Les corps de deux adolescentes, \u00e2g\u00e9es de 15 et 16 ans, retrouv\u00e9s sous un train pr\u00e8s de Bordeaux"},"content":{"rendered":"<p class=\"mb-4 text-lg md:leading-8 break-words\">Les corps de deux jeunes filles ont \u00e9t\u00e9 retrouv\u00e9s <a data-i13n=\"cpos:1;pos:1\" href=\"https:\/\/www.bfmtv.com\/bfm-dici\/briancon-le-corps-sans-vie-d-un-homme-retrouve-dans-la-durance_AN-202310290252.html\" rel=\"nofollow noopener\" target=\"_blank\" data-ylk=\"slk:sous un train;cpos:1;pos:1;elm:context_link;itc:0;sec:content-canvas\" class=\"link \">sous un train<\/a>, pr\u00e8s de Bordeaux, ce jeudi 28 ao\u00fbt, a appris BFMTV de sources concordantes, confirmant une information d&rsquo;<a data-i13n=\"cpos:2;pos:1\" href=\"https:\/\/www.francebleu.fr\/infos\/faits-divers-justice\/deux-jeunes-filles-mortellement-percutees-par-un-train-a-lormont-5144911\" rel=\"nofollow noopener\" target=\"_blank\" data-ylk=\"slk:Ici Gironde.;cpos:2;pos:1;elm:context_link;itc:0;sec:content-canvas\" class=\"link \">Ici Gironde.<\/a><\/p>\n<p class=\"mb-4 text-lg md:leading-8 break-words\">Selon les informations de BFMTV, les corps ont \u00e9t\u00e9 trouv\u00e9s <a data-i13n=\"cpos:3;pos:1\" href=\"https:\/\/www.bfmtv.com\/var\/saint-raphael-le-corps-d-une-femme-disparue-retrouve-a-agay-pres-des-voies-ferrees_AN-202411130680.html\" rel=\"nofollow noopener\" target=\"_blank\" data-ylk=\"slk:la voie ferr\u00e9e;cpos:3;pos:1;elm:context_link;itc:0;sec:content-canvas\" class=\"link \">la voie ferr\u00e9e<\/a> de la commune de Lormont aux alentours de 7h10 ce jeudi matin.<\/p>\n<p>\u00c2g\u00e9es de 15 et 16 ans<\/p>\n<p class=\"mb-4 text-lg md:leading-8 break-words\">Les deux victimes \u00e9taient \u00e2g\u00e9es de 15 et 16 ans, selon nos informations. \u00c0 ce stade, la piste accidentelle est privil\u00e9gi\u00e9e, indique le parquet \u00e0 BFMTV. Une enqu\u00eate en recherche des causes de la mort a \u00e9t\u00e9 ouverte afin de tenter d&rsquo;\u00e9claircir les circonstances de ce drame.<\/p>\n<p class=\"mb-4 text-lg md:leading-8 break-words\"><a data-i13n=\"cpos:4;pos:1\" href=\"https:\/\/www.bfmtv.com\/police-justice\/les-corps-de-deux-adolescentes-agees-de-15-et-16-ans-retrouves-sous-un-train-pres-de-bordeaux_AN-202508280348.html#xtor=AL-68\" rel=\"nofollow noopener\" target=\"_blank\" data-ylk=\"slk:Article original publi\u00e9 sur BFMTV.com;cpos:4;pos:1;elm:context_link;itc:0;sec:content-canvas\" class=\"link \">Article original publi\u00e9 sur BFMTV.com<\/a><\/p>\n","protected":false},"excerpt":{"rendered":"Les corps de deux jeunes filles ont \u00e9t\u00e9 retrouv\u00e9s sous un train, pr\u00e8s de Bordeaux, ce jeudi 28&hellip;\n","protected":false},"author":2,"featured_media":351341,"comment_status":"","ping_status":"","sticky":false,"template":"","format":"standard","meta":{"footnotes":""},"categories":[2817],"tags":[1111,11,1997,6725,1777,674,1011,27,17306,12,2219,25],"class_list":{"0":"post-351340","1":"post","2":"type-post","3":"status-publish","4":"format-standard","5":"has-post-thumbnail","7":"category-bordeaux","8":"tag-actu","9":"tag-actualites","10":"tag-bordeaux","11":"tag-corps","12":"tag-eu","13":"tag-europe","14":"tag-fr","15":"tag-france","16":"tag-les-deux","17":"tag-news","18":"tag-nouvelle-aquitaine","19":"tag-republique-francaise"},"share_on_mastodon":{"url":"https:\/\/pubeurope.com\/@fr\/115110099223005278","error":""},"_links":{"self":[{"href":"https:\/\/www.europesays.com\/fr\/wp-json\/wp\/v2\/posts\/351340","targetHints":{"allow":["GET"]}}],"collection":[{"href":"https:\/\/www.europesays.com\/fr\/wp-json\/wp\/v2\/posts"}],"about":[{"href":"https:\/\/www.europesays.com\/fr\/wp-json\/wp\/v2\/types\/post"}],"author":[{"embeddable":true,"href":"https:\/\/www.europesays.com\/fr\/wp-json\/wp\/v2\/users\/2"}],"replies":[{"embeddable":true,"href":"https:\/\/www.europesays.com\/fr\/wp-json\/wp\/v2\/comments?post=351340"}],"version-history":[{"count":0,"href":"https:\/\/www.europesays.com\/fr\/wp-json\/wp\/v2\/posts\/351340\/revisions"}],"wp:featuredmedia":[{"embeddable":true,"href":"https:\/\/www.europesays.com\/fr\/wp-json\/wp\/v2\/media\/351341"}],"wp:attachment":[{"href":"https:\/\/www.europesays.com\/fr\/wp-json\/wp\/v2\/media?parent=351340"}],"wp:term":[{"taxonomy":"category","embeddable":true,"href":"https:\/\/www.europesays.com\/fr\/wp-json\/wp\/v2\/categories?post=351340"},{"taxonomy":"post_tag","embeddable":true,"href":"https:\/\/www.europesays.com\/fr\/wp-json\/wp\/v2\/tags?post=351340"}],"curies":[{"name":"wp","href":"https:\/\/api.w.org\/{rel}","templated":true}]}}