{"id":351346,"date":"2025-08-29T04:13:36","date_gmt":"2025-08-29T04:13:36","guid":{"rendered":"https:\/\/www.europesays.com\/fr\/351346\/"},"modified":"2025-08-29T04:13:36","modified_gmt":"2025-08-29T04:13:36","slug":"des-amenagements-ephemeres-a-wattignies-pendant-les-travaux","status":"publish","type":"post","link":"https:\/\/www.europesays.com\/fr\/351346\/","title":{"rendered":"Des am\u00e9nagements \u00e9ph\u00e9m\u00e8res \u00e0 Wattignies pendant les travaux"},"content":{"rendered":"<p>            Le calendrier de r\u00e9novation du quartier<\/p>\n<p>R\u00e9habilitation du Blanc-Riez Sud : des logements modernis\u00e9s pour am\u00e9liorer le confort des habitants.<br \/>R\u00e9habilitation des r\u00e9sidences Sarcelle et Fauvette : une nouvelle vie pour ce secteur dans le cadre du projet de renouvellement urbain.<br \/>R\u00e9habilitation de la piscine municipale : un \u00e9quipement r\u00e9nov\u00e9 pour les familles et les scolaires.<\/p>\n<p>Inauguration de la maison du projet : un lieu ouvert \u00e0 toutes et \u00e0 tous pour s&rsquo;informer, \u00e9changer et suivre l&rsquo;\u00e9volution du quartier.<br \/>R\u00e9habilitation des rues Terray et Ader : un secteur enti\u00e8rement r\u00e9nov\u00e9 \u00e0 l&rsquo;entr\u00e9e ouest du quartier.<br \/>D\u00e9molition de la r\u00e9sidence Bergeronnette : une premi\u00e8re \u00e9tape visible de la transformation du quartier.<\/p>\n<p>Extension et r\u00e9habilitation de l&rsquo;\u00e9cole Jos\u00e9phine Baker pour accueillir les \u00e9l\u00e8ves dans les meilleures conditions d&rsquo;apprentissage.<br \/>R\u00e9habilitation des rues Bl\u00e9riot et Fleming : une r\u00e9novation des logements et une am\u00e9lioration du cadre de vie.<\/p>\n<p>D\u00e9molition de l&rsquo;ancien centre commercial : une page se tourne pour laisser place \u00e0 une nouvelle centralit\u00e9.<br \/>R\u00e9habilitation de la rue Charles P\u00e9guy : des logements modernis\u00e9s pour mieux r\u00e9pondre aux besoins actuels.<br \/>Am\u00e9nagements paysagers et nouveaux espaces publics : d\u00e9but des travaux d&rsquo;am\u00e9nagement d&rsquo;ensemble. Gestion transitoire (c&rsquo;est-\u00e0-dire provisoire) et travaux pr\u00e9paratoires pour des espaces conviviaux et accessibles \u00e0 toutes et \u00e0 tous.<\/p>\n<p>R\u00e9sidentialisation des immeubles pour des b\u00e2timents plus s\u00fbrs et mieux am\u00e9nag\u00e9s.<br \/>Construction de 170 logements pour accueillir de nouveaux habitants et favoriser la mixit\u00e9.<br \/>Reconstitution de commerces et services : une nouvelle dynamique de quartier autour de l&rsquo;angle avenue Guillain &#8211; rue Fleming.<br \/>D\u00e9molition et reconstruction de la salle Rolland Garros : un nouvel \u00e9quipement moderne au service de toutes et tous.<br \/>Fin des travaux d&rsquo;am\u00e9nagement : un quartier enti\u00e8rement r\u00e9nov\u00e9 pour l&rsquo;avenir de toutes et de tous.<\/p>\n","protected":false},"excerpt":{"rendered":"Le calendrier de r\u00e9novation du quartier R\u00e9habilitation du Blanc-Riez Sud : des logements modernis\u00e9s pour am\u00e9liorer le confort&hellip;\n","protected":false},"author":2,"featured_media":351347,"comment_status":"","ping_status":"","sticky":false,"template":"","format":"standard","meta":{"footnotes":""},"categories":[2815],"tags":[1111,11,1777,674,1011,27,811,1307,12,25],"class_list":{"0":"post-351346","1":"post","2":"type-post","3":"status-publish","4":"format-standard","5":"has-post-thumbnail","7":"category-lille","8":"tag-actu","9":"tag-actualites","10":"tag-eu","11":"tag-europe","12":"tag-fr","13":"tag-france","14":"tag-hauts-de-france","15":"tag-lille","16":"tag-news","17":"tag-republique-francaise"},"share_on_mastodon":{"url":"https:\/\/pubeurope.com\/@fr\/115110111061563428","error":""},"_links":{"self":[{"href":"https:\/\/www.europesays.com\/fr\/wp-json\/wp\/v2\/posts\/351346","targetHints":{"allow":["GET"]}}],"collection":[{"href":"https:\/\/www.europesays.com\/fr\/wp-json\/wp\/v2\/posts"}],"about":[{"href":"https:\/\/www.europesays.com\/fr\/wp-json\/wp\/v2\/types\/post"}],"author":[{"embeddable":true,"href":"https:\/\/www.europesays.com\/fr\/wp-json\/wp\/v2\/users\/2"}],"replies":[{"embeddable":true,"href":"https:\/\/www.europesays.com\/fr\/wp-json\/wp\/v2\/comments?post=351346"}],"version-history":[{"count":0,"href":"https:\/\/www.europesays.com\/fr\/wp-json\/wp\/v2\/posts\/351346\/revisions"}],"wp:featuredmedia":[{"embeddable":true,"href":"https:\/\/www.europesays.com\/fr\/wp-json\/wp\/v2\/media\/351347"}],"wp:attachment":[{"href":"https:\/\/www.europesays.com\/fr\/wp-json\/wp\/v2\/media?parent=351346"}],"wp:term":[{"taxonomy":"category","embeddable":true,"href":"https:\/\/www.europesays.com\/fr\/wp-json\/wp\/v2\/categories?post=351346"},{"taxonomy":"post_tag","embeddable":true,"href":"https:\/\/www.europesays.com\/fr\/wp-json\/wp\/v2\/tags?post=351346"}],"curies":[{"name":"wp","href":"https:\/\/api.w.org\/{rel}","templated":true}]}}