{"id":351348,"date":"2025-08-29T04:14:11","date_gmt":"2025-08-29T04:14:11","guid":{"rendered":"https:\/\/www.europesays.com\/fr\/351348\/"},"modified":"2025-08-29T04:14:11","modified_gmt":"2025-08-29T04:14:11","slug":"le-moindre-metre-que-vous-lui-laissez-il-peut-vous-sanctionner-laurent-koscielny-decrypte-son-ancien-coequipier-olivier-giroud-avant-lorient-lille","status":"publish","type":"post","link":"https:\/\/www.europesays.com\/fr\/351348\/","title":{"rendered":"\u00ab\u00a0Le moindre m\u00e8tre que vous lui laissez, il peut vous sanctionner\u00a0\u00bb\u00a0: Laurent Koscielny d\u00e9crypte son ancien co\u00e9quipier Olivier Giroud avant Lorient &#8211; Lille"},"content":{"rendered":"<p>Ligue 1 (3e journ\u00e9e). FC Lorient &#8211; Lille OSC, samedi (17\u00a0h)Sa vision du joueur<\/p>\n<p>\u00ab\u00a0Il est rest\u00e9 le m\u00eame joueur, le m\u00eame homme que quand je l\u2019ai rencontr\u00e9 pour la premi\u00e8re fois \u00e0 Tours (en 2008 en Ligue 2). Il avait des objectifs en t\u00eate, il s\u2019est mis des \u00e9tapes \u00e0 chaque moment de sa carri\u00e8re. Il est tr\u00e8s performant. <a href=\"https:\/\/www.letelegramme.fr\/sports\/football\/stade-brestois\/un-bon-petit-stade-une-bonne-ambiance-olivier-giroud-fete-son-retour-en-ligue-1-par-un-but-contre-brest-6872665.php\" target=\"_blank\" rel=\"noopener\">C\u2019est un grand gabarit avec la capacit\u00e9 \u00e0 garder les ballons dos au jeu<\/a>. Il fait \u00e9norm\u00e9ment d\u2019efforts, que ce soit d\u00e9fensif et offensif, il court \u00e9norm\u00e9ment. Il a cette capacit\u00e9 \u00e0 pouvoir durer dans le temps dans un match. Et il est efficace sur les coups de pied arr\u00eat\u00e9s, que ce soit offensivement ou d\u00e9fensivement. Il arrive facilement \u00e0 s\u2019acclimater dans les clubs, o\u00f9 il arrive.\u00a0\u00bb<\/p>\n<p>Olivier Giroud, l\u2019homme<\/p>\n<p>\u00ab\u00a0C\u2019est une force de la nature par rapport \u00e0 son caract\u00e8re, d\u2019\u00eatre dans la r\u00e9silience et dans la combativit\u00e9, de ne jamais rien l\u00e2cher. Il est tr\u00e8s proche de sa famille, il a connu sa femme tr\u00e8s jeune, il a eu des enfants, le socle familial est tr\u00e8s important pour lui. C\u2019est quelqu\u2019un de bienveillant, qui est bien avec les jeunes. Souriant, il aime discuter. Je sais qu\u2019il aime les bons restos, d\u00e9couvrir diff\u00e9rents univers. Apr\u00e8s, il a aussi la foi, c\u2019est important pour lui.\u00a0\u00bb<\/p>\n<blockquote><p>\u00ab\u00a0Je l\u2019avais appel\u00e9 pour savoir ce qu\u2019il voulait faire avec Los Angeles\u00a0\u00bb<\/p><\/blockquote>\n<p>Sa long\u00e9vit\u00e9<\/p>\n<p>\u00ab\u00a0C\u2019est quelqu\u2019un de combatif, qui ne baisse jamais les bras. Il a eu pas mal de situations, o\u00f9 on lui a mis des b\u00e2tons dans les roues et il a toujours r\u00e9ussi \u00e0 se relever et \u00e0 montrer cette force de caract\u00e8re, tout en \u00e9tant performant sur le terrain, que ce soit en club ou en s\u00e9lection. Il sait aussi ce dont il a besoin pour \u00eatre en forme. Il fait attention \u00e0 tout, que ce soit l\u2019alimentation, l\u2019hydratation, le sommeil\u2026 c\u2019est un mec tr\u00e8s s\u00e9rieux. Et s\u2019il arrive toujours \u00e0 avoir des performances \u00e0 39 ans comme en ce d\u00e9but de saison, c\u2019est qu\u2019\u00e0 un moment donn\u00e9, il bosse. Et je l\u2019ai rarement vu bless\u00e9, la seule fois, c\u2019est parce que je lui ai mis un tacle \u00e0 l\u2019entra\u00eenement \u00e0 Tours. Musculairement, c\u2019est une force de la nature.\u00a0\u00bb<\/p>\n<p>Son retour en Ligue 1<\/p>\n<p>\u00ab\u00a0Je suis content qu\u2019il soit revenu en France, pour la Ligue 1 et pour lui aussi. Je pense qu\u2019il a \u00e0 c\u0153ur de continuer au plus haut niveau, dans un club bien structur\u00e9 qui a pour ambition de finir, dans les places europ\u00e9ennes. Pour lui, c\u2019est un challenge excitant. Il n\u2019est pas loin de Londres, une ville pour laquelle il a un attachement. Tout est r\u00e9uni pour qu\u2019il trouve ce projet int\u00e9ressant sur le terrain et en dehors. Je l\u2019avais appel\u00e9 pour savoir ce qu\u2019il voulait faire avec Los Angeles, mais c\u2019est difficile d\u2019obtenir des joueurs comme \u00e7a, qui ont un certain standing, ils recherchent la performance et le haut niveau. Quand j\u2019ai su qu\u2019il signait en France, c\u2019\u00e9tait s\u00fbr qu\u2019il allait marquer ses 15 buts en Ligue 1, je pense qu\u2019il les mettra. Je connais un peu Bruno Genesio, je sais comment il fonctionne, je pense que le mariage s\u2019est bien fait.\u00a0\u00bb<\/p>\n<p>La mani\u00e8re d\u00e9fendre face \u00e0 Olivier Giroud<\/p>\n<p>\u00ab\u00a0On a toujours envie de tenter de gagner les duels. Pour moi, je trouve qu\u2019il est tr\u00e8s dur l\u00e0-dessus. Il faut plut\u00f4t le laisser prendre le ballon et plus jouer le deuxi\u00e8me ballon ou le deuxi\u00e8me duel. Il faut \u00eatre solide avec lui. Il y a beaucoup d\u2019anciens d\u00e9fenseurs qui ont dit que le joueur avec lequel ils ont eu le plus de difficult\u00e9s, c\u2019\u00e9tait Olive. C\u2019est un attaquant prolifique devant le but. Il a la capacit\u00e9 \u00e0 vite se retourner et encha\u00eener les frappes comme face \u00e0 Monaco. C\u2019est un attaquant de top classe, le moindre m\u00e8tre que vous lui laissez, il peut vous sanctionner.\u00a0\u00bb<\/p>\n","protected":false},"excerpt":{"rendered":"Ligue 1 (3e journ\u00e9e). FC Lorient &#8211; Lille OSC, samedi (17\u00a0h)Sa vision du joueur \u00ab\u00a0Il est rest\u00e9 le&hellip;\n","protected":false},"author":2,"featured_media":351349,"comment_status":"","ping_status":"","sticky":false,"template":"","format":"standard","meta":{"footnotes":""},"categories":[2815],"tags":[1111,11,1777,674,3317,63,1011,27,811,66,1307,1781,12,25,60],"class_list":{"0":"post-351348","1":"post","2":"type-post","3":"status-publish","4":"format-standard","5":"has-post-thumbnail","7":"category-lille","8":"tag-actu","9":"tag-actualites","10":"tag-eu","11":"tag-europe","12":"tag-fc-lorient","13":"tag-football","14":"tag-fr","15":"tag-france","16":"tag-hauts-de-france","17":"tag-ligue-1","18":"tag-lille","19":"tag-lorient","20":"tag-news","21":"tag-republique-francaise","22":"tag-sports"},"share_on_mastodon":{"url":"https:\/\/pubeurope.com\/@fr\/115110115018797391","error":""},"_links":{"self":[{"href":"https:\/\/www.europesays.com\/fr\/wp-json\/wp\/v2\/posts\/351348","targetHints":{"allow":["GET"]}}],"collection":[{"href":"https:\/\/www.europesays.com\/fr\/wp-json\/wp\/v2\/posts"}],"about":[{"href":"https:\/\/www.europesays.com\/fr\/wp-json\/wp\/v2\/types\/post"}],"author":[{"embeddable":true,"href":"https:\/\/www.europesays.com\/fr\/wp-json\/wp\/v2\/users\/2"}],"replies":[{"embeddable":true,"href":"https:\/\/www.europesays.com\/fr\/wp-json\/wp\/v2\/comments?post=351348"}],"version-history":[{"count":0,"href":"https:\/\/www.europesays.com\/fr\/wp-json\/wp\/v2\/posts\/351348\/revisions"}],"wp:featuredmedia":[{"embeddable":true,"href":"https:\/\/www.europesays.com\/fr\/wp-json\/wp\/v2\/media\/351349"}],"wp:attachment":[{"href":"https:\/\/www.europesays.com\/fr\/wp-json\/wp\/v2\/media?parent=351348"}],"wp:term":[{"taxonomy":"category","embeddable":true,"href":"https:\/\/www.europesays.com\/fr\/wp-json\/wp\/v2\/categories?post=351348"},{"taxonomy":"post_tag","embeddable":true,"href":"https:\/\/www.europesays.com\/fr\/wp-json\/wp\/v2\/tags?post=351348"}],"curies":[{"name":"wp","href":"https:\/\/api.w.org\/{rel}","templated":true}]}}