{"id":351350,"date":"2025-08-29T04:15:10","date_gmt":"2025-08-29T04:15:10","guid":{"rendered":"https:\/\/www.europesays.com\/fr\/351350\/"},"modified":"2025-08-29T04:15:10","modified_gmt":"2025-08-29T04:15:10","slug":"marseille-cette-commercante-alerte-sur-sa-situation-nous-sommes-en-sursis","status":"publish","type":"post","link":"https:\/\/www.europesays.com\/fr\/351350\/","title":{"rendered":"Marseille. Cette commer\u00e7ante alerte sur sa situation : \u00ab\u00a0Nous sommes en sursis\u00a0\u00bb"},"content":{"rendered":"<p>            Par<br \/>\n        <strong><br \/>\n            <a href=\"https:\/\/actu.fr\/auteur\/thibault-nadal-actu-fr\" title=\"Consulter tous les articles de Thibault Nadal\" target=\"_blank\" rel=\"noopener\">Thibault Nadal<\/a><br \/>\n        <\/strong><\/p>\n<p>        Publi\u00e9 le<\/p>\n<p>            29 ao\u00fbt 2025 \u00e0 6h04        <\/p>\n<p>Elle la qualifie elle-m\u00eame <strong>\u00ab\u2009d\u2019op\u00e9ration de sauvetage\u2009\u00bb<\/strong> afin de permettre \u00e0 son <a href=\"https:\/\/actu.fr\/tag\/commerce\" target=\"_blank\" rel=\"noopener\">commerce<\/a> de survivre. Pour y parvenir, Virginie Barthelemy, la g\u00e9rante de Terre de Soleil dans le 9e arrondissement de <a href=\"https:\/\/actu.fr\/tag\/commerce\" target=\"_blank\" rel=\"noopener\">Marseille<\/a>, multiplie les initiatives pour s\u2019en sortir. Apr\u00e8s une vid\u00e9o sur <a href=\"https:\/\/actu.fr\/tag\/reseaux-sociaux\" target=\"_blank\" rel=\"noopener\">les r\u00e9seaux sociaux<\/a> vue des milliers de fois, elle a d\u00e9cid\u00e9 de lancer <strong>une grande braderie<\/strong> en cette derni\u00e8re semaine d\u2019ao\u00fbt.<\/p>\n<p>La braderie, un pari gagnant<\/p>\n<p class=\" wall-content\">Le pari \u00e9tait risqu\u00e9, mais il est en passe d\u2019\u00eatre gagn\u00e9. \u00ab\u2009Le d\u00e9but a \u00e9t\u00e9 explosif, confie Virginie Barthelemy. L\u2019annonce de notre possible fermeture et de cette braderie a remu\u00e9 tout le monde.\u2009\u00bb Sur la seule journ\u00e9e de lundi, elle affirme que ce sont <strong>200 clients<\/strong> qui se sont press\u00e9s dans sa boutique, install\u00e9e 97 Traverse de la Gouffonne. \u00ab\u2009Je pensais les faire en trois jours, pas en un seul\u2009\u00bb, dit-elle avec le sourire.<\/p>\n<p>    <a href=\"https:\/\/www.google.com\/maps\/embed?pb=!1m18!1m12!1m3!1d2906.1625015898094!2d5.409073376614307!3d43.2480159785421!2m3!1f0!2f0!3f0!3m2!1i1024!2i768!4f13.1!3m3!1m2!1s0x12c9b994cecb7077%3A0xa5450cbd89e33ab9!2sTerre%20de%20Soleil!5e0!3m2!1sfr!2sfr!4v1756386376706!5m2!1sfr!2sfr\" title=\"Ouvrie le lien\" target=\"_blank\" rel=\"noopener\">Cliquez ici pour visualiser le contenu<\/a><\/p>\n<p class=\" wall-content\">\u00ab\u2009La grande majorit\u00e9 est venue nous aider dans le cadre de l\u2019op\u00e9ration de sauvetage. Il y a eu une prise de conscience\u2009\u00bb, poursuit-elle. Si cette premi\u00e8re victoire est appr\u00e9ciable, la partie est loin d\u2019\u00eatre gagn\u00e9e. \u00ab\u2009Nous sommes en sursis\u2009\u00bb.<\/p>\n<p>\u00ab\u2009Je n\u2019avais plus le choix\u2009\u00bb<\/p>\n<p class=\" wall-content\">Avant d\u2019organiser cette braderie, Virginie Barthelemy s\u2019\u00e9tait \u00e9mue de sa situation sur les r\u00e9seaux sociaux. \u00ab\u2009Je n\u2019avais jamais parl\u00e9 de mes difficult\u00e9s, mais j\u2019ai senti que <strong>je n\u2019avais plus le choix<\/strong>\u2009\u00bb, explique-t-elle \u00e0 actu Marseille.<\/p>\n<p>    <a href=\"https:\/\/www.facebook.com\/plugins\/video.php?height=476&amp;href=https%3A%2F%2Fwww.facebook.com%2FTerredesoleil9.10%2Fvideos%2F1722477335126258%2F&amp;show_text=false&amp;width=350&amp;t=0\" title=\"Ouvrie le lien\" target=\"_blank\" rel=\"noopener\">Cliquez ici pour visualiser le contenu<\/a><\/p>\n<p class=\" wall-content\">Car apr\u00e8s <strong>des d\u00e9buts en fanfare en octobre\u00a02021<\/strong>, imputables selon elle \u00e0 sa notori\u00e9t\u00e9 sur les r\u00e9seaux sociaux o\u00f9 elle a fond\u00e9 le groupe \u00ab\u2009J\u2019habite dans le 9-10\u2009\u00bb, la g\u00e9rante de Terre de Soleil a vu les premi\u00e8res difficult\u00e9s appara\u00eetre il y a un an.<\/p>\n<p>Votre r\u00e9gion, votre actu !<\/p>\n<p>Recevez chaque jour les infos qui comptent pour vous.<\/p>\n<p>\t<a href=\"https:\/\/actu.fr\/newsletter\" class=\"ac-btn ac-btn--corner ac-btn--medium ac-btn--blue800\" target=\"_blank\" rel=\"noopener\">S&rsquo;incrire<\/a><\/p>\n<blockquote class=\"ac-article-quote wall-content\">\n<p>Au d\u00e9but, on se dit que \u00e7a va le faire, que c&rsquo;est passager, puis peu \u00e0 peu on se laisse \u00e9touffer.<\/p>\n<p>    <strong>Virginie Barthelemy<\/strong><br \/>\n        G\u00e9rante de Terre de Soleil    <\/p><\/blockquote>\n<p class=\" wall-content\">Des difficult\u00e9s qu\u2019elle attribue autant \u00e0 des erreurs strat\u00e9giques, comme <strong>le surstockage qui \u00ab\u2009co\u00fbte cher<\/strong> quand il ne sort pas rapidement\u2009\u00bb ou l\u2019embauche de deux apprentis qui \u00ab\u2009n\u2019a pas eu l\u2019effet escompt\u00e9\u2009\u00bb et alourdi les charges salariales, qu\u2019au \u00ab\u2009mod\u00e8le \u00e9conomique actuel\u2009\u00bb.<\/p>\n<p class=\" wall-content\">Avec des clients qui se tournent davantage vers la vente en ligne. Pourtant, dans sa boutique, elle s\u2019efforce de proposer des articles destin\u00e9s \u00e0 toutes les femmes (du 34 au 54) et \u00e0 des prix raisonnables\u2009: <strong>entre 12,99 et 39,99\u00a0euros<\/strong>. Et de proposer \u00ab\u2009<strong>un lien social<\/strong> que les gens perdent en achetant sur Internet\u2009\u00bb.<\/p>\n<p>Une nouvelle fa\u00e7on de travailler<\/p>\n<p class=\" wall-content\">Pour sortir totalement la t\u00eate de l\u2019eau, Virginie Barthelemy va d\u00e9sormais passer \u00e0 \u00ab\u2009la phase 2\u2009\u00bb. Sur les trois employ\u00e9s, l\u2019apprentie a d\u00e9j\u00e0 quitt\u00e9 l\u2019entreprise et une r\u00e9flexion est en cours sur le sort de l\u2019autre salari\u00e9e\u2009: <strong>licenciement ou r\u00e9duction des horaires<\/strong>\u2009? La question n\u2019est pas encore tranch\u00e9e.<\/p>\n<p class=\" wall-content\">Pour <strong>\u00e9viter de fermer avant la fin de l\u2019ann\u00e9e<\/strong> \u00ab\u2009si le plan B ne marche pas\u2009\u00bb, la commer\u00e7ante esp\u00e8re conserver cet \u00e9lan positif dure dans le temps, ce qui est le plus difficile. Mais surtout, elle va modifier sa fa\u00e7on de travailler. \u00ab\u2009On va plus travailler sur les pr\u00e9commandes\u2009et sur les pr\u00e9sentations lors des lives sur les r\u00e9seaux sociaux\u2009\u00bb avec une seule pi\u00e8ce pr\u00e9sent\u00e9e au lieu de plusieurs.<\/p>\n<p class=\" wall-content\">Personnalisez votre actualit\u00e9 en ajoutant vos villes et m\u00e9dias en favori avec <a href=\"https:\/\/moncompte.actu.fr\" title=\"D\u00e9couvez Mon Actu\" rel=\"nofollow noopener\" data-trk=\"{&quot;cta&quot;:{&quot;action&quot;:&quot;https:\\\/\\\/moncompte.actu.fr&quot;,&quot;category&quot;:&quot;mon compte&quot;,&quot;from&quot;:&quot;article footer&quot;,&quot;name&quot;:&quot;Mon actu&quot;,&quot;type&quot;:&quot;cta&quot;}}\" target=\"_blank\">Mon Actu<\/a>.<\/p>\n","protected":false},"excerpt":{"rendered":"Par Thibault Nadal Publi\u00e9 le 29 ao\u00fbt 2025 \u00e0 6h04 Elle la qualifie elle-m\u00eame \u00ab\u2009d\u2019op\u00e9ration de sauvetage\u2009\u00bb afin&hellip;\n","protected":false},"author":2,"featured_media":351351,"comment_status":"","ping_status":"","sticky":false,"template":"","format":"standard","meta":{"footnotes":""},"categories":[2814],"tags":[1111,11,1261,215,1777,674,1011,27,884,12,882,25,938,104],"class_list":{"0":"post-351350","1":"post","2":"type-post","3":"status-publish","4":"format-standard","5":"has-post-thumbnail","7":"category-marseille","8":"tag-actu","9":"tag-actualites","10":"tag-argent","11":"tag-commerce","12":"tag-eu","13":"tag-europe","14":"tag-fr","15":"tag-france","16":"tag-marseille","17":"tag-news","18":"tag-provence-alpes-cote-dazur","19":"tag-republique-francaise","20":"tag-reseaux-sociaux","21":"tag-societe"},"share_on_mastodon":{"url":"https:\/\/pubeurope.com\/@fr\/115110118943281514","error":""},"_links":{"self":[{"href":"https:\/\/www.europesays.com\/fr\/wp-json\/wp\/v2\/posts\/351350","targetHints":{"allow":["GET"]}}],"collection":[{"href":"https:\/\/www.europesays.com\/fr\/wp-json\/wp\/v2\/posts"}],"about":[{"href":"https:\/\/www.europesays.com\/fr\/wp-json\/wp\/v2\/types\/post"}],"author":[{"embeddable":true,"href":"https:\/\/www.europesays.com\/fr\/wp-json\/wp\/v2\/users\/2"}],"replies":[{"embeddable":true,"href":"https:\/\/www.europesays.com\/fr\/wp-json\/wp\/v2\/comments?post=351350"}],"version-history":[{"count":0,"href":"https:\/\/www.europesays.com\/fr\/wp-json\/wp\/v2\/posts\/351350\/revisions"}],"wp:featuredmedia":[{"embeddable":true,"href":"https:\/\/www.europesays.com\/fr\/wp-json\/wp\/v2\/media\/351351"}],"wp:attachment":[{"href":"https:\/\/www.europesays.com\/fr\/wp-json\/wp\/v2\/media?parent=351350"}],"wp:term":[{"taxonomy":"category","embeddable":true,"href":"https:\/\/www.europesays.com\/fr\/wp-json\/wp\/v2\/categories?post=351350"},{"taxonomy":"post_tag","embeddable":true,"href":"https:\/\/www.europesays.com\/fr\/wp-json\/wp\/v2\/tags?post=351350"}],"curies":[{"name":"wp","href":"https:\/\/api.w.org\/{rel}","templated":true}]}}