{"id":351352,"date":"2025-08-29T04:16:10","date_gmt":"2025-08-29T04:16:10","guid":{"rendered":"https:\/\/www.europesays.com\/fr\/351352\/"},"modified":"2025-08-29T04:16:10","modified_gmt":"2025-08-29T04:16:10","slug":"dans-le-centre-ville-de-marseille-debut-des-grands-travaux-de-reparation-des-taudis","status":"publish","type":"post","link":"https:\/\/www.europesays.com\/fr\/351352\/","title":{"rendered":"Dans le centre-ville de Marseille, d\u00e9but des grands travaux de r\u00e9paration des taudis"},"content":{"rendered":"<p>Ce mercredi, la soci\u00e9t\u00e9 publique locale charg\u00e9e de la r\u00e9novation du b\u00e2ti ancien du centre-ville pr\u00e9sentait les avanc\u00e9es du grand chantier de r\u00e9paration des immeubles sous arr\u00eat\u00e9 de p\u00e9ril, parfois depuis des ann\u00e9es. \u00c0 terme, une centaine d&rsquo;entre eux accueilleront des logements sociaux dans un secteur qui en manque cruellement.<\/p>\n<p>                <a href=\"https:\/\/marsactu.fr\/dans-le-centre-ville-de-marseille-debut-des-grands-travaux-de-reparation-des-taudis\/\" class=\"td-modal-image\" title=\"Les travaux de gros \u0153uvre dans un immeuble acquis par la Spla-in, rue Clovis-Hugues, \u00e0 la Belle de Mai. (Photo : B.G.)&#010;\" target=\"_blank\" rel=\"noopener\"><br \/>\n                    <img decoding=\"async\" class=\"entry-thumb\" src=\"data:image\/svg+xml;base64,PHN2ZyB4bWxucz0iaHR0cDovL3d3dy53My5vcmcvMjAwMC9zdmciIHZpZXdCb3g9IjAgMCAxOTIwIDEwODAiIHdpZHRoPSIxOTIwIiBoZWlnaHQ9IjEwODAiIGRhdGEtdT0iaHR0cHMlM0ElMkYlMkZtYXJzYWN0dS5mciUyRndwLWNvbnRlbnQlMkZ1cGxvYWRzJTJGMjAyNSUyRjA4JTJGY2hhbnRpZXItbWlzLW51LWNsb3Zpcy11Z3Vlcy5qcGciIGRhdGEtdz0iMTkyMCIgZGF0YS1oPSIxMDgwIiBkYXRhLWJpcD0iIj48L3N2Zz4=\" data-spai=\"1\" alt=\"Les travaux de gros \u0153uvre dans un immeuble acquis par la Spla-in, rue Clovis-Hugues, \u00e0 la Belle de Mai. (Photo : B.G.)&#10;\" title=\"Les travaux de gros \u0153uvre dans un immeuble acquis par la Spla-in, rue Clovis-Hugues, \u00e0 la Belle de Mai. (Photo : B.G.)&#10;\"\/><br \/>\n                <\/a><br \/>\n                Les travaux de gros \u0153uvre dans un immeuble acquis par la Spla-in, rue Clovis-Hugues, \u00e0 la Belle de Mai. (Photo : B.G.)<\/p>\n<p class=\"wp-captation-text\">Les travaux de gros \u0153uvre dans un immeuble acquis par la Spla-in, rue Clovis-Hugues, \u00e0 la Belle de Mai. (Photo : B.G.)\n<\/p>\n<p>    Au 49 rue Clovis-Hugues, le trois-fen\u00eatres est nu. Casque sur la t\u00eate, un ar\u00e9opage d\u2019\u00e9lus, de techniciens et de journalistes se pressent dans la for\u00eat d\u2019\u00e9tais qui soutient les plafonds de ce petit b\u00e2timent, longtemps frapp\u00e9 d\u2019arr\u00eat\u00e9 de p\u00e9ril. La soci\u00e9t\u00e9 publique locale d\u2019am\u00e9nagement d\u2019int\u00e9r\u00eat national (Spla-in), dirig\u00e9e par Franck Caro, en a fait un des symboles de l\u2019avanc\u00e9e des travaux dans les trois \u00eelots dont elle pilote la r\u00e9novation, sans compter la multitude d\u2019adresses \u00e9parpill\u00e9es dans le centre ancien. Dans quelques mois, ce b\u00e2timent typique des logements ouvriers du XIXe si\u00e8cle sera enfin d\u00e9barrass\u00e9 de l\u2019\u00e9tiquette de l\u2019habitat indigne dont cette rue est devenue un des embl\u00e8mes. Aujourd\u2019hui encore, une &#8230; <\/p>\n<p>VOUS VOULEZ LIRE LA SUITE\u00a0?\n\t\t              <\/p>\n<p>\n\t\t              CET \u00c9T\u00c9,<br \/>MARSACTU EST \u00c0<br \/>\n\t\t                <\/p>\n","protected":false},"excerpt":{"rendered":"Ce mercredi, la soci\u00e9t\u00e9 publique locale charg\u00e9e de la r\u00e9novation du b\u00e2ti ancien du centre-ville pr\u00e9sentait les avanc\u00e9es&hellip;\n","protected":false},"author":2,"featured_media":351353,"comment_status":"","ping_status":"","sticky":false,"template":"","format":"standard","meta":{"footnotes":""},"categories":[2814],"tags":[1111,11,10207,48800,1777,674,1011,27,48801,48802,884,12,882,25,39100,48803,4772],"class_list":{"0":"post-351352","1":"post","2":"type-post","3":"status-publish","4":"format-standard","5":"has-post-thumbnail","7":"category-marseille","8":"tag-actu","9":"tag-actualites","10":"tag-belledemai","11":"tag-davidytier","12":"tag-eu","13":"tag-europe","14":"tag-fr","15":"tag-france","16":"tag-franckcaro","17":"tag-habitatdegrade","18":"tag-marseille","19":"tag-news","20":"tag-provence-alpes-cote-dazur","21":"tag-republique-francaise","22":"tag-sophicamard","23":"tag-splain","24":"tag-zalu"},"share_on_mastodon":{"url":"https:\/\/pubeurope.com\/@fr\/115110122852528027","error":""},"_links":{"self":[{"href":"https:\/\/www.europesays.com\/fr\/wp-json\/wp\/v2\/posts\/351352","targetHints":{"allow":["GET"]}}],"collection":[{"href":"https:\/\/www.europesays.com\/fr\/wp-json\/wp\/v2\/posts"}],"about":[{"href":"https:\/\/www.europesays.com\/fr\/wp-json\/wp\/v2\/types\/post"}],"author":[{"embeddable":true,"href":"https:\/\/www.europesays.com\/fr\/wp-json\/wp\/v2\/users\/2"}],"replies":[{"embeddable":true,"href":"https:\/\/www.europesays.com\/fr\/wp-json\/wp\/v2\/comments?post=351352"}],"version-history":[{"count":0,"href":"https:\/\/www.europesays.com\/fr\/wp-json\/wp\/v2\/posts\/351352\/revisions"}],"wp:featuredmedia":[{"embeddable":true,"href":"https:\/\/www.europesays.com\/fr\/wp-json\/wp\/v2\/media\/351353"}],"wp:attachment":[{"href":"https:\/\/www.europesays.com\/fr\/wp-json\/wp\/v2\/media?parent=351352"}],"wp:term":[{"taxonomy":"category","embeddable":true,"href":"https:\/\/www.europesays.com\/fr\/wp-json\/wp\/v2\/categories?post=351352"},{"taxonomy":"post_tag","embeddable":true,"href":"https:\/\/www.europesays.com\/fr\/wp-json\/wp\/v2\/tags?post=351352"}],"curies":[{"name":"wp","href":"https:\/\/api.w.org\/{rel}","templated":true}]}}