{"id":351354,"date":"2025-08-29T04:17:32","date_gmt":"2025-08-29T04:17:32","guid":{"rendered":"https:\/\/www.europesays.com\/fr\/351354\/"},"modified":"2025-08-29T04:17:32","modified_gmt":"2025-08-29T04:17:32","slug":"lyon-2-et-villeurbanne-scellent-un-partenariat-inedit-dans-la-metropole","status":"publish","type":"post","link":"https:\/\/www.europesays.com\/fr\/351354\/","title":{"rendered":"Lyon 2 et Villeurbanne scellent un partenariat in\u00e9dit dans la m\u00e9tropole"},"content":{"rendered":"<p>                            <img loading=\"lazy\" width=\"1200\" height=\"750\" class=\"attachment-article size-article wp-post-image lazyload\" alt=\"campus des berges du Rh\u00f4ne universit\u00e9 Lyon 2\" decoding=\"async\" src=\"https:\/\/www.europesays.com\/fr\/wp-content\/uploads\/2025\/08\/Campus-Berges-du-Rhone_2-e1751612172995.jpg\" data-eio-rwidth=\"1200\" data-eio-rheight=\"750\"\/><\/p>\n<p>Le campus des berges du Rh\u00f4ne de l\u2019universit\u00e9 Lyon 2. (@Universit\u00e9 Lumi\u00e8re Lyon 2)\n <\/p>\n<p class=\"content\" style=\"font-size:1.2em;font-weight:700\">L&rsquo;Universit\u00e9 Lumi\u00e8re Lyon 2 et la Ville de Villeurbanne ont sign\u00e9 mardi une convention-cadre de coop\u00e9ration, premi\u00e8re du genre dans la M\u00e9tropole de Lyon.<\/p>\n<p>La pr\u00e9sidente de Lyon 2, Isabelle von Bueltzingsloewen, et la premi\u00e8re adjointe de Villeurbanne, Agn\u00e8s Thouvenot, ont formalis\u00e9 le 26 ao\u00fbt un partenariat qui fait suite \u00e0 deux ann\u00e9es de collaborations croissantes. 45 projets de recherche, 24 groupes d&rsquo;\u00e9tudiants et 13 doctorants ont d\u00e9j\u00e0 consacr\u00e9 leurs travaux au territoire villeurbannais.<\/p>\n<p>\u00ab\u00a0Si notre universit\u00e9 n&rsquo;est pas implant\u00e9e physiquement \u00e0 Villeurbanne, elle y est pourtant tr\u00e8s pr\u00e9sente, \u00e0 travers des projets et des dynamiques partenariales que cette convention vient aujourd&rsquo;hui reconna\u00eetre\u00a0\u00bb, a soulign\u00e9 Isabelle von Bueltzingsloewen.<\/p>\n<p>Pour Agn\u00e8s Thouvenot, cet accord permet \u00ab\u00a0que la science et la soci\u00e9t\u00e9 dialoguent et se fabriquent ensemble, partout, tout le temps\u00a0\u00bb. La ville mise sur cette alliance pour identifier de nouveaux terrains de recherche et favoriser les travaux \u00e9tudiants au service de l&rsquo;int\u00e9r\u00eat g\u00e9n\u00e9ral.<\/p>\n<p>La convention couvre notamment les actions de m\u00e9diation scientifique, comme les travaux d&rsquo;\u00e9tudiants en licence Nature en ville sur la v\u00e9g\u00e9talisation ou ceux du master G\u00e9omatique sur la surchauffe urbaine.<\/p>\n","protected":false},"excerpt":{"rendered":"Le campus des berges du Rh\u00f4ne de l\u2019universit\u00e9 Lyon 2. (@Universit\u00e9 Lumi\u00e8re Lyon 2) L&rsquo;Universit\u00e9 Lumi\u00e8re Lyon 2&hellip;\n","protected":false},"author":2,"featured_media":351355,"comment_status":"","ping_status":"","sticky":false,"template":"","format":"standard","meta":{"footnotes":""},"categories":[1889],"tags":[1111,11,2430,1777,674,1011,27,2428,12,25],"class_list":{"0":"post-351354","1":"post","2":"type-post","3":"status-publish","4":"format-standard","5":"has-post-thumbnail","7":"category-lyon","8":"tag-actu","9":"tag-actualites","10":"tag-auvergne-rhone-alpes","11":"tag-eu","12":"tag-europe","13":"tag-fr","14":"tag-france","15":"tag-lyon","16":"tag-news","17":"tag-republique-francaise"},"share_on_mastodon":{"url":"https:\/\/pubeurope.com\/@fr\/115110126839307047","error":""},"_links":{"self":[{"href":"https:\/\/www.europesays.com\/fr\/wp-json\/wp\/v2\/posts\/351354","targetHints":{"allow":["GET"]}}],"collection":[{"href":"https:\/\/www.europesays.com\/fr\/wp-json\/wp\/v2\/posts"}],"about":[{"href":"https:\/\/www.europesays.com\/fr\/wp-json\/wp\/v2\/types\/post"}],"author":[{"embeddable":true,"href":"https:\/\/www.europesays.com\/fr\/wp-json\/wp\/v2\/users\/2"}],"replies":[{"embeddable":true,"href":"https:\/\/www.europesays.com\/fr\/wp-json\/wp\/v2\/comments?post=351354"}],"version-history":[{"count":0,"href":"https:\/\/www.europesays.com\/fr\/wp-json\/wp\/v2\/posts\/351354\/revisions"}],"wp:featuredmedia":[{"embeddable":true,"href":"https:\/\/www.europesays.com\/fr\/wp-json\/wp\/v2\/media\/351355"}],"wp:attachment":[{"href":"https:\/\/www.europesays.com\/fr\/wp-json\/wp\/v2\/media?parent=351354"}],"wp:term":[{"taxonomy":"category","embeddable":true,"href":"https:\/\/www.europesays.com\/fr\/wp-json\/wp\/v2\/categories?post=351354"},{"taxonomy":"post_tag","embeddable":true,"href":"https:\/\/www.europesays.com\/fr\/wp-json\/wp\/v2\/tags?post=351354"}],"curies":[{"name":"wp","href":"https:\/\/api.w.org\/{rel}","templated":true}]}}