{"id":351361,"date":"2025-08-29T04:21:16","date_gmt":"2025-08-29T04:21:16","guid":{"rendered":"https:\/\/www.europesays.com\/fr\/351361\/"},"modified":"2025-08-29T04:21:16","modified_gmt":"2025-08-29T04:21:16","slug":"on-a-assiste-a-la-finale-de-drag-race-france-all-stars-a-paris","status":"publish","type":"post","link":"https:\/\/www.europesays.com\/fr\/351361\/","title":{"rendered":"on a assist\u00e9 \u00e0 la finale de Drag Race France All Stars \u00e0 Paris"},"content":{"rendered":"<p>            Par<br \/>\n        <strong><br \/>\n            <a href=\"https:\/\/actu.fr\/auteur\/marie-amelie-marchal\" title=\"Consulter tous les articles de Marie Amelie Marchal\" target=\"_blank\" rel=\"noopener\">Marie Amelie Marchal<\/a><br \/>\n        <\/strong><\/p>\n<p>        Publi\u00e9 le<\/p>\n<p>            29 ao\u00fbt 2025 \u00e0 6h04        <\/p>\n<p>Talons qui claquent sur le macadam, <a href=\"https:\/\/actu.fr\/planete\/pollution\/lorene-et-sa-soeur-ont-cree-si-si-la-paillette-les-paillettes-francaises-biodegradables_56923496.html\" target=\"_blank\" rel=\"noopener\">paillettes<\/a> sur le bitume de Paris et perruques excentriques. Dans les rues du 9e arrondissement, les looks les plus fous se pressent en direction de <a href=\"https:\/\/actu.fr\/ile-de-france\/paris_75056\/a-paris-un-tresor-cache-sous-la-mythique-salle-de-l-olympia_56515981.html\" target=\"_blank\" rel=\"noopener\">L\u2019Olympia<\/a>. Ce soir, le plus ancien music-hall de la capitale va voir s\u2019affronter les finalistes de la comp\u00e9tition <a href=\"https:\/\/actu.fr\/ile-de-france\/paris_75056\/casting-nouvelle-regle-jury-tout-ce-qu-il-y-a-a-savoir-sur-l-edition-all-stars-de-drag-race-france-2025_62758607.html\" target=\"_blank\" rel=\"noopener\">Drag Race France All Stars<\/a>. Pour l\u2019occasion, une <strong>pluie de stars<\/strong> s\u2019est r\u00e9unie\u2009: l\u2019architecte de la <a href=\"https:\/\/actu.fr\/ile-de-france\/paris_75056\/ceremonie-d-ouverture-des-jo-2024-iconique-hallucinant-les-reactions-des-internautes-du-monde-entier_61401096.html\" target=\"_blank\" rel=\"noopener\">c\u00e9r\u00e9monie d\u2019ouverture<\/a> des JO de Paris Thomas Jolly, le chanteur <a href=\"https:\/\/actu.fr\/ile-de-france\/osny_95476\/val-doise-destination-eurovision-bilal-hassani-france_21091621.html\" target=\"_blank\" rel=\"noopener\">Bilal Hassani<\/a>, la drag parisienne <a href=\"https:\/\/actu.fr\/ile-de-france\/paris_75056\/ca-m-a-fait-mal-malgre-les-critiques-la-drag-minima-geste-prete-pour-porter-la-flamme-des-jo-de-paris_61117571.html\" target=\"_blank\" rel=\"noopener\">Minima Gest\u00e9<\/a>, la DJ <a href=\"https:\/\/actu.fr\/ile-de-france\/paris_75056\/paris-qui-est-barbara-butch-menacee-de-mort-depuis-la-ceremonie-d-ouverture-des-jo-2024_61421329.html\" target=\"_blank\" rel=\"noopener\">Barbara Butch<\/a>\u00a0et la <a href=\"https:\/\/actu.fr\/ile-de-france\/paris_75056\/paris-la-youtubeuse-natoo-ouvre-un-magasin-a-mi-chemin-entre-coiffure-et-coffee-shop_60599215.html\" target=\"_blank\" rel=\"noopener\">youtubeuse Natoo<\/a> ont notamment fait le d\u00e9placement. Devant les embl\u00e9matiques lettres rouges, les chanceux tir\u00e9s au sort pour<strong> assister \u00e0 l\u2019enregistrement<\/strong> se prennent en photo quand les candidates des anciennes saisons s\u2019embrassent et se pr\u00eatent au jeu des selfies. Il est 18\u00a0heures. Les cols blancs sortent de leurs bureaux et les touristes ralentissent le pas face \u00e0 la d\u00e9bauche de couleurs qui s\u2019\u00e9tale sur le boulevard des Capucines. Carla, 7\u00a0ans, s\u2019extasie et commente avec sa maman les maquillages de ces <strong>princesses d\u2019un autre genre<\/strong>. Ce soir, <a href=\"https:\/\/actu.fr\/ile-de-france\/paris_75056\/qui-est-piche-baby-queen-a-barbe-de-la-saison-2-de-drag-race-france_59751831.html\" target=\"_blank\" rel=\"noopener\">Piche<\/a>, <a href=\"https:\/\/actu.fr\/ile-de-france\/paris_75056\/drag-race-france-3-enfant-de-militaires-racaille-misty-phoenix-candidate-aux-1001-vies_61122290.html\" target=\"_blank\" rel=\"noopener\">Misty Phoenix<\/a>, Elips et <a href=\"https:\/\/actu.fr\/ile-de-france\/saint-denis_93066\/c-est-les-olympiques-des-personnes-queer-entretien-avec-mami-watta-candidate-drag-race-france-2_59750770.html\" target=\"_blank\" rel=\"noopener\">Mami Watta<\/a> vont se battre pour la couronne. On vous raconte cette soir\u00e9e pleine de rires, de larmes et de drames.<\/p>\n<p>Deux couronnements pour un secret bien gard\u00e9<\/p>\n<p class=\" wall-content\">\u00ab\u2009Je suis tr\u00e8s excit\u00e9 m\u00eame si je sais que cette soir\u00e9e va \u00eatre frustrante \u00e0 deux titres\u2009\u00bb, glisse Thomas Jolly \u00e0 actu Paris. Pour la troisi\u00e8me fois de son histoire, l\u2019\u00e9mission Drag Race France va tourner dans les conditions du direct et en public, sa finale. Puisque l\u2019\u00e9pisode ne sera diffus\u00e9 qu\u2019une semaine plus tard, deux r\u00e8gles d\u2019or s\u2019appliquent \u00e0 l\u2019auditoire\u2009: les <strong>portables sont interdits<\/strong> et<strong> nulle information ne doit fuiter<\/strong> sur les r\u00e9seaux sociaux.<\/p>\n<p>    <img   decoding=\"async\" loading=\"lazy\" src=\"https:\/\/www.europesays.com\/fr\/wp-content\/uploads\/2025\/08\/f5897fa4-96d2-4ed4-bada-06325d10776b-1-960x640.jpg\" alt=\"Thomas Jolly, directeur artistique des c\u00e9r\u00e9monies des JO de Paris 2024, a \u00e9t\u00e9 l'un des invit\u00e9s de cette saison All Stars.\" width=\"960\" height=\"640\"\/><br \/>\n    Thomas Jolly, directeur artistique des c\u00e9r\u00e9monies des JO de Paris 2024, a \u00e9t\u00e9 l\u2019un des invit\u00e9s de cette saison All Stars. (\u00a9MAM \/ actu Paris)<\/p>\n<p class=\" wall-content\">Pour se pr\u00e9munir de toute divulgation, <strong>deux couronnements sont film\u00e9s<\/strong>. Ce n\u2019est que le soir de la diffusion de l\u2019\u00e9pisode que le public saura qui succ\u00e9dera \u00e0 <a href=\"https:\/\/actu.fr\/ile-de-france\/paris_75056\/drag-race-france-3-le-filip-une-candidate-qui-fait-le-grand-ecart-entre-pamela-anderson-et-anne-roumanoff_61106402.html\" target=\"_blank\" rel=\"noopener\">Le Filip<\/a>, reine adoub\u00e9e lors de la saison pr\u00e9c\u00e9dente. \u00ab\u2009Mais le spectacle promet d\u2019\u00eatre fantastique\u2009\u00bb, rel\u00e8ve celui qui a fait r\u00eaver le monde entier. Acteur et metteur en sc\u00e8ne, il a fait briller <a href=\"https:\/\/actu.fr\/loisirs-culture\/eurovisions-2024-qui-est-nicky-doll-la-drag-queen-phenomene-qui-anime-pour-la-france-une-partie-du-concours_61040912.html\" target=\"_blank\" rel=\"noopener\">Nicky Doll<\/a>, Piche et <a href=\"https:\/\/actu.fr\/ile-de-france\/paris_75056\/video-dans-les-loges-avec-paloma-et-la-grande-dame-deux-icones-du-milieu-drag-queen_52001995.html\" target=\"_blank\" rel=\"noopener\">Paloma<\/a> sur la <a href=\"https:\/\/actu.fr\/ile-de-france\/paris_75056\/ceremonie-d-ouverture-des-jo-un-rassemblement-organise-pour-rehomosexualiser-paris_61815390.html\" target=\"_blank\" rel=\"noopener\">passerelle Debilly<\/a> (7e arrondissement) l\u2019\u00e9t\u00e9 dernier pour un tableau qui a marqu\u00e9 les esprits. Un an plus tard, il \u00e9tait invit\u00e9 sur le plateau de Drag Race aux c\u00f4t\u00e9s du jury.<\/p>\n<p>\u00ab\u2009Je suis trop fi\u00e8re de mes s\u0153urs\u2009\u00bb<\/p>\n<p class=\" wall-content\">Avant que la sonnerie retentisse pour inviter le public \u00e0 prendre place, <a href=\"https:\/\/actu.fr\/auvergne-rhone-alpes\/lyon_69123\/kitty-space-participe-a-drag-race-france-je-ne-sors-pas-acheter-du-pain-comme-ca_59731144.html\" target=\"_blank\" rel=\"noopener\">Kitty Space<\/a>, candidate de la saison 2, raconte son aventure \u00e0 l\u2019internationale. \u00c0 l\u2019instar de <a href=\"https:\/\/actu.fr\/provence-alpes-cote-d-azur\/nice_06088\/drag-race-france-la-grande-dame-se-confie-sur-son-enfance-a-nice_53050605.html\" target=\"_blank\" rel=\"noopener\">La Grande Dame<\/a>, de La Kahena et de <a href=\"https:\/\/actu.fr\/ile-de-france\/villepinte_93078\/soa-de-muse-eliminee-de-drag-race-france-all-stars-j-ai-pu-montrer-mes-failles-et-j-en-suis-fiere_62958171.html\" target=\"_blank\" rel=\"noopener\">Soa de Muse<\/a> \u2013 toutes issues de la premi\u00e8re saison, la \u00ab\u2009premi\u00e8re asiatique de la race (course en anglais, NDLR)\u2009\u00bb s\u2019est export\u00e9e et a particip\u00e9 \u00e0 la franchise philippine de la comp\u00e9tition.<\/p>\n<p>    <img   decoding=\"async\" loading=\"lazy\" src=\"https:\/\/www.europesays.com\/fr\/wp-content\/uploads\/2025\/08\/bfbe629c-8b14-4ae9-bbf2-24cb604fa0ff-960x640.jpg\" alt=\"Kitty Space, drag queen originaire de Lyon et participante \u00e0 la saison 2 de l'\u00e9mission phare de France T\u00e9l\u00e9visions. \" width=\"960\" height=\"640\"\/><br \/>\n    Kitty Space, drag queen originaire de Lyon et participante \u00e0 la saison 2 de l\u2019\u00e9mission phare de France T\u00e9l\u00e9visions. (\u00a9MAM \/ actu Paris)<\/p>\n<p class=\" wall-content\">\u00ab\u2009Je suis trop fi\u00e8re de mes s\u0153urs\u2009\u00bb, l\u00e2che-t-elle entre deux volutes de fum\u00e9e. Si elle a du mal \u00e0 se prononcer sur ses favorites, elle imagine d\u00e9j\u00e0 une <strong>finale qui opposerait Mami Watta \u00e0 Elips<\/strong>. Il est 19\u00a0heures, les retardataires acc\u00e9l\u00e8rent le pas et la longue file d\u2019attente fond en quelques minutes.<\/p>\n<p class=\" wall-content\">Dans la salle de spectacle, en attendant l\u2019arriv\u00e9e des queen, le rituel est toujours le m\u00eame. Assis \u00e0 l\u2019arri\u00e8re, les spectateurs tendent le cou et tentent d\u2019apercevoir les reines des saisons pr\u00e9c\u00e9dentes. Les tenus sont sublimes et rivalisent d\u2019extravagance. Sur sc\u00e8ne, le dj<a href=\"https:\/\/actu.fr\/ile-de-france\/isles-les-meldeuses_77231\/pour-un-tournage-des-drag-queens-ont-appris-le-metier-de-soigneur-dans-ce-parc-animalier-de-seine-et-marne_62992929.html\" target=\"_blank\" rel=\"noopener\"> Julien de Bomerani<\/a> encha\u00eene les tubes pour mettre dans l\u2019ambiance un public d\u00e9j\u00e0 survolt\u00e9.<\/p>\n<p>Votre r\u00e9gion, votre actu !<\/p>\n<p>Recevez chaque jour les infos qui comptent pour vous.<\/p>\n<p>\t<a href=\"https:\/\/actu.fr\/newsletter\" class=\"ac-btn ac-btn--corner ac-btn--medium ac-btn--blue800\" target=\"_blank\" rel=\"noopener\">S&rsquo;incrire<\/a><\/p>\n<p class=\" wall-content\">Enfonc\u00e9s dans les fauteuils rouges, Mathis et Camille jouent \u00e0 \u00ab\u2009Qui est-ce\u2009\u00bb. Les deux amis venus de Boulogne-Billancourt (Hauts-de-Seine) sont fans de l\u2019\u00e9mission qu\u2019ils ont d\u00e9couverte sur Netflix. \u00ab\u2009J\u2019aime le c\u00f4t\u00e9 mode des tenues, les performances artistiques, l\u2019humour intrins\u00e8que au programme, les maquillages incroyables des candidates, les messages v\u00e9hicul\u00e9s et surtout<strong> la bienveillance<\/strong> qui s\u2019en d\u00e9gage\u2009\u00bb, d\u00e9roule le trentenaire.<\/p>\n<p>\u00ab\u2009Ce n\u2019est pas possible\u2009\u00bb<\/p>\n<p class=\" wall-content\">Scandalis\u00e9s par le <a href=\"https:\/\/actu.fr\/ile-de-france\/paris_75056\/punani-eliminee-de-drag-race-france-all-stars-je-prefere-partir-en-martyr-qu-en-ayant-rate-quelque-chose_62990088.html\" target=\"_blank\" rel=\"noopener\">d\u00e9part de Punani<\/a> au quatri\u00e8me \u00e9pisode, tous deux parient \u00e9galement sur une finale Mami Watta \u2013 Elips. Avec (beaucoup) de retard, le spectacle commence. La soir\u00e9e d\u00e9bute avec un best of de l\u2019\u00e9pisode diffus\u00e9 cette semaine, l\u2019avant-dernier de la saison.<\/p>\n<p class=\" wall-content\">Un peu comme une <a href=\"https:\/\/actu.fr\/ile-de-france\/paris_75056\/reportage-dans-ce-bar-de-paris-une-ambiance-de-coupe-du-monde-pour-l-emission-drag-race-france_52950648.html\" target=\"_blank\" rel=\"noopener\">finale de coupe du monde<\/a>, le<strong> public exulte<\/strong> \u00e0 chaque bon mot de sa candidate pr\u00e9f\u00e9r\u00e9e. Travers\u00e9s par les m\u00eames \u00e9motions, les quelque <strong>1\u2009900\u00a0spectateurs pr\u00e9sents<\/strong> rient aux \u00e9clats et s\u2019\u00e9meuvent ensemble. \u00c0 la fin de l\u2019\u00e9pisode, lorsque Mami Watta d\u00e9signe Moon et l\u2019\u00e9limine, c\u2019est comme si un joueur avait marqu\u00e9 contre son camp. Les rangs fr\u00e9missent. Tous ont la main sur la bouche. \u00ab\u2009Ce n\u2019est pas possible\u2009\u00bb, chuchote Mathis estomaqu\u00e9. Camille \u00e9carquille les yeux, n\u2019en revient pas.<\/p>\n<p class=\" wall-content\">D\u2019un coup, les spots roses se rallument et tout le monde reprend son souffle. La musique r\u00e9sonne de nouveau et la reine m\u00e8re Nicky Doll fait enfin son apparition. \u00ab\u2009Faites du bruit\u2009! On prendra des Strepsils demain\u2009\u00bb, entame la pr\u00e9sentatrice. Le ton est donn\u00e9. Avec brio, elle anime la soir\u00e9e sans une seule fausse note. Elle parvient \u00e0 cr\u00e9er un rapport de connivence avec le public tout en ma\u00eetrisant les al\u00e9as du tournage.<\/p>\n<p>\u00ab\u2009Je t\u2019aime et je te soutiens\u2009\u00bb<\/p>\n<p class=\" wall-content\">Sur sc\u00e8ne les queen se succ\u00e8dent et les prises de parole aussi. Coiff\u00e9e d\u2019une tiare \u00e9tincelante en hommage \u00e0 <a href=\"https:\/\/actu.fr\/ile-de-france\/paris_75056\/josephine-baker-au-pantheon-cinq-questions-sur-une-icone-de-paris-et-de-la-france_46799581.html\" target=\"_blank\" rel=\"noopener\">Jos\u00e9phine Baker<\/a>, Soa de Muse est revenue sur son parcours et son retour \u00e0 la comp\u00e9tition apr\u00e8s deux saisons (saison 1 en France et Global All Stars aux \u00c9tats-Unis)\u2009: \u00ab\u2009On dit oui, on y retourne parce que \u00e7a nous permet de faire passer des messages comme \u2018<a href=\"https:\/\/actu.fr\/ile-de-france\/paris_75056\/on-ne-se-laissera-pas-faire-a-paris-la-librairie-violette-amp-co-attaquee-pour-des-livres-sur-la-palestine_63026308.html\" target=\"_blank\" rel=\"noopener\">Free Palestine, Free Congo<\/a>, Free Soudan\u2019\u00bb, \u00e9gr\u00e8ne-t-elle, ovationn\u00e9e par la foule.<\/p>\n<p class=\" wall-content\"><strong>Porte-drapeaux historiques<\/strong> des luttes LGBT, la pratique du drag trouve son origine dans le militantisme. Ce qui vaut parfois aux artistes d\u2019\u00eatre <strong>harcel\u00e9s<\/strong> et <strong>menac\u00e9s de mort<\/strong> par ceux qui remettent en cause leurs existences. Sur les r\u00e9seaux sociaux, les attaques envers les queen de la saison All Stars ont pullul\u00e9. Quand les parents des finalistes sont invit\u00e9s \u00e0 prendre le micro pour un mot d\u2019encouragement, l\u2019\u00e9motion est \u00e0 son comble dans la salle.<\/p>\n<p class=\" wall-content\">\u00ab\u2009Je t\u2019aime et je te soutiens\u2009\u00bb, \u00ab\u2009je suis fi\u00e8re de toi\u2009\u00bb, \u00ab\u2009je n\u2019aimerais pas avoir quelqu\u2019un d\u2019autre que toi comme enfant\u2009\u00bb, entend-on. La <strong>sc\u00e8ne est cathartique<\/strong> pour l\u2019auditoire. Quelques minutes plus t\u00f4t, un magn\u00e9to r\u00e9sumait les parcours traumatiques des anciennes candidates. \u00ab\u2009Quand j\u2019ai dit \u00e0 mes parents que j\u2019\u00e9tais gay, ma m\u00e8re m\u2019a dit \u2018tu vas venir \u00e0 la maison, je vais te soigner\u2019\u00bb, t\u00e9moigne <a href=\"https:\/\/actu.fr\/provence-alpes-cote-d-azur\/nice_06088\/drag-race-france-qui-est-ginger-bitch-la-drag-queen-qui-represente-nice_60101798.html#:~:text=Ginger%20Bitch%20%3A%20Ginger%20Bitch%20c,elle%20est%20juste%20plus%20extravagante.\" target=\"_blank\" rel=\"noopener\">Ginger Bitch<\/a> (saison 2). Sur le grand \u00e9cran, La Grande Dame, <a href=\"https:\/\/actu.fr\/ile-de-france\/paris_75056\/a-table-avec-la-big-bertha-drag-queen-iconique-desormais-cheffe-de-son-restaurant-a-paris_60205375.html\" target=\"_blank\" rel=\"noopener\">La Big Bertha<\/a>, Moon et <a href=\"https:\/\/actu.fr\/ile-de-france\/paris_75056\/drag-race-france-3-introvertie-et-poetique-qui-est-lula-strega-candidate-qui-represente-paris_61119611.html\" target=\"_blank\" rel=\"noopener\">Lula Strega<\/a> racontent les agressions dont elles ont \u00e9t\u00e9 victimes.<\/p>\n<p>Le fl\u00e9au du harc\u00e8lement sur les r\u00e9seaux sociaux<\/p>\n<p class=\" wall-content\">Au cours de cette saison, le harc\u00e8lement sur les r\u00e9seaux sociaux est aussi venu des fans de l\u2019\u00e9mission. Apr\u00e8s le snatch game, La Big Bertha est all\u00e9e jusqu\u2019\u00e0 faire un communiqu\u00e9 alors qu\u2019elle \u00e9tait accus\u00e9e de grossophobie et les tenues de Piche ont r\u00e9veill\u00e9 les plus bas instincts des twittos. \u00c9vinc\u00e9e \u00e0 l\u2019issue d\u2019un <strong>lipsync contre Elips<\/strong>, la rappeuse a tenu \u00e0 mettre les choses au clair\u2009: \u00ab\u2009Je veux faire r\u00eaver les gens et m\u00eame si je ne suis pas dans les codes, <strong>je fais le drag que j\u2019aime et j\u2019en suis fi\u00e8re<\/strong>\u2009\u00bb, ajoutant que m\u00eame si elle semblait avoir le cuir solide, les menaces qui p\u00e8sent sur elle la bouleversent.<\/p>\n<p class=\" wall-content\">\u00ab\u2009On sait aussi \u00eatre heureux. On peut avoir<strong> une vie pleine d\u2019amour<\/strong> et de joie et \u00e0 ceux qui sont contre nous, qui pensent qu\u2019on ne devrait pas \u00eatre l\u00e0, je ne leur dis qu\u2019une chose \u2018coucou\u2019\u00bb, sourit Nicky Doll, bouclant ainsi la s\u00e9quence sur une note d\u2019espoir.<\/p>\n<p>    <img   decoding=\"async\" loading=\"lazy\" src=\"https:\/\/www.europesays.com\/fr\/wp-content\/uploads\/2025\/08\/design-sans-titre-14-960x640.jpg\" alt=\"Plus d'un millier de personnes ont pu assister au couronnement de la gagnante de Drag Race France All Stars.\" width=\"960\" height=\"640\"\/><br \/>\n    Plus d\u2019un millier de personnes ont pu assister au couronnement de la gagnante de Drag Race France All Stars. (\u00a9MAM \/ actu Paris)<\/p>\n<p class=\" wall-content\">Sur sc\u00e8ne la comp\u00e9tition reprend. Apr\u00e8s avoir assist\u00e9 \u00e0 un duel entre un clown couture (Elips) et une joueuse de tennis sexy (Piche) sur Born to be alive, le public fr\u00f4le l\u2019hyst\u00e9rie\u00a0lorsque les premi\u00e8res notes de<strong> Kongolese sous BBL de Theodora<\/strong> se font entendre.<\/p>\n<p>\u00ab\u2009\u00c7a va \u00eatre serr\u00e9\u2009\u00bb<\/p>\n<p class=\" wall-content\">Sous les projecteurs, Misty Phoenix et Mami Watta <strong>se d\u00e9hanchent et se d\u00e9nudent<\/strong> en rythme. Mami Watta sort victorieuse du duel. \u00ab\u2009\u00c7a va \u00eatre serr\u00e9\u2009\u00bb, r\u00e9agit Mathis \u00e0 l\u2019annonce des deux finalistes.<\/p>\n<p class=\" wall-content\">La clameur de la foule remplace le hit de la laur\u00e9ate de la <a href=\"https:\/\/actu.fr\/ile-de-france\/paris_75056\/avec-les-flammes-les-rappeurs-obtiennent-leur-revanche-sur-les-victoires-de-la-musique_59563884.html\" target=\"_blank\" rel=\"noopener\">Flamme 2025<\/a> de la r\u00e9v\u00e9lation f\u00e9minine. \u00ab\u2009Mami, Elips, Mami, Elips, Mami, Elips\u2009!\u2009\u00bb Silence. Action. Sur un grand \u00e9cran, <strong>Lady Gaga appara\u00eet<\/strong>. \u00ab\u2009Bon courage et ne merdez pas\u2009\u00bb, lance la star. Abracadabra, le morceau qui a sign\u00e9 en 2025 le retour de l\u2019ic\u00f4ne am\u00e9ricaine, retentit et les deux artistes brillent, dansent, jouent la com\u00e9die pour cette derni\u00e8re \u00e9preuve. Toutes deux mettent ainsi un point final \u00e0 la comp\u00e9tition.<\/p>\n<p class=\" wall-content\">Mami est la premi\u00e8re \u00e0 \u00eatre couronn\u00e9e. Elle d\u00e9file, victorieuse et fi\u00e8re sur le runway. <a href=\"https:\/\/actu.fr\/ile-de-france\/paris_75056\/y-paris-la-jeune-marque-derriere-la-couronne-de-drag-race-france_60002696.html\" target=\"_blank\" rel=\"noopener\">Couronne sur la t\u00eate<\/a>, sceptre \u00e0 la main et <strong>30\u2009000\u00a0euros \u00e0 la cl\u00e9<\/strong>, elle semble \u00eatre un instant la reine du monde. Puis vient le tour d\u2019Elipse. La Bordelaise parvient \u00e0 feindre la victoire et l\u2019\u00e9motion. Le port de t\u00eate altier, elle d\u00e9file \u00e0 son tour sous les yeux des candidates de sa saison. Enfin, Nicky reprend la couronne et salue une derni\u00e8re fois le public apr\u00e8s avoir gliss\u00e9 une menace \u00e0 peine voil\u00e9e\u2009: \u00ab\u2009On a des drones dans la salle. Si je vois la moindre photo, la moindre vid\u00e9o sur les r\u00e9seaux, je sais o\u00f9 habite votre m\u00e8re.\u2009\u00bb<\/p>\n<p class=\" wall-content\">Fin de tournage. Mathis et Camille sortent vite de la salle pour attraper le dernier m\u00e9tro. Il est 23h50 et la France vient de sacrer sa nouvelle reine, Mami Watta.<\/p>\n<p class=\" wall-content\">Personnalisez votre actualit\u00e9 en ajoutant vos villes et m\u00e9dias en favori avec <a href=\"https:\/\/moncompte.actu.fr\" title=\"D\u00e9couvez Mon Actu\" rel=\"nofollow noopener\" data-trk=\"{&quot;cta&quot;:{&quot;action&quot;:&quot;https:\\\/\\\/moncompte.actu.fr&quot;,&quot;category&quot;:&quot;mon compte&quot;,&quot;from&quot;:&quot;article footer&quot;,&quot;name&quot;:&quot;Mon actu&quot;,&quot;type&quot;:&quot;cta&quot;}}\" target=\"_blank\">Mon Actu<\/a>.<\/p>\n","protected":false},"excerpt":{"rendered":"Par Marie Amelie Marchal Publi\u00e9 le 29 ao\u00fbt 2025 \u00e0 6h04 Talons qui claquent sur le macadam, paillettes&hellip;\n","protected":false},"author":2,"featured_media":351362,"comment_status":"","ping_status":"","sticky":false,"template":"","format":"standard","meta":{"footnotes":""},"categories":[1888],"tags":[1111,1928,11,1927,26643,1777,674,1011,27,1652,12,1926,15955,626,1925,25,252],"class_list":{"0":"post-351361","1":"post","2":"type-post","3":"status-publish","4":"format-standard","5":"has-post-thumbnail","7":"category-paris","8":"tag-actu","9":"tag-actu-paris","10":"tag-actualites","11":"tag-actualites-paris","12":"tag-drag-race-france","13":"tag-eu","14":"tag-europe","15":"tag-fr","16":"tag-france","17":"tag-loisirs-culture","18":"tag-news","19":"tag-news-paris","20":"tag-olympia","21":"tag-paris","22":"tag-paris-news","23":"tag-republique-francaise","24":"tag-television"},"share_on_mastodon":{"url":"https:\/\/pubeurope.com\/@fr\/115110142680466233","error":""},"_links":{"self":[{"href":"https:\/\/www.europesays.com\/fr\/wp-json\/wp\/v2\/posts\/351361","targetHints":{"allow":["GET"]}}],"collection":[{"href":"https:\/\/www.europesays.com\/fr\/wp-json\/wp\/v2\/posts"}],"about":[{"href":"https:\/\/www.europesays.com\/fr\/wp-json\/wp\/v2\/types\/post"}],"author":[{"embeddable":true,"href":"https:\/\/www.europesays.com\/fr\/wp-json\/wp\/v2\/users\/2"}],"replies":[{"embeddable":true,"href":"https:\/\/www.europesays.com\/fr\/wp-json\/wp\/v2\/comments?post=351361"}],"version-history":[{"count":0,"href":"https:\/\/www.europesays.com\/fr\/wp-json\/wp\/v2\/posts\/351361\/revisions"}],"wp:featuredmedia":[{"embeddable":true,"href":"https:\/\/www.europesays.com\/fr\/wp-json\/wp\/v2\/media\/351362"}],"wp:attachment":[{"href":"https:\/\/www.europesays.com\/fr\/wp-json\/wp\/v2\/media?parent=351361"}],"wp:term":[{"taxonomy":"category","embeddable":true,"href":"https:\/\/www.europesays.com\/fr\/wp-json\/wp\/v2\/categories?post=351361"},{"taxonomy":"post_tag","embeddable":true,"href":"https:\/\/www.europesays.com\/fr\/wp-json\/wp\/v2\/tags?post=351361"}],"curies":[{"name":"wp","href":"https:\/\/api.w.org\/{rel}","templated":true}]}}