{"id":351363,"date":"2025-08-29T04:22:13","date_gmt":"2025-08-29T04:22:13","guid":{"rendered":"https:\/\/www.europesays.com\/fr\/351363\/"},"modified":"2025-08-29T04:22:13","modified_gmt":"2025-08-29T04:22:13","slug":"rachida-dati-est-investie-par-lr-et-se-retire-de-la-legislative-partielle-lexpress","status":"publish","type":"post","link":"https:\/\/www.europesays.com\/fr\/351363\/","title":{"rendered":"Rachida Dati est investie par LR et se retire de la l\u00e9gislative partielle \u2013 L&rsquo;Express"},"content":{"rendered":"<p class=\"paragraph article-body-paragraph article__item   article-body-paragraph--first \">Le <a href=\"https:\/\/www.lexpress.fr\/politique\/lr\/rachida-dati-face-a-michel-barnier-a-paris-le-poison-du-soupcon-avant-la-legislative-partielle-LBNV32G2AFH4NDCYWY77KSJDIY\/\" target=\"_self\" rel=\"noopener\" title=\"https:\/\/www.lexpress.fr\/politique\/lr\/rachida-dati-face-a-michel-barnier-a-paris-le-poison-du-soupcon-avant-la-legislative-partielle-LBNV32G2AFH4NDCYWY77KSJDIY\/\">duel fratricide<\/a> entre les LR Michel Barnier et Rachida Dati lors de la l\u00e9gislative partielle pr\u00e9vue les 21 et 28 septembre \u00e0 Paris n&rsquo;aura pas lieu. Le parti a officiellement d\u00e9sign\u00e9 ce jeudi 28 ao\u00fbt la ministre comme candidate \u00e0 la mairie en 2026. Rachida Dati retire ainsi sa candidature dissidente dans la 2e circonscription de la capitale, o\u00f9 le parti <a href=\"https:\/\/www.lexpress.fr\/politique\/lr\/legislative-partielle-rachida-dati-lance-la-bataille-de-paris-contre-michel-barnier-OHPOF6DIWVEVLN5IJVYQDVLCP4\/\" target=\"_self\" rel=\"noopener\" title=\"https:\/\/www.lexpress.fr\/politique\/lr\/legislative-partielle-rachida-dati-lance-la-bataille-de-paris-contre-michel-barnier-OHPOF6DIWVEVLN5IJVYQDVLCP4\/\">avait investi Michel Barnier.<\/a><\/p>\n<p class=\"paragraph article-body-paragraph article__item   \">\u00ab\u00a0A l&rsquo;unanimit\u00e9, les R\u00e9publicains ont investi Rachida Dati pour les municipales \u00e0 Paris\u00a0\u00bb de mars 2026 et \u00ab\u00a0Rachida Dati apportera son soutien \u00e0 Michel Barnier pour l&rsquo;\u00e9lection l\u00e9gislative partielle dans la 2e circonscription de Paris\u00a0\u00bb, \u00e9crit le parti dans un communiqu\u00e9. <\/p>\n<p class=\"paragraph article-body-paragraph article__item   \">Le s\u00e9nateur Francis Szpiner, qui briguait \u00e9galement l&rsquo;investiture pour les municipales, a retir\u00e9 sa candidature, a indiqu\u00e9 la porte-parole de LR, Agn\u00e8s Evren. \u00ab\u00a0La raison l&rsquo;a emport\u00e9\u00a0\u00bb pour \u00ab\u00a0un accord gagnant-gagnant\u00a0\u00bb, a-t-elle estim\u00e9 aupr\u00e8s de l&rsquo;AFP. <\/p>\n<p>Michel Barnier soutiendra Rachida Dati<\/p>\n<p class=\"paragraph article-body-paragraph article__item   \">\u00ab\u00a0Rachida Dati est d\u00e9sormais la candidate officiellement investie par Les R\u00e9publicains \u00e0 la mairie de Paris. Les efforts de l\u2019ensemble du mouvement seront orient\u00e9s pour faire gagner la liste de Rachida Dati et battre la gauche parisienne. Cette liste conduite par Rachida Dati comportera une majorit\u00e9 de candidats issus de LR en position \u00e9ligible et les responsables, \u00e9lus et militants LR qui s\u2019engageront publiquement \u00e0 ses c\u00f4t\u00e9s seront associ\u00e9s \u00e0 la campagne et \u00e0 l\u2019action municipale\u00a0\u00bb, \u00e9crit encore le parti.<\/p>\n<p><strong class=\"article-body-link-list__item text-gray-800 article-body-link-list__item--one-item\">LIRE AUSSI : <a class=\"article-body-link-list__item-link\" href=\"https:\/\/www.lexpress.fr\/politique\/rachida-dati-a-lassaut-de-paris-le-culot-comme-methode-les-macron-comme-parrains-H3DHPGALABERNJQCC6UBPNZ7RE\/\" target=\"_blank\" rel=\"noreferrer noopener\">Rachida Dati \u00e0 l\u2019assaut de Paris : le culot comme m\u00e9thode, les Macron comme parrains<\/a><\/strong><\/p>\n<p class=\"paragraph article-body-paragraph article__item   \">\u00ab\u00a0<a href=\"https:\/\/www.lexpress.fr\/politique\/michel-barnier-a-matignon-les-coulisses-le-plan-b-la-gaffe-de-bertrand-lechange-wauquiez-kohler-4QBPQ2TIIZD5PIMH4BPTPG7YYM\/\" target=\"_self\" rel=\"noopener\" title=\"https:\/\/www.lexpress.fr\/politique\/michel-barnier-a-matignon-les-coulisses-le-plan-b-la-gaffe-de-bertrand-lechange-wauquiez-kohler-4QBPQ2TIIZD5PIMH4BPTPG7YYM\/\">Michel Barnier<\/a>, qui ne s\u2019engagera pas dans l\u2019\u00e9lection municipale de 2026, soutiendra Rachida Dati dans cette campagne. Rachida Dati apportera son soutien \u00e0 Michel Barnier pour l\u2019\u00e9lection l\u00e9gislative partielle dans la 2\u00e8me circonscription de Paris\u00a0\u00bb, conclut LR. Dans la foul\u00e9e, Michel Barnier a annonc\u00e9 que sa suppl\u00e9ante serait Florence Berthout, maire (Horizons) du 5e arrondissement, particuli\u00e8rement crucial dans cette \u00e9lection.<\/p>\n<p>Rachida Dati \u00ab\u00a0voulait \u00eatre rassur\u00e9e\u00a0\u00bb<\/p>\n<p class=\"paragraph article-body-paragraph article__item   \">La veille, un dirigeant de LR avait indiqu\u00e9 \u00e0 l&rsquo;AFP qu&rsquo;un accord devait emp\u00eacher un duel entre la ministre de la Culture et l&rsquo;ancien Premier ministre Michel Barnier. Rachida Dati \u00ab\u00a0voulait \u00eatre rassur\u00e9e pour qu&rsquo;elle soit bien la candidate de LR aux municipales \u00e0 Paris\u00a0\u00bb, avait expliqu\u00e9 ce responsable. Ce dernier avait \u00e9voqu\u00e9 un accord pour qu&rsquo;elle retire sa candidature et laisse Michel Barnier se pr\u00e9senter seul dans la 2e circonscription de Paris, un bastion de la droite menac\u00e9 l&rsquo;an dernier par une candidate du PS. <\/p>\n<p><strong class=\"article-body-link-list__item text-gray-800 article-body-link-list__item--one-item\">LIRE AUSSI : <a class=\"article-body-link-list__item-link\" href=\"https:\/\/www.lexpress.fr\/economie\/politique-economique\/francois-bayrou-face-a-la-dette-le-pari-tragique-dun-premier-ministre-que-personne-necoute-KSHZHCYNPFHG5JO5RN6FFQULNQ\/\" target=\"_blank\" rel=\"noreferrer noopener\">Fran\u00e7ois Bayrou face \u00e0 la dette : le pari tragique d\u2019un Premier ministre que personne n\u2019\u00e9coute<\/a><\/strong><\/p>\n<p class=\"paragraph article-body-paragraph article__item   \">Dans un entretien \u00e0 la Tribune Dimanche, Rachida Dati avait r\u00e9it\u00e9r\u00e9 le week-end dernier son intention de maintenir sa candidature. La maire LR du 7e arrondissement n&rsquo;avait pas appr\u00e9ci\u00e9 l&rsquo;annonce de la candidature de Michel Barnier, qu&rsquo;elle avait qualifi\u00e9e d'\u00a0\u00bbinstrumentalis\u00e9e\u00a0\u00bb, dans cette circonscription o\u00f9 l&rsquo;\u00e9lection du d\u00e9put\u00e9 macroniste Jean Laussucq a \u00e9t\u00e9 invalid\u00e9e par le Conseil constitutionnel pour irr\u00e9gularit\u00e9s dans ses comptes de campagne. <\/p>\n<p>Agenda judiciaire<\/p>\n<p class=\"paragraph article-body-paragraph article__item   \">Exclue des R\u00e9publicains en 2024 apr\u00e8s avoir \u00e9t\u00e9 recrut\u00e9e en janvier 2024 par la macronie pour <a href=\"https:\/\/www.lexpress.fr\/politique\/gouvernement-bayrou-marc-ferracci-rachida-dati-les-ministres-qui-ont-le-plus-gros-patrimoine-SNTC474OEFB2LDO2QDKSSI2GT4\/\" target=\"_self\" rel=\"noopener\" title=\"https:\/\/www.lexpress.fr\/politique\/gouvernement-bayrou-marc-ferracci-rachida-dati-les-ministres-qui-ont-le-plus-gros-patrimoine-SNTC474OEFB2LDO2QDKSSI2GT4\/\">entrer dans le gouvernement de Gabriel Attal <\/a>comme ministre de la Culture, Rachida Dati a repris sa carte chez LR.<\/p>\n<p><strong class=\"article-body-link-list__item text-gray-800 article-body-link-list__item--one-item\">LIRE AUSSI : <a class=\"article-body-link-list__item-link\" href=\"https:\/\/www.lexpress.fr\/politique\/francois-bayrou-menace-la-france-ankylosee-la-promesse-dune-rentree-en-apnee-XENUHFS3IBFT3PA5V2KFTHIETU\/\" target=\"_blank\" rel=\"noreferrer noopener\">Fran\u00e7ois Bayrou menac\u00e9, la France ankylos\u00e9e : la promesse d\u2019une rentr\u00e9e en apn\u00e9e<\/a><\/strong><\/p>\n<p class=\"paragraph article-body-paragraph article__item   \">A ce calendrier \u00e9lectoral, Rachida Dati, 59 ans, doit faire correspondre son agenda judiciaire: elle a \u00e9t\u00e9 renvoy\u00e9e le 22 juillet en proc\u00e8s pour <a href=\"https:\/\/www.lexpress.fr\/societe\/justice\/affaire-renault-nissan-rachida-dati-et-carlos-ghosn-renvoyes-en-proces-pour-corruption-FOJQPFKM65GJDA64TMXWVYQIOI\/\" target=\"_self\" rel=\"noopener\" title=\"https:\/\/www.lexpress.fr\/societe\/justice\/affaire-renault-nissan-rachida-dati-et-carlos-ghosn-renvoyes-en-proces-pour-corruption-FOJQPFKM65GJDA64TMXWVYQIOI\/\">corruption et trafic d&rsquo;influence<\/a>, soup\u00e7onn\u00e9e d&rsquo;avoir per\u00e7u 900.000 euros entre 2010 et 2012 pour des prestations de conseil avec une filiale de l&rsquo;alliance Renault-Nissan mais sans avoir r\u00e9ellement travaill\u00e9, alors qu&rsquo;elle \u00e9tait avocate et d\u00e9put\u00e9e europ\u00e9enne. Elle a fait appel de la d\u00e9cision. La date pr\u00e9cise du proc\u00e8s devrait \u00eatre fix\u00e9e lors d&rsquo;une premi\u00e8re audience pr\u00e9vue le 29 septembre.<\/p>\n","protected":false},"excerpt":{"rendered":"Le duel fratricide entre les LR Michel Barnier et Rachida Dati lors de la l\u00e9gislative partielle pr\u00e9vue les&hellip;\n","protected":false},"author":2,"featured_media":351364,"comment_status":"","ping_status":"","sticky":false,"template":"","format":"standard","meta":{"footnotes":""},"categories":[1888],"tags":[1111,1928,11,1927,1777,674,1011,27,3228,12,1926,626,1925,316,25],"class_list":{"0":"post-351363","1":"post","2":"type-post","3":"status-publish","4":"format-standard","5":"has-post-thumbnail","7":"category-paris","8":"tag-actu","9":"tag-actu-paris","10":"tag-actualites","11":"tag-actualites-paris","12":"tag-eu","13":"tag-europe","14":"tag-fr","15":"tag-france","16":"tag-lr","17":"tag-news","18":"tag-news-paris","19":"tag-paris","20":"tag-paris-news","21":"tag-politique","22":"tag-republique-francaise"},"share_on_mastodon":{"url":"https:\/\/pubeurope.com\/@fr\/115110146436066771","error":""},"_links":{"self":[{"href":"https:\/\/www.europesays.com\/fr\/wp-json\/wp\/v2\/posts\/351363","targetHints":{"allow":["GET"]}}],"collection":[{"href":"https:\/\/www.europesays.com\/fr\/wp-json\/wp\/v2\/posts"}],"about":[{"href":"https:\/\/www.europesays.com\/fr\/wp-json\/wp\/v2\/types\/post"}],"author":[{"embeddable":true,"href":"https:\/\/www.europesays.com\/fr\/wp-json\/wp\/v2\/users\/2"}],"replies":[{"embeddable":true,"href":"https:\/\/www.europesays.com\/fr\/wp-json\/wp\/v2\/comments?post=351363"}],"version-history":[{"count":0,"href":"https:\/\/www.europesays.com\/fr\/wp-json\/wp\/v2\/posts\/351363\/revisions"}],"wp:featuredmedia":[{"embeddable":true,"href":"https:\/\/www.europesays.com\/fr\/wp-json\/wp\/v2\/media\/351364"}],"wp:attachment":[{"href":"https:\/\/www.europesays.com\/fr\/wp-json\/wp\/v2\/media?parent=351363"}],"wp:term":[{"taxonomy":"category","embeddable":true,"href":"https:\/\/www.europesays.com\/fr\/wp-json\/wp\/v2\/categories?post=351363"},{"taxonomy":"post_tag","embeddable":true,"href":"https:\/\/www.europesays.com\/fr\/wp-json\/wp\/v2\/tags?post=351363"}],"curies":[{"name":"wp","href":"https:\/\/api.w.org\/{rel}","templated":true}]}}