{"id":351365,"date":"2025-08-29T04:23:14","date_gmt":"2025-08-29T04:23:14","guid":{"rendered":"https:\/\/www.europesays.com\/fr\/351365\/"},"modified":"2025-08-29T04:23:14","modified_gmt":"2025-08-29T04:23:14","slug":"pantin-une-femme-echappe-a-son-ex-conjoint-violent-grace-au-bracelet-antirapprochement","status":"publish","type":"post","link":"https:\/\/www.europesays.com\/fr\/351365\/","title":{"rendered":"Pantin\u00a0: une femme \u00e9chappe \u00e0 son ex-conjoint violent gr\u00e2ce au bracelet antirapprochement"},"content":{"rendered":"<p class=\"paragraph text_align_left lp-f-body-02\">Une fois de plus, <a href=\"https:\/\/www.leparisien.fr\/faits-divers\/violences-conjugales-les-interventions-liees-au-bracelet-anti-rapprochement-ont-ete-multipliees-par-trois-en-2023-01-02-2024-NYFK3VM2BBHEVEPGQ2GQCO3JAY.php\" target=\"_self\" rel=\"noopener\">le bracelet antirapprochement (BAR) <\/a>a jou\u00e9 son r\u00f4le de bouclier protecteur pour une femme aux prises avec un ex-conjoint venu l\u2019agresser \u00e0 son domicile. Et un f\u00e9minicide a peut-\u00eatre \u00e9t\u00e9 \u00e9vit\u00e9 ce mercredi soir, \u00e0<a href=\"https:\/\/www.leparisien.fr\/seine-saint-denis-93\/pantin-93500\/\" target=\"_self\" rel=\"noopener\"> Pantin <\/a>(Seine-Saint-Denis).<\/p>\n<p class=\"paragraph text_align_left lp-f-body-02\">L\u2019alerte est donn\u00e9e vers 18 heures. Un BAR vient d\u2019\u00eatre d\u00e9clench\u00e9 dans le quartier du Port. Le signalement arrive au poste de commandement de la police nationale. Une patrouille est mobilis\u00e9e en urgence comme le veut la proc\u00e9dure en cas de violences conjugales. \u00ab Notre temps d\u2019intervention est inf\u00e9rieur \u00e0 cinq minutes \u00bb, indique un policier.<\/p>\n","protected":false},"excerpt":{"rendered":"Une fois de plus, le bracelet antirapprochement (BAR) a jou\u00e9 son r\u00f4le de bouclier protecteur pour une femme&hellip;\n","protected":false},"author":2,"featured_media":351366,"comment_status":"","ping_status":"","sticky":false,"template":"","format":"standard","meta":{"footnotes":""},"categories":[1888],"tags":[11,1777,674,118,1011,27,1944,12,626,25,1945],"class_list":{"0":"post-351365","1":"post","2":"type-post","3":"status-publish","4":"format-standard","5":"has-post-thumbnail","7":"category-paris","8":"tag-actualites","9":"tag-eu","10":"tag-europe","11":"tag-faits-divers","12":"tag-fr","13":"tag-france","14":"tag-ma-ville","15":"tag-news","16":"tag-paris","17":"tag-republique-francaise","18":"tag-seine-saint-denis"},"share_on_mastodon":{"url":"https:\/\/pubeurope.com\/@fr\/115110150565594876","error":""},"_links":{"self":[{"href":"https:\/\/www.europesays.com\/fr\/wp-json\/wp\/v2\/posts\/351365","targetHints":{"allow":["GET"]}}],"collection":[{"href":"https:\/\/www.europesays.com\/fr\/wp-json\/wp\/v2\/posts"}],"about":[{"href":"https:\/\/www.europesays.com\/fr\/wp-json\/wp\/v2\/types\/post"}],"author":[{"embeddable":true,"href":"https:\/\/www.europesays.com\/fr\/wp-json\/wp\/v2\/users\/2"}],"replies":[{"embeddable":true,"href":"https:\/\/www.europesays.com\/fr\/wp-json\/wp\/v2\/comments?post=351365"}],"version-history":[{"count":0,"href":"https:\/\/www.europesays.com\/fr\/wp-json\/wp\/v2\/posts\/351365\/revisions"}],"wp:featuredmedia":[{"embeddable":true,"href":"https:\/\/www.europesays.com\/fr\/wp-json\/wp\/v2\/media\/351366"}],"wp:attachment":[{"href":"https:\/\/www.europesays.com\/fr\/wp-json\/wp\/v2\/media?parent=351365"}],"wp:term":[{"taxonomy":"category","embeddable":true,"href":"https:\/\/www.europesays.com\/fr\/wp-json\/wp\/v2\/categories?post=351365"},{"taxonomy":"post_tag","embeddable":true,"href":"https:\/\/www.europesays.com\/fr\/wp-json\/wp\/v2\/tags?post=351365"}],"curies":[{"name":"wp","href":"https:\/\/api.w.org\/{rel}","templated":true}]}}