{"id":351369,"date":"2025-08-29T04:25:14","date_gmt":"2025-08-29T04:25:14","guid":{"rendered":"https:\/\/www.europesays.com\/fr\/351369\/"},"modified":"2025-08-29T04:25:14","modified_gmt":"2025-08-29T04:25:14","slug":"linterminable-lutte-de-stepan-de-la-repression-en-russie-a-la-lenteur-administrative-en-france","status":"publish","type":"post","link":"https:\/\/www.europesays.com\/fr\/351369\/","title":{"rendered":"L&rsquo;interminable lutte de Stepan, de la r\u00e9pression en Russie \u00e0 la lenteur administrative en France"},"content":{"rendered":"<p class=\"wp-block-post-excerpt__excerpt\">Stepan, 25 ans, a quitt\u00e9 la Russie en 2022 apr\u00e8s avoir protest\u00e9 contre l\u2019invasion de l\u2019Ukraine. Trois ans apr\u00e8s son arriv\u00e9e en France, il t\u00e9moigne de sa fatigue administrative, en attente de son titre de voyage depuis janvier 2025. <\/p>\n<p><a href=\"https:\/\/www.rue89strasbourg.com\/category\/premium\" rel=\"tag noopener\" target=\"_blank\">\u00c9dition abonn\u00e9s<\/a>, <a href=\"https:\/\/www.rue89strasbourg.com\/category\/interview\" rel=\"tag noopener\" target=\"_blank\">Interview<\/a><\/p>\n<p>Lucie Dradem<\/p>\n<p>Publi\u00e9 le 29 ao\u00fbt 2025\u00a0\u00a0\u00b7\u00a0\u00a0<\/p>\n<p>Imprim\u00e9 le 29 ao\u00fbt 2025 \u00e0 06h25\u00a0\u00a0\u00b7\u00a0\u00a0<\/p>\n<p>\t\t\t\t\t5\u00a0minutes\n<\/p>\n<p>\u00ab\u00a0J\u2019ai tout essay\u00e9\u00a0\u00bb, commence l\u2019\u00e9tudiant de 25 ans, qui d\u00e9bute bient\u00f4t sa troisi\u00e8me ann\u00e9e d\u2019\u00e9tude \u00e0 la Haute \u00e9cole des arts du Rhin (HEAR). \u00ab\u00a0J\u2019ai m\u00eame demand\u00e9 de l\u2019aide au directeur de la HEAR, mais il n\u2019a rien pu faire.\u00a0\u00bb Fin juin 2025, Stepan, r\u00e9fugi\u00e9 russe, attend depuis bient\u00f4t sept mois son titre de voyage pour avoir l\u2019autorisation de sortir de France. Mais il est sans nouvelle de la pr\u00e9fecture du Bas-Rhin sur l\u2019avanc\u00e9e de son dossier. \u00c0 bout, il envoie un courriel \u00e0 tous les \u00e9tudiants de l\u2019institution : \u00ab\u00a0Le 4 juillet, je vais mener une action individuelle devant la pr\u00e9fecture du Bas-Rhin.\u00a0\u00bb<\/p>\n<p>\u00c0 quatre reprises au mois de juillet, les jeudis, de 11h \u00e0 13h, Stepan r\u00e9p\u00e8te alors un piquet de gr\u00e8ve contre la lenteur administrative de la pr\u00e9fecture. Il ajoute dans son courriel \u00e0 ses camarades\u00a0:<\/p>\n<blockquote class=\"wp-block-quote is-layout-flow wp-block-quote-is-layout-flow\">\n<p>\u00ab\u00a0Si m\u00eame cela ne donne aucun r\u00e9sultat, je serai contraint de passer \u00e0 une forme de protestation plus radicale\u00a0: m\u2019attacher avec des menottes aux portes de la pr\u00e9fecture. Je suis d\u00e9sol\u00e9 d\u2019en arriver l\u00e0 mais mes droits ne sont pas une blague.\u00a0\u00bb<\/p>\n<\/blockquote>\n<p>Il n\u2019en arrivera pas jusque l\u00e0. Le 21 ao\u00fbt, assis \u00e0 une terrasse de caf\u00e9, le r\u00e9fugi\u00e9 russe encha\u00eene les cigarettes. Il reconna\u00eet que son piquet de gr\u00e8ve n\u2019a eu aucun effet. \u00ab\u00a0Me voir avec mon panneau devant la pr\u00e9fecture faisait rire les agents.\u00a0\u00bb R\u00e9sign\u00e9, il t\u00e9moigne de sa longue lutte administrative, qui dure depuis son arriv\u00e9e en France, en d\u00e9cembre 2022.<\/p>\n<p><img loading=\"lazy\" decoding=\"async\" width=\"565\" height=\"753\" src=\"https:\/\/www.europesays.com\/fr\/wp-content\/uploads\/2025\/08\/ee704f7c-0e7d-47ed-b16b-7aa7e85905b8.jpg\" alt=\"\" class=\"wp-image-357188\" style=\"width:565px;height:auto\"  \/> Stepan en pleine action contre la pr\u00e9fecture du Bas-Rhin, le 4 juillet 2025.Photo\u00a0: Document remis<\/p>\n<p class=\"has-primary-color has-text-color\">\n\t\t\t<strong> Cet article fait partie de l\u2019\u00e9dition abonn\u00e9s.<\/strong><br \/>\n\t\t\t| D\u00e9j\u00e0 abonn\u00e9\u00a0?<br \/>\n\t\t\t<a href=\"https:\/\/www.rue89strasbourg.com\/user\/connexion\" data-type=\"page\" data-id=\"116070\" target=\"_blank\" rel=\"noopener\">Connectez-vous<\/a>\n\t\t<\/p>\n<p>Abonnez-vous maintenant pour poursuivre votre lecture<\/p>\n<p><img loading=\"lazy\" decoding=\"async\" width=\"1206\" height=\"1241\" src=\"https:\/\/www.europesays.com\/fr\/wp-content\/uploads\/2025\/04\/04-paywall.png\" alt=\"Abonnez-vous\" class=\"wp-image-282314\" style=\"aspect-ratio:0.9717969379532635;width:281px;height:auto\"  \/><\/p>\n<p>\t\t\t<a href=\"https:\/\/www.rue89strasbourg.com\/\" class=\"custom-logo-link\" rel=\"home noopener\" target=\"_blank\"><img loading=\"lazy\" decoding=\"async\" width=\"290\" height=\"62\" src=\"https:\/\/www.europesays.com\/fr\/wp-content\/uploads\/2025\/04\/1743975279_388_logo.png\" class=\"custom-logo\" alt=\"Rue89 Strasbourg Enqu\u00eates et informations locales\"  \/><\/a><\/p>\n<p>\n\t\t\t\tAbonnez-vous maintenant pour suivre l\u2019actualit\u00e9 locale.\t\t\t<\/p>\n<p class=\"font-bold font-serif-heading mb-2 text-4xl\">\n\t\t\t\t\t\tL\u2019investigation locale \u00e0 port\u00e9e de main.\n\t\t\t\t\t<\/p>\n<p>\n\t\t\t\t\t\tAbonnez-vous et profitez d\u2019un acc\u00e8s illimit\u00e9 \u00e0 Rue89 Strasbourg. Annulez quand vous voulez.\n\t\t\t\t\t<\/p>\n<p class=\"xl:text-sm\">\n\t\t\t\t\tD\u00e9j\u00e0 abonn\u00e9\u00a0?<br \/>\n\t\t\t\t\t<a class=\"border border-transparent text-center transition-colors duration-instant focus:border-info focus:rounded focus:shadow-focus cursor-pointer text-black hover:text-gray-700 active:bg-black-700 font-semibold inline-block\" href=\"https:\/\/www.rue89strasbourg.com\/user\/connexion?redirect=\/stepan-russie-lenteur-administrative-france-356936\" target=\"_blank\" rel=\"noopener\">Connectez-vous<\/a>\t\t\t\t<\/p>\n<p>\n\t\t\t\tChoisissez votre formule\u00a0:\n\t\t\t<\/p>\n<p>\t\t\t\tFermer<\/p>\n","protected":false},"excerpt":{"rendered":"Stepan, 25 ans, a quitt\u00e9 la Russie en 2022 apr\u00e8s avoir protest\u00e9 contre l\u2019invasion de l\u2019Ukraine. Trois ans&hellip;\n","protected":false},"author":2,"featured_media":351370,"comment_status":"","ping_status":"","sticky":false,"template":"","format":"standard","meta":{"footnotes":""},"categories":[1591],"tags":[11,18506,6379,1887,12,48804,6338,1885,1886,132],"class_list":{"0":"post-351369","1":"post","2":"type-post","3":"status-publish","4":"format-standard","5":"has-post-thumbnail","7":"category-russie","8":"tag-actualites","9":"tag-administration","10":"tag-etudiants","11":"tag-federation-de-russie","12":"tag-news","13":"tag-parcours-de-migrants","14":"tag-prefecture-du-bas-rhin","15":"tag-russia","16":"tag-russian-federation","17":"tag-russie"},"share_on_mastodon":{"url":"https:\/\/pubeurope.com\/@fr\/115110158434055823","error":""},"_links":{"self":[{"href":"https:\/\/www.europesays.com\/fr\/wp-json\/wp\/v2\/posts\/351369","targetHints":{"allow":["GET"]}}],"collection":[{"href":"https:\/\/www.europesays.com\/fr\/wp-json\/wp\/v2\/posts"}],"about":[{"href":"https:\/\/www.europesays.com\/fr\/wp-json\/wp\/v2\/types\/post"}],"author":[{"embeddable":true,"href":"https:\/\/www.europesays.com\/fr\/wp-json\/wp\/v2\/users\/2"}],"replies":[{"embeddable":true,"href":"https:\/\/www.europesays.com\/fr\/wp-json\/wp\/v2\/comments?post=351369"}],"version-history":[{"count":0,"href":"https:\/\/www.europesays.com\/fr\/wp-json\/wp\/v2\/posts\/351369\/revisions"}],"wp:featuredmedia":[{"embeddable":true,"href":"https:\/\/www.europesays.com\/fr\/wp-json\/wp\/v2\/media\/351370"}],"wp:attachment":[{"href":"https:\/\/www.europesays.com\/fr\/wp-json\/wp\/v2\/media?parent=351369"}],"wp:term":[{"taxonomy":"category","embeddable":true,"href":"https:\/\/www.europesays.com\/fr\/wp-json\/wp\/v2\/categories?post=351369"},{"taxonomy":"post_tag","embeddable":true,"href":"https:\/\/www.europesays.com\/fr\/wp-json\/wp\/v2\/tags?post=351369"}],"curies":[{"name":"wp","href":"https:\/\/api.w.org\/{rel}","templated":true}]}}