{"id":351379,"date":"2025-08-29T04:30:11","date_gmt":"2025-08-29T04:30:11","guid":{"rendered":"https:\/\/www.europesays.com\/fr\/351379\/"},"modified":"2025-08-29T04:30:11","modified_gmt":"2025-08-29T04:30:11","slug":"cest-desormais-a-votre-tour-la-france-detre-lenfant-malade-de-leurope","status":"publish","type":"post","link":"https:\/\/www.europesays.com\/fr\/351379\/","title":{"rendered":"C\u2019est d\u00e9sormais \u00e0 votre tour, la France, d\u2019\u00eatre l\u2019\u201cenfant malade de l\u2019Europe\u201d"},"content":{"rendered":"\n<p>Nous, les Italiens, avec nos gouvernements boiteux et nos finances pr\u00e9caires, \u00e9tions habitu\u00e9s \u00e0 tenir le r\u00f4le d\u2019\u201cenfant malade de l\u2019Europe\u201d. Le symbole de notre malheur, c\u2019\u00e9tait le sourire suffisant d\u2019Angela Merkel et de Nicolas Sarkozy pendant que les BTP [obligations d\u2019\u00c9tat italiennes] d\u00e9vissaient et que le spread [l\u2019\u00e9cart entre le taux d\u2019int\u00e9r\u00eat exig\u00e9 de l\u2019Italie et l\u2019\u00e9talon de r\u00e9f\u00e9rence \u2013 en l\u2019occurrence l\u2019Allemagne] tutoyait les sommets. Seulement voil\u00e0, les choses changent et, cette fois, c\u2019est l\u2019arrogance fran\u00e7aise, incarn\u00e9e par Macron, qui se retrouve sur le banc des accus\u00e9s.<\/p>\n<p>En annon\u00e7ant un vote de confiance suicidaire pr\u00e9vu le 8\u00a0septembre, le gouvernement vient officiellement d\u2019entrer en salle de r\u00e9animation. Fran\u00e7ois Bayrou, Premier ministre priv\u00e9 de majorit\u00e9, a choisi de jouer \u00e0 la roulette russe\u00a0: demander le feu vert de l\u2019Assembl\u00e9e pour un plan de 44\u00a0milliards d\u2019euros de coupes budg\u00e9taires. Dommage que le compte n\u2019y soit pas et que les march\u00e9s l\u2019aient bien compris\u00a0: le CAC40 d\u00e9croche (\u2212\u00a01,5\u00a0%, apr\u00e8s \u2212\u00a01,6\u00a0% la veille) et les actions fran\u00e7aises font le plongeon.<\/p>\n<p>Les agences de notation n\u2019ont pas tard\u00e9 \u00e0 \u00e9pingler une nouvelle fois la dette fran\u00e7aise. Moody\u2019s et Fitch avaient d\u00e9j\u00e0 l\u2019Hexagone dans leur ligne de mire. Aujourd\u2019hui, Christopher Dembik, [du groupe de gesti<\/p>\n","protected":false},"excerpt":{"rendered":"Nous, les Italiens, avec nos gouvernements boiteux et nos finances pr\u00e9caires, \u00e9tions habitu\u00e9s \u00e0 tenir le r\u00f4le d\u2019\u201cenfant&hellip;\n","protected":false},"author":2,"featured_media":351380,"comment_status":"","ping_status":"","sticky":false,"template":"","format":"standard","meta":{"footnotes":""},"categories":[1586],"tags":[11,7993,1073,1777,674,1011,27,452,3821,12,25,2542],"class_list":{"0":"post-351379","1":"post","2":"type-post","3":"status-publish","4":"format-standard","5":"has-post-thumbnail","7":"category-europe","8":"tag-actualites","9":"tag-dette-publique","10":"tag-emmanuel-macron","11":"tag-eu","12":"tag-europe","13":"tag-fr","14":"tag-france","15":"tag-italie","16":"tag-la-france-vue-de-lu2019u00e9tranger","17":"tag-news","18":"tag-republique-francaise","19":"tag-u00e9conomie"},"share_on_mastodon":{"url":"https:\/\/pubeurope.com\/@fr\/115110177902366073","error":""},"_links":{"self":[{"href":"https:\/\/www.europesays.com\/fr\/wp-json\/wp\/v2\/posts\/351379","targetHints":{"allow":["GET"]}}],"collection":[{"href":"https:\/\/www.europesays.com\/fr\/wp-json\/wp\/v2\/posts"}],"about":[{"href":"https:\/\/www.europesays.com\/fr\/wp-json\/wp\/v2\/types\/post"}],"author":[{"embeddable":true,"href":"https:\/\/www.europesays.com\/fr\/wp-json\/wp\/v2\/users\/2"}],"replies":[{"embeddable":true,"href":"https:\/\/www.europesays.com\/fr\/wp-json\/wp\/v2\/comments?post=351379"}],"version-history":[{"count":0,"href":"https:\/\/www.europesays.com\/fr\/wp-json\/wp\/v2\/posts\/351379\/revisions"}],"wp:featuredmedia":[{"embeddable":true,"href":"https:\/\/www.europesays.com\/fr\/wp-json\/wp\/v2\/media\/351380"}],"wp:attachment":[{"href":"https:\/\/www.europesays.com\/fr\/wp-json\/wp\/v2\/media?parent=351379"}],"wp:term":[{"taxonomy":"category","embeddable":true,"href":"https:\/\/www.europesays.com\/fr\/wp-json\/wp\/v2\/categories?post=351379"},{"taxonomy":"post_tag","embeddable":true,"href":"https:\/\/www.europesays.com\/fr\/wp-json\/wp\/v2\/tags?post=351379"}],"curies":[{"name":"wp","href":"https:\/\/api.w.org\/{rel}","templated":true}]}}