{"id":351381,"date":"2025-08-29T04:31:26","date_gmt":"2025-08-29T04:31:26","guid":{"rendered":"https:\/\/www.europesays.com\/fr\/351381\/"},"modified":"2025-08-29T04:31:26","modified_gmt":"2025-08-29T04:31:26","slug":"frappes-sur-kiev-cest-une-maniere-de-nous-faire-peur-vladimir-poutine-ne-mene-pas-simplement-une-guerre-contre-lukraine-mais-contre-lunion-europeenne","status":"publish","type":"post","link":"https:\/\/www.europesays.com\/fr\/351381\/","title":{"rendered":"Frappes sur Kiev : \u00ab C\u2019est une mani\u00e8re de nous faire peur, Vladimir Poutine ne m\u00e8ne pas simplement une guerre contre l\u2019Ukraine, mais contre l\u2019Union europ\u00e9enne \u00bb"},"content":{"rendered":"<p>La capitale ukrainienne a subi d\u2019intenses bombardements russes, dans la nuit de mercredi \u00e0 jeudi, ayant fait au moins 18 morts dont 4 enfants. Des b\u00e2timents diplomatiques de l\u2019Union europ\u00e9enne et du Royaume-Uni ont \u00e9t\u00e9 endommag\u00e9s. Washington a d\u00e9nonc\u00e9 de \u00ab\u00a0terribles attaques\u00a0\u00bb.<\/p>\n<p>598 drones et 31 missiles tir\u00e9s en une nuit. Plusieurs quartiers de la capitale ukrainienne Kiev ont subi d\u2019intenses frappes de l\u2019arm\u00e9e russe, qui ont \u00e9ventr\u00e9 des immeubles d\u2019habitation et fait au moins 18 morts dont 4 enfants, dans la nuit de mercredi \u00e0 jeudi. Des b\u00e2timents diplomatiques de l\u2019Union europ\u00e9enne et du Royaume-Uni ont \u00e9galement \u00e9t\u00e9 endommag\u00e9s.<\/p>\n<p>Le pr\u00e9sident ukrainien Volodymyr Zelensky a d\u00e9plor\u00e9 \u00ab\u00a0un massacre de civils horrible et d\u00e9lib\u00e9r\u00e9\u00a0\u00bb\u00a0: la Russie \u00ab\u00a0choisit de continuer \u00e0 tuer et non de mettre fin \u00e0 la guerre\u00a0\u00bb.<\/p>\n<p>Une attaque russe contre Kiev qui intervient alors que les Etats-Unis de Donald Trump essayent tant bien que mal de concr\u00e9tiser des n\u00e9gociations de paix entre la Russie et l\u2019Ukraine. Le Kremlin Dmitri Peskov a d\u2019ailleurs assur\u00e9 jeudi matin que la Russie restait \u00ab\u00a0int\u00e9ress\u00e9e\u00a0\u00bb par des n\u00e9gociations de paix avec l\u2019Ukraine mais qu\u2019elle continuerait de bombarder son voisin.<\/p>\n<p>L\u2019\u00e9missaire sp\u00e9cial de Donald Trump pour l\u2019Ukraine Keith Kellogg Washington a r\u00e9agi \u00e0 \u00ab\u00a0ces terribles attaques qui menacent la paix que le pr\u00e9sident des Etats-Unis cherche \u00e0 obtenir\u00a0\u00bb, relevant que les frappes ont tu\u00e9 des \u00ab\u00a0civils innocents\u00a0\u00bb.<\/p>\n<p>Emmanuel Macron a condamn\u00e9 \u00ab\u00a0la terreur et la barbarie\u00a0\u00bb de la Russie avec \u00ab\u00a0ces attaques insens\u00e9es d\u2019une grande cruaut\u00e9. \u00ab\u00a0Soutien total au peuple ukrainien, compassion profonde pour toutes les familles endeuill\u00e9es\u00a0\u00bb, a tweet\u00e9 le pr\u00e9sident fran\u00e7ais.<\/p>\n<p>\u00ab\u00a0Ne nous laissons pas endormir par le discours des Russes\u00a0\u00bb<\/p>\n<p>\u00ab\u00a0Ces frappes montrent clairement que Vladimir Poutine veut semer la terreur \u00e0 Kiev, en tuant des enfants. La Russie est un Etat terroriste\u00a0\u00bb, mart\u00e8le Christophe Grudler, eurod\u00e9put\u00e9 fran\u00e7ais Modem. \u00ab\u00a0Nous ne devons pas nous laisser endormir par le discours des Russes qui assurent qu\u2019ils sont pr\u00eats \u00e0 n\u00e9gocier. Ce qu\u2019ils veulent c\u2019est la reddition pure et simple de l\u2019Ukraine et annexer un maximum de territoires.\u00a0\u00bb<\/p>\n<p>Pour l\u2019eurod\u00e9put\u00e9 allemand social-d\u00e9mocrate Tobias Cremer, \u00ab\u00a0c\u2019est le signe que Vladimir Poutine ne veut pas d\u2019un cessez-le-feu et d\u2019une paix durable en Ukraine, il poursuit sa strat\u00e9gie\u00a0: il donne des petits espoirs de paix \u00e0 Donald Trump puis le lendemain il retourne \u00e0 Moscou et relance les attaques contre l\u2019Ukraine.\u00a0\u00bb \u00ab\u00a0Cela montre bien que Poutine se joue de Trump qui lui a permis de revenir sur la sc\u00e8ne internationale comme un chef d\u2019Etat fr\u00e9quentable par d\u2019autres puissances\u00a0\u00bb, ajoute l\u2019ancien Premier ministre socialiste belge Elio di Rupo, qui si\u00e8ge d\u00e9sormais au Parlement europ\u00e9en.<\/p>\n<p>L\u2019immeuble de la d\u00e9l\u00e9gation de l\u2019Union europ\u00e9enne \u00e0 Kiev \u00ab\u00a0gravement endommag\u00e9\u00a0\u00bb<\/p>\n<p>Les bureaux de la d\u00e9l\u00e9gation de l\u2019Union europ\u00e9enne \u00e0 Kiev tout comme ceux du British Council ont \u00e9t\u00e9 \u00ab\u00a0gravement endommag\u00e9s\u00a0\u00bb par l\u2019onde de choc d\u2019une frappe contre un b\u00e2timent situ\u00e9 \u00e0 proximit\u00e9, selon les diplomates sur place, mais sans faire de victimes.<\/p>\n<p>\u00ab\u00a0L\u2019UE ne se laissera pas intimider. L\u2019agression de la Russie ne fait que renforcer notre d\u00e9termination \u00e0 soutenir l\u2019Ukraine et son peuple\u00a0\u00bb, a r\u00e9agi Antonio Costa, le pr\u00e9sident du Conseil europ\u00e9en.<\/p>\n<p>\u00ab\u00a0Si ces frappes contre des repr\u00e9sentations diplomatiques sont volontaires, c\u2019est tr\u00e8s grave. Et je ne vois pas comment elles pourraient ne pas l\u2019\u00eatre, vu le niveau de pr\u00e9cision des technologies actuelles et des drones\u00a0\u00bb, commente Elio di Rupo qui remarque que \u00ab\u00a0ces frappes touchent les b\u00e2timents diplomatiques de deux puissances unies, malgr\u00e9 le Brexit, dans la d\u00e9fense du territoire europ\u00e9en et dans le soutien \u00e0 l\u2019Ukraine\u00a0\u00bb. \u00ab\u00a0C\u2019est une mani\u00e8re de nous faire peur\u00a0\u00bb, note Tobias Cremer, ancien diplomate de profession. \u00ab\u00a0Cela montre bien que Vladimir Poutine ne m\u00e8ne pas simplement une guerre contre l\u2019Ukraine, mais contre l\u2019Union europ\u00e9enne, symbole d\u2019un mod\u00e8le de libert\u00e9 et de d\u00e9mocratie qui peut fragiliser son r\u00e9gime.\u00a0\u00bb<\/p>\n<p>Des sanctions europ\u00e9ennes renforc\u00e9es contre la Russie<\/p>\n<p>Cet \u00e9pisode devrait acc\u00e9l\u00e9rer la mise en place du 19e paquet de sanctions de l\u2019Union europ\u00e9enne contre la Russie depuis son agression de l\u2019Ukraine en f\u00e9vrier\u00a02022. R\u00e9unis de jeudi \u00e0 samedi \u00e0 Copenhague, les ministres de la D\u00e9fense et des Affaires \u00e9trang\u00e8res des 27 Etats-membres de l\u2019Union europ\u00e9enne vont discuter de nouvelles mesures \u00e0 prendre pour accro\u00eetre la pression sur Moscou. Le p\u00e9trole et le gaz russe mais aussi le contournement des paquets de sanctions pr\u00e9c\u00e9dents via des pays tiers devrait \u00eatre au menu des discussions. \u00ab\u00a0On sait tr\u00e8s bien que Poutine se joue des sanctions europ\u00e9ennes en les contournant via des pays comme la G\u00e9orgie et la Turquie\u00a0\u00bb, regrette l\u2019ancien Premier ministre belge, dubitatif sur ce 19e paquet de sanctions contre la Russie.<\/p>\n<p>L\u2019utilisation des plus de 200\u00a0milliards d\u2019euros d\u2019avoirs russes gel\u00e9s en Europe devrait \u00eatre une nouvelle fois d\u00e9battue au sein de l\u2019Union europ\u00e9enne, qui pour l\u2019instant n\u2019utilise que les int\u00e9r\u00eats de ces avoirs, pour financer le soutien \u00e0 l\u2019Ukraine. \u00ab\u00a0Le d\u00e9bat est encore ouvert\u00a0\u00bb, explique Tobias Cremer. \u00ab\u00a0Certains estiment qu\u2019il faut confisquer tout simplement ces avoirs russes et les d\u00e9penser pour financer la guerre, d\u2019autres proposent de les placer sous une autorit\u00e9 tiers dans l\u2019optique de la reconstruction de l\u2019Ukraine.\u00a0\u00bb<\/p>\n<p>Sur le plan militaire, les Europ\u00e9ens vont-ils accro\u00eetre leur soutien \u00e0 l\u2019arm\u00e9e ukrainienne\u00a0? \u00ab\u00a0Il faut autoriser les Ukrainiens \u00e0 faire, avec nos armes, des frappes en profondeur dans le territoire de la Russie pour d\u00e9truire ses infrastructures militaires, \u00e9nerg\u00e9tiques, mais sans toucher de civils\u00a0\u00bb, estime Christophe Grudler. Pour son homologue allemand, \u00ab\u00a0nous devons mettre encore plus de pression sur Poutine pour qu\u2019il comprenne qu\u2019il ne peut pas gagner cette guerre.\u00a0\u00bb<\/p>\n","protected":false},"excerpt":{"rendered":"La capitale ukrainienne a subi d\u2019intenses bombardements russes, dans la nuit de mercredi \u00e0 jeudi, ayant fait au&hellip;\n","protected":false},"author":2,"featured_media":351382,"comment_status":"","ping_status":"","sticky":false,"template":"","format":"standard","meta":{"footnotes":""},"categories":[1586],"tags":[11,1777,674,1779,1011,27,12,25,1778,364],"class_list":{"0":"post-351381","1":"post","2":"type-post","3":"status-publish","4":"format-standard","5":"has-post-thumbnail","7":"category-europe","8":"tag-actualites","9":"tag-eu","10":"tag-europe","11":"tag-european-union","12":"tag-fr","13":"tag-france","14":"tag-news","15":"tag-republique-francaise","16":"tag-ue","17":"tag-union-europeenne"},"share_on_mastodon":{"url":"https:\/\/pubeurope.com\/@fr\/115110181875439034","error":""},"_links":{"self":[{"href":"https:\/\/www.europesays.com\/fr\/wp-json\/wp\/v2\/posts\/351381","targetHints":{"allow":["GET"]}}],"collection":[{"href":"https:\/\/www.europesays.com\/fr\/wp-json\/wp\/v2\/posts"}],"about":[{"href":"https:\/\/www.europesays.com\/fr\/wp-json\/wp\/v2\/types\/post"}],"author":[{"embeddable":true,"href":"https:\/\/www.europesays.com\/fr\/wp-json\/wp\/v2\/users\/2"}],"replies":[{"embeddable":true,"href":"https:\/\/www.europesays.com\/fr\/wp-json\/wp\/v2\/comments?post=351381"}],"version-history":[{"count":0,"href":"https:\/\/www.europesays.com\/fr\/wp-json\/wp\/v2\/posts\/351381\/revisions"}],"wp:featuredmedia":[{"embeddable":true,"href":"https:\/\/www.europesays.com\/fr\/wp-json\/wp\/v2\/media\/351382"}],"wp:attachment":[{"href":"https:\/\/www.europesays.com\/fr\/wp-json\/wp\/v2\/media?parent=351381"}],"wp:term":[{"taxonomy":"category","embeddable":true,"href":"https:\/\/www.europesays.com\/fr\/wp-json\/wp\/v2\/categories?post=351381"},{"taxonomy":"post_tag","embeddable":true,"href":"https:\/\/www.europesays.com\/fr\/wp-json\/wp\/v2\/tags?post=351381"}],"curies":[{"name":"wp","href":"https:\/\/api.w.org\/{rel}","templated":true}]}}