{"id":351387,"date":"2025-08-29T04:34:13","date_gmt":"2025-08-29T04:34:13","guid":{"rendered":"https:\/\/www.europesays.com\/fr\/351387\/"},"modified":"2025-08-29T04:34:13","modified_gmt":"2025-08-29T04:34:13","slug":"coupe-de-france-rentree-officielle-pour-le-roz-handu-29-qui-accueille-chartres-de-bretagne","status":"publish","type":"post","link":"https:\/\/www.europesays.com\/fr\/351387\/","title":{"rendered":"Coupe de France : rentr\u00e9e officielle pour le Roz Han\u2019Du 29 qui accueille Chartres-de-Bretagne"},"content":{"rendered":"<p>Article r\u00e9serv\u00e9 aux abonn\u00e9s<\/p>\n<p>Le 29 ao\u00fbt 2025 \u00e0 06h30<\/p>\n<p class=\"tlg-h5\">\u00c0 huit jours de l\u2019ouverture du championnat face au BBH (B), le Roz Hand\u2019Du retrouve la comp\u00e9tition, ce samedi, \u00e0 l\u2019occasion du premier tour de la coupe de France avec la ferme intention de performer d\u2019entr\u00e9e.<\/p>\n<p><img fetchpriority=\"high\" decoding=\"async\" src=\"https:\/\/www.europesays.com\/fr\/wp-content\/uploads\/2025\/08\/68b0b1e09b6c865a380f1f00.1.jpeg\" width=\"960\" height=\"600\" class=\"web_golden_xl\" loading=\"eager\" alt=\"Julie Le Cras et le Roz Han\u2019Du 29 accueillent Chartres-de-Bretagne, samedi 30\u00a0ao\u00fbt pour le premier tour de la Coupe de France.\"\/>Julie Le Cras et le Roz Han\u2019Du 29 accueillent Chartres-de-Bretagne, samedi 30\u00a0ao\u00fbt pour le premier tour de la Coupe de France. (Photo Christian Rose)<\/p>\n","protected":false},"excerpt":{"rendered":"Article r\u00e9serv\u00e9 aux abonn\u00e9s Le 29 ao\u00fbt 2025 \u00e0 06h30 \u00c0 huit jours de l\u2019ouverture du championnat face&hellip;\n","protected":false},"author":2,"featured_media":351388,"comment_status":"","ping_status":"","sticky":false,"template":"","format":"standard","meta":{"footnotes":""},"categories":[4],"tags":[11,21357,1011,27,1792,12241,12,25,21358,21359,60,21360],"class_list":{"0":"post-351387","1":"post","2":"type-post","3":"status-publish","4":"format-standard","5":"has-post-thumbnail","7":"category-france","8":"tag-actualites","9":"tag-elliant","10":"tag-fr","11":"tag-france","12":"tag-handball","13":"tag-melgven","14":"tag-news","15":"tag-republique-francaise","16":"tag-rosporden","17":"tag-saint-yvi","18":"tag-sports","19":"tag-tourch"},"share_on_mastodon":{"url":"https:\/\/pubeurope.com\/@fr\/115110193678278089","error":""},"_links":{"self":[{"href":"https:\/\/www.europesays.com\/fr\/wp-json\/wp\/v2\/posts\/351387","targetHints":{"allow":["GET"]}}],"collection":[{"href":"https:\/\/www.europesays.com\/fr\/wp-json\/wp\/v2\/posts"}],"about":[{"href":"https:\/\/www.europesays.com\/fr\/wp-json\/wp\/v2\/types\/post"}],"author":[{"embeddable":true,"href":"https:\/\/www.europesays.com\/fr\/wp-json\/wp\/v2\/users\/2"}],"replies":[{"embeddable":true,"href":"https:\/\/www.europesays.com\/fr\/wp-json\/wp\/v2\/comments?post=351387"}],"version-history":[{"count":0,"href":"https:\/\/www.europesays.com\/fr\/wp-json\/wp\/v2\/posts\/351387\/revisions"}],"wp:featuredmedia":[{"embeddable":true,"href":"https:\/\/www.europesays.com\/fr\/wp-json\/wp\/v2\/media\/351388"}],"wp:attachment":[{"href":"https:\/\/www.europesays.com\/fr\/wp-json\/wp\/v2\/media?parent=351387"}],"wp:term":[{"taxonomy":"category","embeddable":true,"href":"https:\/\/www.europesays.com\/fr\/wp-json\/wp\/v2\/categories?post=351387"},{"taxonomy":"post_tag","embeddable":true,"href":"https:\/\/www.europesays.com\/fr\/wp-json\/wp\/v2\/tags?post=351387"}],"curies":[{"name":"wp","href":"https:\/\/api.w.org\/{rel}","templated":true}]}}