{"id":35139,"date":"2025-04-18T23:40:11","date_gmt":"2025-04-18T23:40:11","guid":{"rendered":"https:\/\/www.europesays.com\/fr\/35139\/"},"modified":"2025-04-18T23:40:11","modified_gmt":"2025-04-18T23:40:11","slug":"toulouse-le-metro-partiellement-a-larret-apres-un-acte-de-malveillance-les-stations-non-desservies","status":"publish","type":"post","link":"https:\/\/www.europesays.com\/fr\/35139\/","title":{"rendered":"Toulouse. Le m\u00e9tro partiellement \u00e0 l&rsquo;arr\u00eat apr\u00e8s \u00ab\u00a0un acte de malveillance\u00a0\u00bb, les stations non desservies"},"content":{"rendered":"<p>            Par<br \/>\n        <strong><br \/>\n            <a href=\"https:\/\/actu.fr\/auteur\/guillaume-laurens\" title=\"Consulter tous les articles de Guillaume Laurens\" target=\"_blank\" rel=\"noopener\">Guillaume Laurens<\/a><br \/>\n        <\/strong><\/p>\n<p>        Publi\u00e9 le<\/p>\n<p>            17 avr. 2025 \u00e0 13h32<br \/>\n        ; mis \u00e0 jour le 17 avr. 2025 \u00e0 14h24    <\/p>\n<p><strong>MISE \u00c0 JOUR 14h00 \u2013 Le trafic a repris<\/strong><br \/>Tiss\u00e9o indique que le trafic a repris sur l\u2019int\u00e9gralit\u00e9 de la ligne A.<\/p>\n<p class=\" wall-content\">Moment de gal\u00e8re, pour les usagers du m\u00e9tro de <a href=\"https:\/\/actu.fr\/toulouse\/\" target=\"_blank\" rel=\"noopener\"><strong>Toulouse<\/strong><\/a>, ce jeudi 17 avril 2025, peu apr\u00e8s 13 heures. La <strong>ligne A<\/strong> est en effet <strong>partiellement interrompue<\/strong> entre <strong>Balma-Gramont<\/strong> et <strong>Jean-Jaur\u00e8s,<\/strong> et ce \u00ab\u00a0en raison d\u2019un acte de malveillance \u00e0 la <strong>station Balma-Gramont\u00a0\u00bb,<\/strong> pr\u00e9cise Tiss\u00e9o.<\/p>\n<p>Six stations non desservies<\/p>\n<p class=\" wall-content\">Toujours selon <a href=\"https:\/\/actu.fr\/tag\/tisseo\" target=\"_blank\" rel=\"noopener\">Tiss\u00e9o<\/a>, les stations non desservies, ce jeudi en d\u00e9but d\u2019apr\u00e8s-midi sont :<\/p>\n<ul class=\" wall-content\">\n<li><strong>Jean-Jaur\u00e8s<\/strong> (uniquement direction Balma Gramont)<\/li>\n<li><strong>Marengo-SNCF<\/strong><\/li>\n<li><strong>Jolimont<\/strong><\/li>\n<li><strong>Roseraie<\/strong><\/li>\n<li><strong>Argoulets<\/strong><\/li>\n<li><strong>Balma-Gramont<\/strong><\/li>\n<\/ul>\n<p>Pas d\u2019interruption entre Basso-Cambo et Jean-Jaur\u00e8s<\/p>\n<p class=\" wall-content\">\u00c0 savoir que la ligne A fonctionne normalement <strong>entre les stations Basso-Cambo et Jean-Jaur\u00e8s<\/strong>. \u00ab\u00a0Nous regrettons les d\u00e9sagr\u00e9ments occasionn\u00e9s par cet \u00e9v\u00e9nement et mettons tout en \u0153uvre pour r\u00e9tablir la ligne dans les meilleurs d\u00e9lais\u00a0\u00bb, pr\u00e9cise <a href=\"https:\/\/www.tisseo.fr\/\" target=\"_blank\" rel=\"noopener\">l\u2019autorit\u00e9 des transports en commune dans l\u2019agglo<\/a>, sans avancer d\u2019horaire de reprise.<\/p>\n<p>Vid\u00e9os : en ce moment sur ActuLa ligne L14 prolong\u00e9e<\/p>\n<p class=\" wall-content\">Pour les passagers en qu\u00eate de solutions alternatives, Tiss\u00e9o pr\u00e9cise que \u00ab\u00a0la<strong> ligne L14<\/strong> dessert les stations entre Basso Cambo et Marengo SNCF puis est <strong>prolong\u00e9e en ligne A\u2019 entre Marengo SNCF et Balma-Gramont\u00a0\u00bb.<\/strong> D\u2019autres modes de transports peuvent \u00eatre recommand\u00e9s sur le site de Tiss\u00e9o.<\/p>\n<p class=\" wall-content\">Suivez toute l\u2019actualit\u00e9 de vos villes et m\u00e9dias favoris en vous inscrivant \u00e0 <a href=\"https:\/\/moncompte.actu.fr\" title=\"D\u00e9couvez Mon Actu\" rel=\"nofollow noopener\" data-trk=\"{&quot;cta&quot;:{&quot;action&quot;:&quot;https:\\\/\\\/moncompte.actu.fr&quot;,&quot;category&quot;:&quot;mon compte&quot;,&quot;from&quot;:&quot;article footer&quot;,&quot;name&quot;:&quot;Mon actu&quot;,&quot;type&quot;:&quot;cta&quot;}}\" target=\"_blank\">Mon Actu<\/a>.<\/p>\n<ul class=\"ac-article-tag wall-content\">\n<li><a href=\"https:\/\/actu.fr\/tag\/metro-de-toulouse\" data-trk=\"{&quot;cta&quot;:{&quot;action&quot;:&quot;M\\u00e9tro de Toulouse&quot;,&quot;category&quot;:&quot;tag&quot;,&quot;from&quot;:&quot;article footer&quot;,&quot;name&quot;:&quot;M\\u00e9tro de Toulouse&quot;,&quot;type&quot;:&quot;cta&quot;}}\" target=\"_blank\" rel=\"noopener\">#M\u00e9tro de Toulouse<\/a><\/li>\n<li><a href=\"https:\/\/actu.fr\/tag\/tisseo\" data-trk=\"{&quot;cta&quot;:{&quot;action&quot;:&quot;Tiss\\u00e9o&quot;,&quot;category&quot;:&quot;tag&quot;,&quot;from&quot;:&quot;article footer&quot;,&quot;name&quot;:&quot;Tiss\\u00e9o&quot;,&quot;type&quot;:&quot;cta&quot;}}\" target=\"_blank\" rel=\"noopener\">#Tiss\u00e9o<\/a><\/li>\n<\/ul>\n","protected":false},"excerpt":{"rendered":"Par Guillaume Laurens Publi\u00e9 le 17 avr. 2025 \u00e0 13h32 ; mis \u00e0 jour le 17 avr. 2025&hellip;\n","protected":false},"author":2,"featured_media":35140,"comment_status":"","ping_status":"","sticky":false,"template":"","format":"standard","meta":{"footnotes":""},"categories":[2816],"tags":[1111,11,1777,674,1011,27,10596,12,2680,25,104,5400,2312],"class_list":{"0":"post-35139","1":"post","2":"type-post","3":"status-publish","4":"format-standard","5":"has-post-thumbnail","7":"category-toulouse","8":"tag-actu","9":"tag-actualites","10":"tag-eu","11":"tag-europe","12":"tag-fr","13":"tag-france","14":"tag-metro-de-toulouse","15":"tag-news","16":"tag-occitanie","17":"tag-republique-francaise","18":"tag-societe","19":"tag-tisseo","20":"tag-toulouse"},"share_on_mastodon":{"url":"https:\/\/pubeurope.com\/@fr\/114361612589016464","error":""},"_links":{"self":[{"href":"https:\/\/www.europesays.com\/fr\/wp-json\/wp\/v2\/posts\/35139","targetHints":{"allow":["GET"]}}],"collection":[{"href":"https:\/\/www.europesays.com\/fr\/wp-json\/wp\/v2\/posts"}],"about":[{"href":"https:\/\/www.europesays.com\/fr\/wp-json\/wp\/v2\/types\/post"}],"author":[{"embeddable":true,"href":"https:\/\/www.europesays.com\/fr\/wp-json\/wp\/v2\/users\/2"}],"replies":[{"embeddable":true,"href":"https:\/\/www.europesays.com\/fr\/wp-json\/wp\/v2\/comments?post=35139"}],"version-history":[{"count":0,"href":"https:\/\/www.europesays.com\/fr\/wp-json\/wp\/v2\/posts\/35139\/revisions"}],"wp:featuredmedia":[{"embeddable":true,"href":"https:\/\/www.europesays.com\/fr\/wp-json\/wp\/v2\/media\/35140"}],"wp:attachment":[{"href":"https:\/\/www.europesays.com\/fr\/wp-json\/wp\/v2\/media?parent=35139"}],"wp:term":[{"taxonomy":"category","embeddable":true,"href":"https:\/\/www.europesays.com\/fr\/wp-json\/wp\/v2\/categories?post=35139"},{"taxonomy":"post_tag","embeddable":true,"href":"https:\/\/www.europesays.com\/fr\/wp-json\/wp\/v2\/tags?post=35139"}],"curies":[{"name":"wp","href":"https:\/\/api.w.org\/{rel}","templated":true}]}}