{"id":351393,"date":"2025-08-29T04:38:12","date_gmt":"2025-08-29T04:38:12","guid":{"rendered":"https:\/\/www.europesays.com\/fr\/351393\/"},"modified":"2025-08-29T04:38:12","modified_gmt":"2025-08-29T04:38:12","slug":"stefanos-tsitsipas-daniel-altmaier-grand-chelem-us-open-deuxieme-tour-vendredi-29-aout-2025-lequipe","status":"publish","type":"post","link":"https:\/\/www.europesays.com\/fr\/351393\/","title":{"rendered":"Stefanos Tsitsipas &#8211; Daniel Altmaier, Grand Chelem, US Open, Deuxi\u00e8me tour, Vendredi 29 ao\u00fbt 2025 &#8211; L&#039;\u00c9quipe"},"content":{"rendered":"<ol>\n<li><a href=\"https:\/\/news.google.com\/rss\/articles\/CBMizgFBVV95cUxQU1BOejZQeUFDZGJRaklEWTFXRURJVGNXMkNDTXZHOVhpN1JxR3BodEN4dlBTZ0FvOURuV0kyRW5HQXk3RUg4SXFpVHVaekcyS0dyWVludHNCWERBYlhlSFkwR3hfek5LM3R1TlRHQm9XV29Od3hVRVotdjhndVFHUTFNdEZFc0xGX1hrN2UwRnJERG5WWWpJSXJkMTBOekt0am0xS041M3BHbmVENUV2THk0X050Yl9iNXdXNEQ2UjJ2NHMzbHRESGtZLXVHQQ?oc=5\" target=\"_blank\" rel=\"nofollow noopener\">Stefanos Tsitsipas &#8211; Daniel Altmaier, Grand Chelem, US Open, Deuxi\u00e8me tour, Vendredi 29 ao\u00fbt 2025<\/a>&nbsp;&nbsp;L&rsquo;\u00c9quipe<\/li>\n<li><a href=\"https:\/\/news.google.com\/rss\/articles\/CBMiwwFBVV95cUxQUzJGekRtZnNPTEZqVzBvMEU5RE92dnc4eHZWcTlFemdodVNNY0YzQmh6UUJxVjMtSzR2czBaNVQ2QXpRcmdjY0I4aFk0N2pFcWo2bFBUWjFveW53RHFPZ1M3bnMyYXdGWnZ4M09oaXlIRGRrLTBRMlZ1M2tRMzNpMUQxWEVhcXBIbWRhOVE2Z3h2b21TVmhsTXBqdnFiQ05NdDBDVnRaUHpVa2UtWVMzZHJ1NzF0T09JQUJGclhuUW5EUXc?oc=5\" target=\"_blank\" rel=\"nofollow noopener\">Alexandre M\u00fcller \u00e9limin\u00e9 par Stefanos Tsitsipas au premier tour de l&rsquo;US Open<\/a>&nbsp;&nbsp;L&rsquo;\u00c9quipe<\/li>\n<li><a href=\"https:\/\/news.google.com\/rss\/articles\/CBMi1wFBVV95cUxQb19JdDFFVTJhNk1rWm1pbmoyN2M0eEdOc3BBeDZMeno4ZEFnZzBFWk9VeVh6d2NlZm4ta1RtZWpKS1lGR2lwOVdHR284NGg0Qmk1eVhFOFlLVW05RkV5WXJaOEIxTm1pWGNxUVhocDNTa3daVVdPTnpmdnFkOE1kejA0UmlHWXYybkZBRXRlS2stVGNlX0xCLW51YW4tV2NfQl94R2tXRUxDTHpJeVJkampGSE1yZVQ5UldTUmtzVlpXck9mZGhjNm9UT19jUEVzOEhYbDZ6NA?oc=5\" target=\"_blank\" rel=\"nofollow noopener\">US Open 2025 &#8211; Stefanos Tsitsipas : \u00ab\u00a0J&rsquo;ai montr\u00e9 de quoi j&rsquo;\u00e9tais capable\u00a0\u00bb<\/a>&nbsp;&nbsp;Orange Actualit\u00e9s | Sports<\/li>\n<li><a href=\"https:\/\/news.google.com\/rss\/articles\/CBMihAFBVV95cUxNbkJCa0RrN3h5WEFaeGRTT3JlcG9kVWd6OHBNam9BNnM0X0ZIWVdjNWloYXMtcGZEdUhqOEhILXFXOVlPZ0p1bDN2RU9Ka21wSklfcjgzbjVJcUFDdHcxRkxMWFpZblQtekJUUVgtblhrR25EMHNRdEtrNWhHdlczSGRLb3Y?oc=5\" target=\"_blank\" rel=\"nofollow noopener\">US Open &gt; Tsitsipas enfin performant chambre Alcaraz<\/a>&nbsp;&nbsp;We Love Tennis<\/li>\n<li><a href=\"https:\/\/news.google.com\/rss\/articles\/CBMi8gFBVV95cUxONWJBNHVBMnNDNTZQSmN3OG1WVVF4RUU4Q0xLUXd4VTQtNkUtaTRpaFZEcGRPRW9wbkZiN1ZXMUFFT3VBZ0ZudlJGclc2MW1UaF95ajZfbjNCczRLRE5nY3RaYjhiMjJDUDc0dFJNNFFTVnFzVFlqQS1MeEN5Q2hfMkM5dUVndjI1U2xTckdFTDZhYnZaVFhrYm5sVWhiSzZHdUJfYzQ0UUVNOGJycW1vX0xvdzZFOFF3T1hEZHhneDB5ZEJoV2NlRl82QVR4bDVKU0hRR3JwTENYTUpkQWtpakhFMnUxYlc5WjBMN2xrbmhDUQ?oc=5\" target=\"_blank\" rel=\"nofollow noopener\">Interview Flashscore &#8211; Alexandre M\u00fcller : \u00ab\u00a0Le principal, c&rsquo;est de tout donner, de sortir sans regrets\u00a0\u00bb<\/a>&nbsp;&nbsp;Flashscore.fr<\/li>\n<\/ol>\n","protected":false},"excerpt":{"rendered":"Stefanos Tsitsipas &#8211; Daniel Altmaier, Grand Chelem, US Open, Deuxi\u00e8me tour, Vendredi 29 ao\u00fbt 2025&nbsp;&nbsp;L&rsquo;\u00c9quipe Alexandre M\u00fcller \u00e9limin\u00e9&hellip;\n","protected":false},"author":2,"featured_media":351394,"comment_status":"","ping_status":"","sticky":false,"template":"","format":"standard","meta":{"footnotes":""},"categories":[1415],"tags":[1011,27,60,1467],"class_list":{"0":"post-351393","1":"post","2":"type-post","3":"status-publish","4":"format-standard","5":"has-post-thumbnail","7":"category-tennis","8":"tag-fr","9":"tag-france","10":"tag-sports","11":"tag-tennis"},"share_on_mastodon":{"url":"https:\/\/pubeurope.com\/@fr\/115110209307450521","error":""},"_links":{"self":[{"href":"https:\/\/www.europesays.com\/fr\/wp-json\/wp\/v2\/posts\/351393","targetHints":{"allow":["GET"]}}],"collection":[{"href":"https:\/\/www.europesays.com\/fr\/wp-json\/wp\/v2\/posts"}],"about":[{"href":"https:\/\/www.europesays.com\/fr\/wp-json\/wp\/v2\/types\/post"}],"author":[{"embeddable":true,"href":"https:\/\/www.europesays.com\/fr\/wp-json\/wp\/v2\/users\/2"}],"replies":[{"embeddable":true,"href":"https:\/\/www.europesays.com\/fr\/wp-json\/wp\/v2\/comments?post=351393"}],"version-history":[{"count":0,"href":"https:\/\/www.europesays.com\/fr\/wp-json\/wp\/v2\/posts\/351393\/revisions"}],"wp:featuredmedia":[{"embeddable":true,"href":"https:\/\/www.europesays.com\/fr\/wp-json\/wp\/v2\/media\/351394"}],"wp:attachment":[{"href":"https:\/\/www.europesays.com\/fr\/wp-json\/wp\/v2\/media?parent=351393"}],"wp:term":[{"taxonomy":"category","embeddable":true,"href":"https:\/\/www.europesays.com\/fr\/wp-json\/wp\/v2\/categories?post=351393"},{"taxonomy":"post_tag","embeddable":true,"href":"https:\/\/www.europesays.com\/fr\/wp-json\/wp\/v2\/tags?post=351393"}],"curies":[{"name":"wp","href":"https:\/\/api.w.org\/{rel}","templated":true}]}}