{"id":351395,"date":"2025-08-29T04:40:20","date_gmt":"2025-08-29T04:40:20","guid":{"rendered":"https:\/\/www.europesays.com\/fr\/351395\/"},"modified":"2025-08-29T04:40:20","modified_gmt":"2025-08-29T04:40:20","slug":"motogp-jorge-martin-et-sa-copine-relevent-ce-defi-les-yeux-fermes","status":"publish","type":"post","link":"https:\/\/www.europesays.com\/fr\/351395\/","title":{"rendered":"MotoGP, Jorge Mart\u00edn et sa copine rel\u00e8vent ce d\u00e9fi les yeux ferm\u00e9s"},"content":{"rendered":"<p><img loading=\"lazy\" decoding=\"async\" src=\"https:\/\/www.europesays.com\/fr\/wp-content\/uploads\/2025\/08\/Reseaux-sociaux-1.png\" alt=\"MotoGP, Jorge Mart\u00edn\" class=\"\" width=\"1080\" height=\"675\"\/><\/p>\n<p class=\"my-2 [&amp;+p]:mt-4 [&amp;_strong:has(+br)]:inline-block [&amp;_strong:has(+br)]:pb-2\">\n<strong>Vous n\u2019\u00eates pas assez int\u00e9ress\u00e9 par les r\u00e9seaux sociaux<br \/>\npour suivre plusieurs centaines de pilotes, mais vous n\u2019aimez pas<br \/>\nrater aucune des petites histoires qui animent le MotoGP (Moto2 et<br \/>\nMoto3), le WorldSBK et les autres cat\u00e9gories ? Cette rubrique<br \/>\nquotidienne est faite pour vous, pour bien commencer la journ\u00e9e en<br \/>\nattendant des articles plus cons\u00e9quents mais parfois moins<br \/>\ninsolites ! Aujourd\u2019hui, Jorge Mart\u00edn et sa copine <a href=\"https:\/\/www.instagram.com\/reel\/DN44yfciJQ-\/?utm_source=ig_web_copy_link&amp;igsh=eWxrMWZtYmF2OTZ1\" target=\"_blank\" rel=\"noopener\"><br \/>\nse sont lanc\u00e9s dans un d\u00e9fi sign\u00e9 BMW<\/a>.<\/strong><\/p>\n<p class=\"my-2 [&amp;+p]:mt-4 [&amp;_strong:has(+br)]:inline-block [&amp;_strong:has(+br)]:pb-2\">\nLors d\u2019une op\u00e9ration organis\u00e9e par le constructeur allemand BMW, le<br \/>\nChampion du Monde MotoGP Jorge Mart\u00edn et sa compagne, Maria<br \/>\nMonfort, une influenceuse et entrepreneure originaire d\u2019Ibiza, qui<br \/>\naccompagne au quotidien sur les circuits depuis d\u00e9but 2023, ont<br \/>\nrelev\u00e9 un d\u00e9fi.<\/p>\n<p class=\"my-2 [&amp;+p]:mt-4 [&amp;_strong:has(+br)]:inline-block [&amp;_strong:has(+br)]:pb-2\">\nChacun s\u2019installant tour \u00e0 tour au volant d\u2019une voiture BMW les<br \/>\nyeux band\u00e9s. L\u2019autre devait alors guider son partenaire pour le<br \/>\nmener \u00e0 bon port \u00e0 travers un parcours. Avec beaucoup un esprit<br \/>\ncomplice, ce duo a tent\u00e9 l\u2019exp\u00e9rience appel\u00e9e \u00ab blindfolded driving<br \/>\nchallenge \u00bb, une mise \u00e0 l\u2019\u00e9preuve synonyme de confiance et de<br \/>\npr\u00e9cision. \u00ab C\u2019est une question de confiance, c\u2019est une<br \/>\nquestion de pr\u00e9cision \ud83c\udf88 Relever le d\u00e9fi de conduite de BMW M les<br \/>\nyeux band\u00e9s avec sa copine est deux fois plus amusant \ud83e\udee3\ud83d\ude02 \u00bb,<br \/>\ncommente le MotoGP sur ses r\u00e9seaux sociaux.<\/p>\n<p><a href=\"https:\/\/www.paddock-gp.com\/wp-content\/uploads\/2025\/08\/Capture-decran-2025-08-28-a-21.27.09.png\" target=\"_blank\" rel=\"noopener\"><br \/>\n<img loading=\"lazy\" decoding=\"async\" class=\"aligncenter wp-image-1323916 size-large\" src=\"https:\/\/www.europesays.com\/fr\/wp-content\/uploads\/2025\/08\/Capture-decran-2025-08-28-a-21.27.09-568x400.png\" alt=\"\" width=\"568\" height=\"400\"  \/><\/a><\/p>\n<p><script async src=\"\/\/www.instagram.com\/embed.js\"><\/script><\/p>\n","protected":false},"excerpt":{"rendered":"Vous n\u2019\u00eates pas assez int\u00e9ress\u00e9 par les r\u00e9seaux sociaux pour suivre plusieurs centaines de pilotes, mais vous n\u2019aimez&hellip;\n","protected":false},"author":2,"featured_media":351396,"comment_status":"","ping_status":"","sticky":false,"template":"","format":"standard","meta":{"footnotes":""},"categories":[1413],"tags":[1011,27,1457,1456,60],"class_list":{"0":"post-351395","1":"post","2":"type-post","3":"status-publish","4":"format-standard","5":"has-post-thumbnail","7":"category-moto","8":"tag-fr","9":"tag-france","10":"tag-moto","11":"tag-motocycle","12":"tag-sports"},"share_on_mastodon":{"url":"https:\/\/pubeurope.com\/@fr\/115110217717483384","error":""},"_links":{"self":[{"href":"https:\/\/www.europesays.com\/fr\/wp-json\/wp\/v2\/posts\/351395","targetHints":{"allow":["GET"]}}],"collection":[{"href":"https:\/\/www.europesays.com\/fr\/wp-json\/wp\/v2\/posts"}],"about":[{"href":"https:\/\/www.europesays.com\/fr\/wp-json\/wp\/v2\/types\/post"}],"author":[{"embeddable":true,"href":"https:\/\/www.europesays.com\/fr\/wp-json\/wp\/v2\/users\/2"}],"replies":[{"embeddable":true,"href":"https:\/\/www.europesays.com\/fr\/wp-json\/wp\/v2\/comments?post=351395"}],"version-history":[{"count":0,"href":"https:\/\/www.europesays.com\/fr\/wp-json\/wp\/v2\/posts\/351395\/revisions"}],"wp:featuredmedia":[{"embeddable":true,"href":"https:\/\/www.europesays.com\/fr\/wp-json\/wp\/v2\/media\/351396"}],"wp:attachment":[{"href":"https:\/\/www.europesays.com\/fr\/wp-json\/wp\/v2\/media?parent=351395"}],"wp:term":[{"taxonomy":"category","embeddable":true,"href":"https:\/\/www.europesays.com\/fr\/wp-json\/wp\/v2\/categories?post=351395"},{"taxonomy":"post_tag","embeddable":true,"href":"https:\/\/www.europesays.com\/fr\/wp-json\/wp\/v2\/tags?post=351395"}],"curies":[{"name":"wp","href":"https:\/\/api.w.org\/{rel}","templated":true}]}}