{"id":351399,"date":"2025-08-29T04:42:16","date_gmt":"2025-08-29T04:42:16","guid":{"rendered":"https:\/\/www.europesays.com\/fr\/351399\/"},"modified":"2025-08-29T04:42:16","modified_gmt":"2025-08-29T04:42:16","slug":"widar-relance-le-suspense-tour-de-lavenir-2025","status":"publish","type":"post","link":"https:\/\/www.europesays.com\/fr\/351399\/","title":{"rendered":"Widar relance le suspense &#8211; Tour de l&rsquo;Avenir 2025"},"content":{"rendered":"<p>Paul Seixas demeure le premier des favoris, mais le Maillot jaune reste la propri\u00e9t\u00e9 d\u2019un autre Fran\u00e7ais, Maxime Decomble, \u00e0 la veille de l\u2019arriv\u00e9e finale du Tour de l\u2019Avenir.<br \/>Et la tr\u00e8s belle victoire du petit grimpeur belge Jarno Widar \u00e0 Tignes 2100 au terme d\u2019une grande \u00e9tape alpestre qui a r\u00e9uni jusqu\u2019au dernier kilom\u00e8tre le gratin mondial de la cat\u00e9gorie U23 proc\u00e8de d\u2019un suspense total alors que la derni\u00e8re journ\u00e9e, bien remplie, propose une \u00e9tape en ligne (tr\u00e8s) matinale ultra s\u00e9lective par le Val d\u2019Aoste et un contre la montre en c\u00f4te l\u2019apr\u00e8s-midi pour le d\u00e9nouement \u00e0 La Rosi\u00e8re, station de Haute Tarentaise devenue un grand rendez-vous de l\u2019\u00e9preuve.<br \/>Presque tous les favoris se tiennent en quinze secondes, entre Paul Seixas, deuxi\u00e8me du g\u00e9n\u00e9ral et le poids plume equatorien Mateo Pablo Ramirez, 6e, avec aussi l\u2019Italien Lorenzo Mark Finn (3e), le Norv\u00e9gien J\u00f6rgen Nordhagen (4e), le Belge Jarno Widar (5e) rassembl\u00e9s dans cette fourchette de temps ultra serr\u00e9e.<\/p>\n<p>C\u2019est dire que rien n\u2019est jou\u00e9, mais pour l\u2019instant, Maxime Decomble est tout \u00e0 fait l\u00e9gitime \u00e0 croire en ses chances. \u00ab Avoir le Maillot jaune \u00e0 la veille de l\u2019arriv\u00e9e, c\u2019est extraordinaire \u00bb, appr\u00e9ciait le Fran\u00e7ais qui ajoutait qu\u2019il se trouvait \u00ab dans la forme de sa vie. \u00bb<br \/>Maxime Decomble a d\u2019ailleurs tenu un r\u00f4le pr\u00e9pond\u00e9rant dans la mont\u00e9e vers Tignes. Il a d\u2019abord tr\u00e8s bien r\u00e9sist\u00e9 au pressing  exerc\u00e9 par l\u2019\u00e9quipe de Belgique en faveur de Jarno Widar qui a donc r\u00e9compens\u00e9 de belle fa\u00e7on ses partenaires. Mais alors qu\u2019il pouvait commencer \u00e0 lisser son effort pour pr\u00e9server au mieux sa position de leader, Maxime Decomble a parfaitement jou\u00e9 le jeu et respect\u00e9 la strat\u00e9gie globale de l\u2019\u00e9quipe de France en mettant personnellement Paul Seixas sur orbite. Le grand espoir fran\u00e7ais a effectivement \u00e9merg\u00e9, mais sans pouvoir se d\u00e9barrasser de Jarno Widar, ni m\u00eame \u00e9viter le retour des autres favoris, except\u00e9 l\u2019Espagnol Pablo Torres, \u00e0 l\u2019attaque sur le Cormet de Roselend mais finalement un ton dessous de ce que pouvait laisser imaginer sa d\u00e9monstration de l\u2019an dernier sur le col delle Finestre o\u00f9 il avait repris pr\u00e8s de quatre minutes (2e au final \u00e0 12 secondes de l\u2019Anglais Joseph Blackmore).<br \/>Bref, Paul Seixas \u00e9tait bien l\u2019un des meilleurs, mais pas sup\u00e9rieur au point de s\u2019isoler et il ne compte donc que quelques secondes d\u2019avance sur ses principaux adversaires pour la victoire finale.<\/p>\n<p>Le terrible colle San Marco, attaqu\u00e9 \u00e0 froid apr\u00e8s 36 km de \u00ab fictif \u00bb pour franchir le Petit-Saint Bernard au petit matin du dernier jour oblige donc chacun des protagonistes \u00e0 livrer bataille, avant le contre la montre final (10,3 km) en mont\u00e9e vers La Rosi\u00e8re.<br \/>Un exercice qui ne d\u00e9plait pas au toujours leader Maxime Decomble, qui reste une alternative cr\u00e9dible pour la victoire m\u00eame si son avantage a fondu de plus de moiti\u00e9. Cinquante et une secondes s\u00e9parent maintenant les deux Fran\u00e7ais qui occupent les meilleurs place du classement g\u00e9n\u00e9ral.<\/p>\n<p>Le m\u00eame programme attend les concurrentes du Tour de l\u2019Avenir femmes, au repos ce jeudi, et dont la Canadienne Isabella Holmgren est maillot jaune depuis le prologue. <\/p>\n","protected":false},"excerpt":{"rendered":"Paul Seixas demeure le premier des favoris, mais le Maillot jaune reste la propri\u00e9t\u00e9 d\u2019un autre Fran\u00e7ais, Maxime&hellip;\n","protected":false},"author":2,"featured_media":351400,"comment_status":"","ping_status":"","sticky":false,"template":"","format":"standard","meta":{"footnotes":""},"categories":[1411],"tags":[1154,207,1011,27,60],"class_list":{"0":"post-351399","1":"post","2":"type-post","3":"status-publish","4":"format-standard","5":"has-post-thumbnail","7":"category-cyclisme","8":"tag-cycling","9":"tag-cyclisme","10":"tag-fr","11":"tag-france","12":"tag-sports"},"share_on_mastodon":{"url":"https:\/\/pubeurope.com\/@fr\/115110225092498087","error":""},"_links":{"self":[{"href":"https:\/\/www.europesays.com\/fr\/wp-json\/wp\/v2\/posts\/351399","targetHints":{"allow":["GET"]}}],"collection":[{"href":"https:\/\/www.europesays.com\/fr\/wp-json\/wp\/v2\/posts"}],"about":[{"href":"https:\/\/www.europesays.com\/fr\/wp-json\/wp\/v2\/types\/post"}],"author":[{"embeddable":true,"href":"https:\/\/www.europesays.com\/fr\/wp-json\/wp\/v2\/users\/2"}],"replies":[{"embeddable":true,"href":"https:\/\/www.europesays.com\/fr\/wp-json\/wp\/v2\/comments?post=351399"}],"version-history":[{"count":0,"href":"https:\/\/www.europesays.com\/fr\/wp-json\/wp\/v2\/posts\/351399\/revisions"}],"wp:featuredmedia":[{"embeddable":true,"href":"https:\/\/www.europesays.com\/fr\/wp-json\/wp\/v2\/media\/351400"}],"wp:attachment":[{"href":"https:\/\/www.europesays.com\/fr\/wp-json\/wp\/v2\/media?parent=351399"}],"wp:term":[{"taxonomy":"category","embeddable":true,"href":"https:\/\/www.europesays.com\/fr\/wp-json\/wp\/v2\/categories?post=351399"},{"taxonomy":"post_tag","embeddable":true,"href":"https:\/\/www.europesays.com\/fr\/wp-json\/wp\/v2\/tags?post=351399"}],"curies":[{"name":"wp","href":"https:\/\/api.w.org\/{rel}","templated":true}]}}