{"id":351401,"date":"2025-08-29T04:43:12","date_gmt":"2025-08-29T04:43:12","guid":{"rendered":"https:\/\/www.europesays.com\/fr\/351401\/"},"modified":"2025-08-29T04:43:12","modified_gmt":"2025-08-29T04:43:12","slug":"la-derniere-liste-des-bleuets-avant-le-mondial","status":"publish","type":"post","link":"https:\/\/www.europesays.com\/fr\/351401\/","title":{"rendered":"la derni\u00e8re liste des Bleuets avant le Mondial"},"content":{"rendered":"<p>Zapping Foot National Les Petits Princes du Rocher, immersion dans le Groupe \u00c9lite de l\u2019AS Monaco !<\/p>\n<p>Une derni\u00e8re danse avant le plus gros tournoi de la cat\u00e9gorie. Ce jeudi 28 ao\u00fbt, la F\u00e9d\u00e9ration Fran\u00e7aise de Football (FFF) a effectivement d\u00e9voil\u00e9 la liste de Bernard Diom\u00e8de pour le premier rassemblement de la saison de l\u2019\u00c9quipe de France U20. La s\u00e9lection tricolore affrontera l\u2019Espagne \u00e0 deux reprises, au CNF Clairefontaine, les jeudi 4 et dimanche 7 septembre, dans le cadre d\u2019une double-confrontation amicale. Vainqueurs du tournoi Maurice Revello, les Bleuets pr\u00e9parent la Coupe du monde U20 (27 septembre au 19 octobre) au Chili.<\/p>\n<p>Les joueurs convoqu\u00e9s par Bernard Diom\u00e8de<\/p>\n<ul>\n<li>Gardiens : Justin Bengui &#8211; Alexis Mirbach &#8211; Lisandru Olmeta<\/li>\n<li>D\u00e9fenseurs : Steven Baseya &#8211; Anthony Bermont &#8211; Gady Beyuku &#8211; Justin Bourgault &#8211; Jaydee Canvot &#8211; Bradel Kiwa &#8211; Aboubaka Soumahoro &#8211; Elyaz Zidane<\/li>\n<li>Milieux : Darryl Bakola &#8211; Aladji Bamba &#8211; Mayssam Benama &#8211; Khalis Merah &#8211; Rabby Nzingoula &#8211; Dehmaine Tabibou &#8211; Ilan Tour\u00e9<\/li>\n<li>Attaquants : Keyliane Abdallah &#8211; Mathys Detourbet &#8211; Lucas Michal &#8211; Steve Ngoura &#8211; Joan Tincres &#8211; Robinio Vaz<\/li>\n<\/ul>\n<p>Partagez cette info avec vos amis et vos proches en cliquant ici<br \/>Pour r\u00e9sumer<\/p>\n<p>Une derni\u00e8re danse avant le plus gros tournoi de la cat\u00e9gorie. Ce jeudi 28 ao\u00fbt, la F\u00e9d\u00e9ration Fran\u00e7aise de Football (FFF) a effectivement d\u00e9voil\u00e9 la liste de Bernard Diom\u00e8de pour le premier rassemblement de la saison de l\u2019\u00c9quipe de France U20.<\/p>\n<p> <img decoding=\"async\" width=\"76\" height=\"76\" loading=\"lazy\" src=\"https:\/\/static.wui.fr\/images_v3\/avatar-footnational.png\" alt=\"Youcef Ghalaza-Boudra\"\/><\/p>\n","protected":false},"excerpt":{"rendered":"Zapping Foot National Les Petits Princes du Rocher, immersion dans le Groupe \u00c9lite de l\u2019AS Monaco ! Une&hellip;\n","protected":false},"author":2,"featured_media":351402,"comment_status":"","ping_status":"","sticky":false,"template":"","format":"standard","meta":{"footnotes":""},"categories":[1410],"tags":[63,1011,27,60],"class_list":{"0":"post-351401","1":"post","2":"type-post","3":"status-publish","4":"format-standard","5":"has-post-thumbnail","7":"category-football","8":"tag-football","9":"tag-fr","10":"tag-france","11":"tag-sports"},"share_on_mastodon":{"url":"https:\/\/pubeurope.com\/@fr\/115110229037489576","error":""},"_links":{"self":[{"href":"https:\/\/www.europesays.com\/fr\/wp-json\/wp\/v2\/posts\/351401","targetHints":{"allow":["GET"]}}],"collection":[{"href":"https:\/\/www.europesays.com\/fr\/wp-json\/wp\/v2\/posts"}],"about":[{"href":"https:\/\/www.europesays.com\/fr\/wp-json\/wp\/v2\/types\/post"}],"author":[{"embeddable":true,"href":"https:\/\/www.europesays.com\/fr\/wp-json\/wp\/v2\/users\/2"}],"replies":[{"embeddable":true,"href":"https:\/\/www.europesays.com\/fr\/wp-json\/wp\/v2\/comments?post=351401"}],"version-history":[{"count":0,"href":"https:\/\/www.europesays.com\/fr\/wp-json\/wp\/v2\/posts\/351401\/revisions"}],"wp:featuredmedia":[{"embeddable":true,"href":"https:\/\/www.europesays.com\/fr\/wp-json\/wp\/v2\/media\/351402"}],"wp:attachment":[{"href":"https:\/\/www.europesays.com\/fr\/wp-json\/wp\/v2\/media?parent=351401"}],"wp:term":[{"taxonomy":"category","embeddable":true,"href":"https:\/\/www.europesays.com\/fr\/wp-json\/wp\/v2\/categories?post=351401"},{"taxonomy":"post_tag","embeddable":true,"href":"https:\/\/www.europesays.com\/fr\/wp-json\/wp\/v2\/tags?post=351401"}],"curies":[{"name":"wp","href":"https:\/\/api.w.org\/{rel}","templated":true}]}}