{"id":351404,"date":"2025-08-29T04:45:14","date_gmt":"2025-08-29T04:45:14","guid":{"rendered":"https:\/\/www.europesays.com\/fr\/351404\/"},"modified":"2025-08-29T04:45:14","modified_gmt":"2025-08-29T04:45:14","slug":"jean-charles-est-photographe-de-courses-hippiques-a-linternational","status":"publish","type":"post","link":"https:\/\/www.europesays.com\/fr\/351404\/","title":{"rendered":"Jean-Charles est photographe de courses hippiques \u00e0 l&rsquo;international"},"content":{"rendered":"<p>            Par<br \/>\n        <strong><br \/>\n            <a href=\"https:\/\/actu.fr\/auteur\/flavien-fritz-actu-fr\" title=\"Consulter tous les articles de Flavien Fritz\" rel=\"nofollow noopener\" target=\"_blank\">Flavien Fritz<\/a><br \/>\n        <\/strong><\/p>\n<p>        Publi\u00e9 le<\/p>\n<p>            28 ao\u00fbt 2025 \u00e0 8h47        <\/p>\n<p>\u00ab La semaine derni\u00e8re, j\u2019\u00e9tais \u00e0 York (Angleterre) \u00bb, entame Jean-Charles Briens, 61\u00a0ans, <b>photographe sportif lors des r\u00e9unions et des courses hippiques<\/b>.<\/p>\n<p class=\" wall-content\">\u00ab C\u2019est le meilleur \u00bb, l\u2019a d\u00e9crit Yannick Meunier, le pr\u00e9sident de l\u2019hippodrome de la Malbrande, aux <a href=\"https:\/\/actu.fr\/pays-de-la-loire\/les-sables-d-olonne_85194\" rel=\"nofollow noopener\" target=\"_blank\">Sables-d\u2019Olonne<\/a>. Difficile de lui donner tort quand on conna\u00eet les sollicitations que re\u00e7oit Jean-Charles \u00e0 l\u2019international. Angleterre, Australie, Japon, Arabie Saoudite, rencontre avec un <b>passionn\u00e9 de son m\u00e9tier reconnu<\/b> et demand\u00e9 par les hippodromes \u00e0 travers le monde.<\/p>\n<p>Une passion depuis 38\u00a0ans<\/p>\n<p class=\" wall-content\">En 1986, Jean-Charles Briens prend ses premi\u00e8res photos d\u2019arriv\u00e9e de course hippique pour Paris Turf et devient rapidement salari\u00e9.<\/p>\n<p class=\" wall-content\">Voil\u00e0 simplement comment il est <b>entr\u00e9 dans le monde de la photographie<\/b>. Mais avant d\u2019atteindre une renomm\u00e9e internationale, Jean-Charles a beaucoup pratiqu\u00e9.<\/p>\n<blockquote class=\"ac-article-quote wall-content\">\n<p>\u00ab \u00c0 force j\u2019ai une certaine id\u00e9e de comment faire. Pour moi la photographie d\u2019arriv\u00e9e maintenant, c\u2019est banal. C\u2019est la r\u00e9p\u00e9tition du travail qui fait \u00e7a. \u00bb<\/p>\n<\/blockquote>\n<p>Dans le monde entier<\/p>\n<p class=\" wall-content\">\u00ab Je voyage beaucoup \u00bb, confie Jean-Charles. Des hippodromes \u00e0 travers le monde, il en a vu \u00e9norm\u00e9ment.<\/p>\n<p>Vid\u00e9os : en ce moment sur Actu<\/p>\n<p class=\" wall-content\">M\u00eame si en France, \u00ab les gens aiment beaucoup les courses, ils aiment venir \u00bb, rien ne surpasse la <b>ferveur japonaise<\/b>. \u00ab J\u2019aime beaucoup le Japon. Il y a une vraie ferveur. Ils vivent la course \u00e0 2000 \u00e0 l\u2019heure. C\u2019est un sport national, c\u2019est plus qu\u2019une course \u00bb, assure Jean-Charles.<\/p>\n<p class=\" wall-content\">\u00ab Ce sont des gens passionn\u00e9s, cultiv\u00e9s. C\u2019est un autre monde, une autre ambiance. Ils parient comme des malades, ce sont des joueurs inv\u00e9t\u00e9r\u00e9s. La veille de la course, ils dorment dans le m\u00e9tro. \u00bb<\/p>\n<p>Votre r\u00e9gion, votre actu !<\/p>\n<p>Recevez chaque jour les infos qui comptent pour vous.<\/p>\n<p>\t<a href=\"https:\/\/actu.fr\/newsletter\" class=\"ac-btn ac-btn--corner ac-btn--medium ac-btn--blue800\" rel=\"nofollow noopener\" target=\"_blank\">S&rsquo;incrire<\/a><\/p>\n<p class=\" wall-content\">Et au Japon, Jean-Charles a la chance de<b> partager cette passion avec un ami<\/b>. \u00ab Depuis 7\u00a0ans, le meilleur jockey au Japon est fran\u00e7ais (Christophe Lemaire). C\u2019est devenu une m\u00e9ga star l\u00e0-bas. Il est oblig\u00e9 de sortir avec casquette et lunettes de soleil sinon les gens l\u2019arr\u00eatent dans la rue, ils le reconnaissent. J\u2019ai le privil\u00e8ge de vivre \u00e7a avec lui, \u00e0 ses c\u00f4t\u00e9s \u00bb, se r\u00e9jouit Jean-Charles.<\/p>\n<p class=\" wall-content\">L\u2019Australie \u00e9galement est <b>un des pays pr\u00e9f\u00e9r\u00e9s de Jean-Charles Brien<\/b>s. \u00ab La Melbourne Cup, \u00e7a se dispute le premier mardi de novembre. Le public est l\u00e0 d\u00e8s 8 h 30 le matin. L\u00e0-bas, certains ne louperont au grand jamais la Melbourne Cup. \u00bb<\/p>\n<p>La beaut\u00e9 du sport avant tout<\/p>\n<p class=\" wall-content\">Pour autant, il existe des<b> lieux boud\u00e9s<\/b> par Jean-Charles.<\/p>\n<p class=\" wall-content\">\u00c0 Ryad, en Arabie Saoudite, \u00ab il y a la course avec la plus grosse somme \u00e0 gagner (20\u00a0millions de dollars). Mais c\u2019est pourtant le pire endroit o\u00f9 j\u2019ai envie d\u2019aller \u00bb. Le manque de ferveur y est pour beaucoup.<\/p>\n<blockquote class=\"ac-article-quote wall-content\">\n<p>\u00ab Je privil\u00e9gie la beaut\u00e9 du sport. Voir des cracks, \u00e7a g\u00e9n\u00e8re une \u00e9mulation. \u00bb<\/p>\n<\/blockquote>\n<p class=\" wall-content\">C\u2019est cette partie du m\u00e9tier qu\u2019il pr\u00e9f\u00e8re. Et il est bien servi aux Sables-d\u2019Olonne. \u00ab Beaucoup de grands sont pass\u00e9s ici, \u00e0 la Malbrande \u00bb, confie Jean-Charles.<\/p>\n<p class=\" wall-content\">\u00ab On vit des moments incroyables \u00bb, se r\u00e9jouit le photographe. \u00ab C\u2019est un privil\u00e8ge de faire ce m\u00e9tier. \u00bb<\/p>\n<p class=\" wall-content\">Personnalisez votre actualit\u00e9 en ajoutant vos villes et m\u00e9dias en favori avec <a href=\"https:\/\/moncompte.actu.fr\" title=\"D\u00e9couvez Mon Actu\" rel=\"nofollow noopener\" data-trk=\"{&quot;cta&quot;:{&quot;action&quot;:&quot;https:\\\/\\\/moncompte.actu.fr&quot;,&quot;category&quot;:&quot;mon compte&quot;,&quot;from&quot;:&quot;article footer&quot;,&quot;name&quot;:&quot;Mon actu&quot;,&quot;type&quot;:&quot;cta&quot;}}\" target=\"_blank\">Mon Actu<\/a>.<\/p>\n","protected":false},"excerpt":{"rendered":"Par Flavien Fritz Publi\u00e9 le 28 ao\u00fbt 2025 \u00e0 8h47 \u00ab La semaine derni\u00e8re, j\u2019\u00e9tais \u00e0 York (Angleterre)&hellip;\n","protected":false},"author":2,"featured_media":351405,"comment_status":"","ping_status":"","sticky":false,"template":"","format":"standard","meta":{"footnotes":""},"categories":[1358],"tags":[1348,1384,1385,1386,58,59,1011,27,104],"class_list":{"0":"post-351404","1":"post","2":"type-post","3":"status-publish","4":"format-standard","5":"has-post-thumbnail","7":"category-arts-et-design","8":"tag-arts","9":"tag-arts-and-design","10":"tag-arts-et-design","11":"tag-design","12":"tag-divertissement","13":"tag-entertainment","14":"tag-fr","15":"tag-france","16":"tag-societe"},"share_on_mastodon":{"url":"https:\/\/pubeurope.com\/@fr\/115110236879132334","error":""},"_links":{"self":[{"href":"https:\/\/www.europesays.com\/fr\/wp-json\/wp\/v2\/posts\/351404","targetHints":{"allow":["GET"]}}],"collection":[{"href":"https:\/\/www.europesays.com\/fr\/wp-json\/wp\/v2\/posts"}],"about":[{"href":"https:\/\/www.europesays.com\/fr\/wp-json\/wp\/v2\/types\/post"}],"author":[{"embeddable":true,"href":"https:\/\/www.europesays.com\/fr\/wp-json\/wp\/v2\/users\/2"}],"replies":[{"embeddable":true,"href":"https:\/\/www.europesays.com\/fr\/wp-json\/wp\/v2\/comments?post=351404"}],"version-history":[{"count":0,"href":"https:\/\/www.europesays.com\/fr\/wp-json\/wp\/v2\/posts\/351404\/revisions"}],"wp:featuredmedia":[{"embeddable":true,"href":"https:\/\/www.europesays.com\/fr\/wp-json\/wp\/v2\/media\/351405"}],"wp:attachment":[{"href":"https:\/\/www.europesays.com\/fr\/wp-json\/wp\/v2\/media?parent=351404"}],"wp:term":[{"taxonomy":"category","embeddable":true,"href":"https:\/\/www.europesays.com\/fr\/wp-json\/wp\/v2\/categories?post=351404"},{"taxonomy":"post_tag","embeddable":true,"href":"https:\/\/www.europesays.com\/fr\/wp-json\/wp\/v2\/tags?post=351404"}],"curies":[{"name":"wp","href":"https:\/\/api.w.org\/{rel}","templated":true}]}}