{"id":351406,"date":"2025-08-29T04:46:31","date_gmt":"2025-08-29T04:46:31","guid":{"rendered":"https:\/\/www.europesays.com\/fr\/351406\/"},"modified":"2025-08-29T04:46:31","modified_gmt":"2025-08-29T04:46:31","slug":"nathacha-appanah-dans-la-spirale-des-violences-masculines","status":"publish","type":"post","link":"https:\/\/www.europesays.com\/fr\/351406\/","title":{"rendered":"Nathacha Appanah dans la spirale des violences masculines"},"content":{"rendered":"<p>                         <img loading=\"lazy\" decoding=\"async\" src=\"https:\/\/www.europesays.com\/fr\/wp-content\/uploads\/2025\/08\/18b4d07_upload-1-zgesan1cjusa-015968-002.jpg\" alt=\"L\u2019\u00e9crivaine mauricienne Nathacha Appanah, \u00e0 Paris, le 15\u00a0juillet 2025.\"   width=\"664\" height=\"443\"\/>    L\u2019\u00e9crivaine mauricienne Nathacha Appanah, \u00e0 Paris, le 15\u00a0juillet 2025.  FRANKENBERG ROBERTO\/MODDS                  <\/p>\n<p class=\"catcher__desc\">\u00ab\u00a0La Nuit au c\u0153ur\u00a0\u00bb, de Nathacha Appanah, Gallimard, 286 p., 21\u00a0\u20ac, num\u00e9rique 15\u00a0\u20ac.<\/p>\n<p class=\"article__paragraph  \">Hic sunt dracones. \u00ab\u00a0Ici sont les dragons.\u00a0\u00bb Cet avertissement des cartes anciennes, plac\u00e9 aux confins des mondes explor\u00e9s, pourrait servir d\u2019exergue au nouveau livre de Nathacha Appanah. Les monstres qu\u2019elle y r\u00e9v\u00e8le, qu\u2019elle y assigne, n\u2019ont toutefois rien de cr\u00e9atures mythologiques. La Nuit au c\u0153ur tresse \u00e9troitement trois histoires de femmes victimes de la violence furieuse de leurs maris, de leurs compagnons, devenus leurs bourreaux. Deux en sont mortes. Celle qui en a r\u00e9chapp\u00e9 \u00e9crit.<\/p>\n<p class=\"article__paragraph  \">Elle avait pourtant pens\u00e9 qu\u2019elle avait d\u00e9j\u00e0 tout dit. Et qu\u2019une phrase suffisait, d\u2019ailleurs. Dans le premier des courts textes de son <a href=\"https:\/\/www.lemonde.fr\/livres\/article\/2016\/09\/22\/nathacha-appanah-a-mal-a-mayotte_5001680_3260.html\" rel=\"nofollow noopener\" target=\"_blank\">Petit Eloge des fant\u00f4mes<\/a> (Gallimard, 2016), o\u00f9 elle \u00e9voque sa grand-m\u00e8re et la derni\u00e8re visite qu\u2019elle lui fit \u00e0 l\u2019h\u00f4pital, Nathacha Appanah glissait juste\u00a0: \u00ab\u00a0J\u2019avais 21\u00a0ans \u00e0 peine, je vivais sous l\u2019emprise d\u2019un homme au g\u00e9nie sombre et violent, et je n\u2019en menais pas large.\u00a0\u00bb Mais voici qu\u2019aujourd\u2019hui elle revient explorer cette aventure douloureuse, trouble, dont elle a r\u00e9ussi \u00e0 se sauver. Voici qu\u2019enfin elle parvient \u00e0 trouver les mots pour arracher \u00e0 l\u2019\u00e9touffant silence les ann\u00e9es de soumission, de d\u00e9pendance, d\u2019humiliation, de contrainte, d\u2019intimidations, de brutalit\u00e9, de terreur, dans lesquelles a \u00e9t\u00e9 engloutie sa jeunesse. Elle a 17\u00a0ans lorsqu\u2019elle remporte le prix d\u2019un concours de nouvelles organis\u00e9 par un quotidien de l\u2019\u00eele Maurice. La r\u00e9daction lui d\u00e9p\u00eache un journaliste pour l\u2019interviewer. Il est aussi \u00e9crivain, po\u00e8te. \u00ab\u00a0La litt\u00e9rature exerce sur moi un pouvoir immense et c\u2019est ici ma faiblesse, c\u2019est ici mon secret.\u00a0\u00bb Cet homme, de trente ans son a\u00een\u00e9, va patiemment la capturer. En faire sa proie. La d\u00e9vorer.<\/p>\n<p class=\"reading-mode-only \"><strong>Il vous reste 61.27% de cet article \u00e0 lire. La suite est r\u00e9serv\u00e9e aux abonn\u00e9s.<\/strong><\/p>\n","protected":false},"excerpt":{"rendered":"L\u2019\u00e9crivaine mauricienne Nathacha Appanah, \u00e0 Paris, le 15\u00a0juillet 2025. FRANKENBERG ROBERTO\/MODDS \u00ab\u00a0La Nuit au c\u0153ur\u00a0\u00bb, de Nathacha Appanah,&hellip;\n","protected":false},"author":2,"featured_media":351407,"comment_status":"","ping_status":"","sticky":false,"template":"","format":"standard","meta":{"footnotes":""},"categories":[1357],"tags":[1379,58,59,1011,27,1380],"class_list":{"0":"post-351406","1":"post","2":"type-post","3":"status-publish","4":"format-standard","5":"has-post-thumbnail","7":"category-livres","8":"tag-books","9":"tag-divertissement","10":"tag-entertainment","11":"tag-fr","12":"tag-france","13":"tag-livres"},"share_on_mastodon":{"url":"https:\/\/pubeurope.com\/@fr\/115110241088871573","error":""},"_links":{"self":[{"href":"https:\/\/www.europesays.com\/fr\/wp-json\/wp\/v2\/posts\/351406","targetHints":{"allow":["GET"]}}],"collection":[{"href":"https:\/\/www.europesays.com\/fr\/wp-json\/wp\/v2\/posts"}],"about":[{"href":"https:\/\/www.europesays.com\/fr\/wp-json\/wp\/v2\/types\/post"}],"author":[{"embeddable":true,"href":"https:\/\/www.europesays.com\/fr\/wp-json\/wp\/v2\/users\/2"}],"replies":[{"embeddable":true,"href":"https:\/\/www.europesays.com\/fr\/wp-json\/wp\/v2\/comments?post=351406"}],"version-history":[{"count":0,"href":"https:\/\/www.europesays.com\/fr\/wp-json\/wp\/v2\/posts\/351406\/revisions"}],"wp:featuredmedia":[{"embeddable":true,"href":"https:\/\/www.europesays.com\/fr\/wp-json\/wp\/v2\/media\/351407"}],"wp:attachment":[{"href":"https:\/\/www.europesays.com\/fr\/wp-json\/wp\/v2\/media?parent=351406"}],"wp:term":[{"taxonomy":"category","embeddable":true,"href":"https:\/\/www.europesays.com\/fr\/wp-json\/wp\/v2\/categories?post=351406"},{"taxonomy":"post_tag","embeddable":true,"href":"https:\/\/www.europesays.com\/fr\/wp-json\/wp\/v2\/tags?post=351406"}],"curies":[{"name":"wp","href":"https:\/\/api.w.org\/{rel}","templated":true}]}}