{"id":351408,"date":"2025-08-29T04:47:10","date_gmt":"2025-08-29T04:47:10","guid":{"rendered":"https:\/\/www.europesays.com\/fr\/351408\/"},"modified":"2025-08-29T04:47:10","modified_gmt":"2025-08-29T04:47:10","slug":"comment-francois-bayrou-tente-de-dejouer-les-pronostics-sur-le-vote-de-confiance-du-8-septembre","status":"publish","type":"post","link":"https:\/\/www.europesays.com\/fr\/351408\/","title":{"rendered":"comment Fran\u00e7ois Bayrou tente de d\u00e9jouer les pronostics sur le vote de confiance du 8 septembre"},"content":{"rendered":"<p>\n  Alors que les oppositions de gauche comme d&rsquo;extr\u00eame droite ont annonc\u00e9 qu&rsquo;elles voteraient contre lui, le Premier ministre compte marteler jusqu&rsquo;au bout son message sur l&rsquo;urgence de d\u00e9sendetter le pays avec un budget de rigueur, dans l&rsquo;espoir de renverser la situation. Ou, du moins, de soigner sa sortie.\n<\/p>\n<p>Il a d\u00e9clench\u00e9 lui-m\u00eame le compte \u00e0 rebours. Fran\u00e7ois Bayrou n&rsquo;a plus que dix jours, vendredi 29\u00a0ao\u00fbt, pour tenter de d\u00e9mentir les pronostics sur le vote de confiance <a href=\"https:\/\/www.franceinfo.fr\/economie\/budget\/francois-bayrou-va-demander-la-confiance-de-l-assemblee-nationale-le-8-septembre_7454134.html\" rel=\"nofollow noopener\" target=\"_blank\">qu&rsquo;il a convoqu\u00e9 \u00e0 l&rsquo;Assembl\u00e9e nationale<\/a>, lundi 8\u00a0septembre. Pour l&rsquo;heure, les d\u00e9put\u00e9s du Parti socialiste (PS) et du Rassemblement national (RN), dont il esp\u00e9rait l&rsquo;abstention, ont annonc\u00e9 qu&rsquo;ils voteraient contre le Premier ministre, tout comme les trois autres partis de gauche et les alli\u00e9s ciottistes de Marine Le Pen, privant le B\u00e9arnais d&rsquo;une majorit\u00e9 et pr\u00e9cipitant son d\u00e9part de Matignon.<strong> <\/strong>\u00ab\u00a0Aujourd&rsquo;hui, a priori, on ne peut pas obtenir la confiance\u00a0\u00bb, a-t-il reconnu, lors de son interview au journal de 20 heures de TF1, mercredi. Malgr\u00e9 ce pronostic implacable, le chef du gouvernement mart\u00e8le qu&rsquo;il esp\u00e8re inverser la tendance.\u00a0<\/p>\n<p>\u00ab\u00a0Il reste douze jours et douze jours, c&rsquo;est tr\u00e8s, tr\u00e8s long pour parler\u00a0\u00bb, a-t-il d\u00e9clar\u00e9, semblant consid\u00e9rer qu&rsquo;il peut encore convaincre des d\u00e9put\u00e9s PS et RN de changer d&rsquo;avis dans ce laps de temps. Mardi, lors du petit d\u00e9jeuner rassemblant les chefs de parti du socle commun \u00e0 Matignon, le Palois avait d\u00e9j\u00e0 demand\u00e9 \u00e0 ses troupes de rester combatives et partag\u00e9 son espoir que les choses \u00ab\u00a0bougent\u00a0\u00bb d&rsquo;ici au scrutin crucial.\u00a0\u00ab\u00a0Pourquoi pas ?\u00a0\u00bb commente \u00e0 franceinfo Erwan Balanant, d\u00e9put\u00e9 MoDem du Finist\u00e8re. \u00ab\u00a0J&rsquo;ai \u00e9t\u00e9 \u00e9tonn\u00e9 de la pr\u00e9cipitation avec laquelle le PS a dit ce qu&rsquo;il allait faire. Donc je me dis qu&rsquo;il y a une possibilit\u00e9 de rattrapage pour quelques-uns des d\u00e9put\u00e9s, mais \u00e7a va \u00eatre compliqu\u00e9\u00a0\u00bb, poursuit-il.\u00a0<\/p>\n<p>Lors de <a href=\"https:\/\/www.franceinfo.fr\/politique\/francois-bayrou\/vote-du-8-septembre-a-l-assemblee-nationale-aujourd-hui-a-priori-on-ne-peut-pas-obtenir-la-confiance-affirme-francois-bayrou_7458172.html\" rel=\"nofollow noopener\" target=\"_blank\">son intervention t\u00e9l\u00e9vis\u00e9e<\/a> mercredi soir, Fran\u00e7ois Bayrou n&rsquo;a pas abattu de nouvelles cartes. Le centriste a simplement r\u00e9p\u00e9t\u00e9 qu&rsquo;il \u00e9tait \u00ab\u00a0pr\u00eat \u00e0 ouvrir toutes les n\u00e9gociations n\u00e9cessaires avec les oppositions, \u00e0 la condition pr\u00e9alable qu&rsquo;on s&rsquo;entende sur l&rsquo;importance de l&rsquo;effort\u00a0\u00bb. Pas de quoi convaincre les socialistes. \u00ab\u00a0Rien de ce qu&rsquo;il n&rsquo;a dit mercredi n&rsquo;est de nature \u00e0 nous pousser \u00e0 commencer \u00e0 r\u00e9fl\u00e9chir \u00e0 \u00e9ventuellement modifier notre position\u00a0\u00bb, r\u00e9agit Dieynaba Diop, d\u00e9put\u00e9e des Yvelines. Le chef du gouvernement a aussi commis une maladresse en d\u00e9clarant ne pas avoir re\u00e7u les chefs de parti en ao\u00fbt \u00ab\u00a0parce qu&rsquo;ils \u00e9taient en vacances\u00a0\u00bb, ce qui n&rsquo;a pas manqu\u00e9 de <a href=\"https:\/\/www.franceinfo.fr\/politique\/francois-bayrou\/inflexibilite-desinvolture-d-un-premier-ministre-qui-effraye-et-ment-les-reactions-politiques-apres-l-interview-de-francois-bayrou-sur-tf1_7458052.html\" rel=\"nofollow noopener\" target=\"_blank\">braquer les oppositions<\/a>. La patronne des d\u00e9put\u00e9s RN, Marine Le Pen, a aussit\u00f4t d\u00e9nonc\u00e9 sur X un \u00ab\u00a0mensonge\u00a0\u00bb.\u00a0\u00ab\u00a0Plus Fran\u00e7ois Bayrou parle, et plus il radicalise les groupes d&rsquo;opposition dans le fait de voter contre le vote de confiance\u00a0\u00bb, a cingl\u00e9 de son c\u00f4t\u00e9 l&rsquo;insoumis Eric Coquerel, au micro de franceinfo mercredi.<\/p>\n<blockquote class=\"twitter-tweet\">\n<p lang=\"fr\" dir=\"ltr\">Monsieur le Premier ministre, vous dites ne pas aimer la ruse\u2026 Pour ma part, je n\u2019aime pas le mensonge. <\/p>\n<p>Contrairement \u00e0 ce que vous avez affirm\u00e9 devant des millions de Fran\u00e7ais au 20h de TF1, le Rassemblement national n\u2019\u00e9tait pas \u00ab en vacances \u00bb. <\/p>\n<p>Tout le monde peut v\u00e9rifier\u2026<\/p>\n<p>\u2014 Marine Le Pen (@MLP_officiel) <a href=\"https:\/\/twitter.com\/MLP_officiel\/status\/1960785954903359810?ref_src=twsrc%5Etfw\" rel=\"nofollow noopener\" target=\"_blank\">August 27, 2025<\/a><\/p><\/blockquote>\n<p>L&rsquo;affaire semble mal engag\u00e9e, mais pour tenter d&rsquo;infl\u00e9chir la ligne des oppositions, Fran\u00e7ois Bayrou est revenu \u00e0 sa m\u00e9thode\u00a0: la concertation. Lundi 1er\u00a0septembre \u00e0 Matignon, il a convoqu\u00e9 une r\u00e9union des chefs de parti et des patrons de groupes parlementaires. Si le RN a r\u00e9pondu pr\u00e9sent, il a d\u00e9j\u00e0 pr\u00e9venu que sa participation serait sans cons\u00e9quence sur le vote du 8\u00a0septembre. \u00ab\u00a0Too late, trop tard. Monsieur le Premier ministre, vous avez laiss\u00e9 beaucoup d&rsquo;occasions de construire un budget au b\u00e9n\u00e9fice des Fran\u00e7ais, a tranch\u00e9 S\u00e9bastien Chenu, vice-pr\u00e9sident du RN, sur <a href=\"https:\/\/www.tf1info.fr\/politique\/le-rn-ouvert-a-une-rencontre-a-matignon-meme-s-il-est-trop-tard-declare-sebastien-chenu-sur-tf1-2391225.html\" target=\"_blank\" rel=\"noopener nofollow\">TF1<\/a> jeudi. La page est tourn\u00e9e, le dialogue, c&rsquo;\u00e9tait avant\u00a0\u00bb, poursuit-il.\u00a0<\/p>\n<p>Du c\u00f4t\u00e9 de la gauche, LFI a d\u00e9clin\u00e9 l&rsquo;invitation. \u00ab\u00a0Nous n&rsquo;avons donc nullement l&rsquo;intention de participer \u00e0 l&rsquo;op\u00e9ration de sauvetage que le Premier ministre tente d\u00e9sormais d&rsquo;initier\u00a0\u00bb, explique Manuel Bompard, coordinateur du mouvement de Jean-Luc M\u00e9l\u00e9nchon. Les Ecologistes ont eux aussi refus\u00e9 de \u00ab\u00a0rencontrer une \u00e9ni\u00e8me fois Fran\u00e7ois Bayrou\u00a0\u00bb, expliquent-ils <a href=\"https:\/\/x.com\/EELV\/status\/1961101651688788463\" target=\"_blank\" rel=\"noopener nofollow\">dans un communiqu\u00e9<\/a> publi\u00e9 jeudi soir. \u00ab\u00a0Comme d&rsquo;habitude, il a mis la charrue avant les b\u0153ufs. Il a fait cette proposition dans les m\u00e9dias avant de nous en parler\u00a0\u00bb, regrette une \u00e9lue \u00e9cologiste.\u00a0<\/p>\n<blockquote class=\"twitter-tweet\">\n<p lang=\"fr\" dir=\"ltr\">Apr\u00e8s avoir annonc\u00e9 un vote de confiance le 8 septembre, M. Bayrou tente de sauver sa t\u00eate en convoquant les partis politiques la semaine prochaine.<\/p>\n<p>La France insoumise a d\u00e9j\u00e0 d\u00e9pos\u00e9 8 motions de censure contre le gouvernement cette ann\u00e9e. En toute coh\u00e9rence, les parlementaires\u2026<\/p>\n<p>\u2014 Manuel Bompard (@mbompard) <a href=\"https:\/\/twitter.com\/mbompard\/status\/1961001936422944974?ref_src=twsrc%5Etfw\" rel=\"nofollow noopener\" target=\"_blank\">August 28, 2025<\/a><\/p><\/blockquote>\n<p>Quant au PS, s&rsquo;il se rend lundi \u00e0 Matignon, ce sera pour pr\u00e9senter au B\u00e9arnais ses contre-propositions budg\u00e9taires, qu&rsquo;il d\u00e9voilera samedi dans le cadre de son universit\u00e9 d&rsquo;\u00e9t\u00e9 \u00e0 Blois. Si jamais Fran\u00e7ois Bayrou s&rsquo;engageait \u00e0 reprendre une ou plusieurs de leurs mesures, les d\u00e9put\u00e9s socialistes pourraient-ils revoir leur position\u00a0? \u00ab\u00a0Ce n&rsquo;est pas parce qu&rsquo;il va l\u00e2cher sur un ou deux jours f\u00e9ri\u00e9s que \u00e7a va changer la situation, commente Dieynaba Diop, \u00e9lue des Yvelines. Nous sommes face \u00e0 deux doctrines oppos\u00e9es pour r\u00e9duire la dette publique.\u00a0\u00bb<\/p>\n<p>En parall\u00e8le de ces n\u00e9gociations politiques, Fran\u00e7ois Bayrou travaille l&rsquo;opinion publique. Depuis lundi, il multiplie les interventions : mardi aux <a href=\"https:\/\/www.franceinfo.fr\/economie\/budget\/budget-2026-francois-bayrou-se-dit-pret-a-demander-un-effort-specifique-aux-plus-hauts-revenus_7455859.html\" rel=\"nofollow noopener\" target=\"_blank\">universit\u00e9s d&rsquo;\u00e9t\u00e9 du syndicat r\u00e9formiste CFDT<\/a>, mercredi <a href=\"https:\/\/www.franceinfo.fr\/politique\/francois-bayrou\/vote-du-8-septembre-a-l-assemblee-nationale-aujourd-hui-a-priori-on-ne-peut-pas-obtenir-la-confiance-affirme-francois-bayrou_7458172.html\" rel=\"nofollow noopener\" target=\"_blank\">sur le plateau de TF1<\/a>, jeudi au rassemblement du Medef et vendredi \u00e0 la foire de Ch\u00e2lons. Devant l&rsquo;organisation patronale, jeudi, il a de nouveau dramatis\u00e9 la situation du pays et plaid\u00e9 pour une \u00ab\u00a0prise de conscience\u00a0\u00bb des Fran\u00e7ais sur le \u00ab\u00a0danger\u00a0\u00bb de la dette. En marge de son discours, il a fait part de son espoir. \u00ab\u00a0Je suis persuad\u00e9 que cette question commence \u00e0 travailler dans l&rsquo;esprit de beaucoup de nos compatriotes\u00a0\u00bb, a-t-il d\u00e9clar\u00e9, ajoutant\u00a0: \u00ab\u00a0Et je suis certain que tout peut bouger dans les onze jours qui viennent, \u00e0 condition qu&rsquo;on s&rsquo;engage, \u00e0 condition qu&rsquo;on n&rsquo;ait peur de rien.\u00a0\u00bb<\/p>\n<p>L&rsquo;objectif est de gagner la bataille de l&rsquo;opinion afin de mettre en porte-\u00e0-faux les oppositions avec les Fran\u00e7ais. \u00ab\u00a0Je ne vois pas les partis rester indiff\u00e9rents aux positions de leurs \u00e9lecteurs, esp\u00e8re aupr\u00e8s de franceinfo un responsable macroniste, qui aimerait voir d&rsquo;autres relais d&rsquo;opinion se saisir du sujet de la dette. Il faut des voix dans la soci\u00e9t\u00e9 civile qui s&rsquo;\u00e9l\u00e8vent pour dire &lsquo;attention&rsquo;. Mais ce n&rsquo;est pas aux politiques de faire cela. On n&rsquo;est plus audibles\u00a0\u00bb, poursuit-il. \u00ab\u00a0Je ne suis pas s\u00fbr qu&rsquo;on arrive \u00e0 retourner l&rsquo;opinion publique en dramatisant la situation. Ce n&rsquo;est pas cela qui va faire bouger le PS\u00a0\u00bb, estime, plus pessimiste, un autre membre de la majorit\u00e9.\u00a0\u00a0<\/p>\n<p>\u00ab\u00a0Fran\u00e7ois Bayrou a 5% de chances de s&rsquo;en sortir\u00a0\u00bb, pronostique au service politique de France T\u00e9l\u00e9visions un proche d&rsquo;Emmanuel Macron. Le B\u00e9arnais se r\u00e9fugie-t-il dans la m\u00e9thode Cou\u00e9, seul ou presque \u00e0 penser qu&rsquo;il peut sauver son gouvernement le 8\u00a0septembre, ou bien soigne-t-il son image\u00a0? \u00ab\u00a0Il veut partir la t\u00eate haute, montrer qu&rsquo;il est en pleine possession de la fonction, il va jouer son r\u00f4le jusqu&rsquo;au bout\u00a0\u00bb, analyse le politologue Olivier Rouquan. \u00ab\u00a0A la fois parce qu&rsquo;il y croit : la lutte contre l&rsquo;endettement est l&rsquo;une de ses convictions fortes depuis des ann\u00e9es, mais aussi pour prendre l&rsquo;opinion \u00e0 t\u00e9moin et montrer qu&rsquo;il aura essay\u00e9\u00a0\u00bb, poursuit le chercheur associ\u00e9 au Centre d&rsquo;\u00e9tudes et de recherches de sciences administratives et politiques (Cersa). <\/p>\n<p>Alors que la classe politique tout enti\u00e8re semble d\u00e9j\u00e0 acter son d\u00e9part le 8\u00a0septembre, le centriste ne compte pas rester immobile en attendant le jour du vote, ne serait-ce que pour \u00e9pargner son image. \u00ab\u00a0Il n&rsquo;y a jamais de fatalit\u00e9, sauf si on d\u00e9cide \u00e0 l&rsquo;avance que c&rsquo;est perdu, confie Marc Fesneau, pr\u00e9sident du groupe MoDem \u00e0 l&rsquo;Assembl\u00e9e nationale. Il faut donc essayer ce registre combatif, mais il n&rsquo;est pas aveugle sur l&rsquo;arithm\u00e9tique.\u00a0\u00bb<\/p>\n<p><script async src=\"https:\/\/platform.twitter.com\/widgets.js\" charset=\"utf-8\"><\/script><\/p>\n","protected":false},"excerpt":{"rendered":"Alors que les oppositions de gauche comme d&rsquo;extr\u00eame droite ont annonc\u00e9 qu&rsquo;elles voteraient contre lui, le Premier ministre&hellip;\n","protected":false},"author":2,"featured_media":351409,"comment_status":"","ping_status":"","sticky":false,"template":"","format":"standard","meta":{"footnotes":""},"categories":[1356],"tags":[58,59,1011,27,252,1364],"class_list":{"0":"post-351408","1":"post","2":"type-post","3":"status-publish","4":"format-standard","5":"has-post-thumbnail","7":"category-television","8":"tag-divertissement","9":"tag-entertainment","10":"tag-fr","11":"tag-france","12":"tag-television","13":"tag-tv"},"share_on_mastodon":{"url":"https:\/\/pubeurope.com\/@fr\/115110244979086652","error":""},"_links":{"self":[{"href":"https:\/\/www.europesays.com\/fr\/wp-json\/wp\/v2\/posts\/351408","targetHints":{"allow":["GET"]}}],"collection":[{"href":"https:\/\/www.europesays.com\/fr\/wp-json\/wp\/v2\/posts"}],"about":[{"href":"https:\/\/www.europesays.com\/fr\/wp-json\/wp\/v2\/types\/post"}],"author":[{"embeddable":true,"href":"https:\/\/www.europesays.com\/fr\/wp-json\/wp\/v2\/users\/2"}],"replies":[{"embeddable":true,"href":"https:\/\/www.europesays.com\/fr\/wp-json\/wp\/v2\/comments?post=351408"}],"version-history":[{"count":0,"href":"https:\/\/www.europesays.com\/fr\/wp-json\/wp\/v2\/posts\/351408\/revisions"}],"wp:featuredmedia":[{"embeddable":true,"href":"https:\/\/www.europesays.com\/fr\/wp-json\/wp\/v2\/media\/351409"}],"wp:attachment":[{"href":"https:\/\/www.europesays.com\/fr\/wp-json\/wp\/v2\/media?parent=351408"}],"wp:term":[{"taxonomy":"category","embeddable":true,"href":"https:\/\/www.europesays.com\/fr\/wp-json\/wp\/v2\/categories?post=351408"},{"taxonomy":"post_tag","embeddable":true,"href":"https:\/\/www.europesays.com\/fr\/wp-json\/wp\/v2\/tags?post=351408"}],"curies":[{"name":"wp","href":"https:\/\/api.w.org\/{rel}","templated":true}]}}